{"id":7597,"date":"2020-07-12T15:18:12","date_gmt":"2020-07-12T15:18:12","guid":{"rendered":"http:\/\/elterritorialweb.com.ar\/web\/?p=7597"},"modified":"2020-07-12T15:19:15","modified_gmt":"2020-07-12T15:19:15","slug":"la-comuna-labro-infracciones-en-locales-gastronomicos-por-no-respetar-el-protocolo-establecido","status":"publish","type":"post","link":"http:\/\/elterritorialweb.com.ar\/web\/la-comuna-labro-infracciones-en-locales-gastronomicos-por-no-respetar-el-protocolo-establecido\/","title":{"rendered":"LA COMUNA LABR\u00d3 INFRACCIONES EN LOCALES GASTRON\u00d3MICOS POR NO RESPETAR EL PROTOCOLO ESTABLECIDO"},"content":{"rendered":"\n<p>La Municipalidad labr\u00f3 infracciones a locales gastron\u00f3micos que tienen actividades nocturnas por no respetar el distanciamiento social entre las mesas que se ubican dentro de los negocios.<br>Estas sanciones son aplicadas en los habituales recorridos de los inspectores de las direcciones de Rentas y de Calidad de Vida para controlar el estricto cumplimiento del protocolo establecido para estas actividades comerciales autorizadas dentro de la cuarentena por el Covid \u2013 19.<br>La tarea de supervisi\u00f3n se desarrolla de manera constante en los bares ubicados en distintos puntos de la ciudad.<br><strong>\u201cMuchos de los propietarios tomaron conciencia que deben reducir la cantidad de mesas dentro del local para respetar el distanciamiento interpersonal y ello se debe al trabajo permanente del municipio\u201d<\/strong>, indic\u00f3<strong> Moreno <\/strong>al se\u00f1alar que la tarea es realizada por personal de las \u00e1reas de Fiscalizaci\u00f3n Externas e inspectores de contralor de espect\u00e1culos p\u00fablicos.<br>Los controles nocturnos se realizan hasta las 24 cuando finaliza el horario habilitado para esta actividad. En tanto, los operativos del municipio se mantendr\u00e1n de manera sostenida. <\/p>\n","protected":false},"excerpt":{"rendered":"<p>MUNICIPALIDAD DE LA CAPITAL<\/p>\n","protected":false},"author":2,"featured_media":7598,"comment_status":"open","ping_status":"open","sticky":false,"template":"","format":"standard","meta":{"om_disable_all_campaigns":false,"_monsterinsights_skip_tracking":false,"_monsterinsights_sitenote_active":false,"_monsterinsights_sitenote_note":"","_monsterinsights_sitenote_category":0,"_uf_show_specific_survey":0,"_uf_disable_surveys":false,"jetpack_post_was_ever_published":false,"_jetpack_newsletter_access":"","_jetpack_dont_email_post_to_subs":false,"_jetpack_newsletter_tier_id":0,"_jetpack_memberships_contains_paywalled_content":false,"_jetpack_memberships_contains_paid_content":false,"footnotes":"","jetpack_publicize_message":"","jetpack_publicize_feature_enabled":true,"jetpack_social_post_already_shared":false,"jetpack_social_options":{"image_generator_settings":{"template":"highway","default_image_id":0,"font":"","enabled":false},"version":2}},"categories":[21],"tags":[],"class_list":["post-7597","post","type-post","status-publish","format-standard","has-post-thumbnail","hentry","category-locales"],"aioseo_notices":[],"views":9,"jetpack_publicize_connections":[],"jetpack_featured_media_url":"https:\/\/i0.wp.com\/elterritorialweb.com.ar\/web\/wp-content\/uploads\/2020\/07\/MUNI-INFRACCION-GASTRONOMICOS.jpg?fit=959%2C540","jetpack_sharing_enabled":true,"_links":{"self":[{"href":"http:\/\/elterritorialweb.com.ar\/web\/wp-json\/wp\/v2\/posts\/7597","targetHints":{"allow":["GET"]}}],"collection":[{"href":"http:\/\/elterritorialweb.com.ar\/web\/wp-json\/wp\/v2\/posts"}],"about":[{"href":"http:\/\/elterritorialweb.com.ar\/web\/wp-json\/wp\/v2\/types\/post"}],"author":[{"embeddable":true,"href":"http:\/\/elterritorialweb.com.ar\/web\/wp-json\/wp\/v2\/users\/2"}],"replies":[{"embeddable":true,"href":"http:\/\/elterritorialweb.com.ar\/web\/wp-json\/wp\/v2\/comments?post=7597"}],"version-history":[{"count":2,"href":"http:\/\/elterritorialweb.com.ar\/web\/wp-json\/wp\/v2\/posts\/7597\/revisions"}],"predecessor-version":[{"id":7600,"href":"http:\/\/elterritorialweb.com.ar\/web\/wp-json\/wp\/v2\/posts\/7597\/revisions\/7600"}],"wp:featuredmedia":[{"embeddable":true,"href":"http:\/\/elterritorialweb.com.ar\/web\/wp-json\/wp\/v2\/media\/7598"}],"wp:attachment":[{"href":"http:\/\/elterritorialweb.com.ar\/web\/wp-json\/wp\/v2\/media?parent=7597"}],"wp:term":[{"taxonomy":"category","embeddable":true,"href":"http:\/\/elterritorialweb.com.ar\/web\/wp-json\/wp\/v2\/categories?post=7597"},{"taxonomy":"post_tag","embeddable":true,"href":"http:\/\/elterritorialweb.com.ar\/web\/wp-json\/wp\/v2\/tags?post=7597"}],"curies":[{"name":"wp","href":"https:\/\/api.w.org\/{rel}","templated":true}]}}