{"id":7601,"date":"2020-07-12T16:52:14","date_gmt":"2020-07-12T16:52:14","guid":{"rendered":"http:\/\/elterritorialweb.com.ar\/web\/?p=7601"},"modified":"2020-07-12T16:52:15","modified_gmt":"2020-07-12T16:52:15","slug":"nuestro-trabajo-es-brindar-cuidados-de-salud-a-todas-las-personas-que-se-alojen-en-el-nodo","status":"publish","type":"post","link":"http:\/\/elterritorialweb.com.ar\/web\/nuestro-trabajo-es-brindar-cuidados-de-salud-a-todas-las-personas-que-se-alojen-en-el-nodo\/","title":{"rendered":"\u00abNUESTRO TRABAJO ES BRINDAR CUIDADOS DE SALUD A TODAS LAS PERSONAS QUE SE ALOJEN EN EL NODO\u00bb"},"content":{"rendered":"\n<p>El Ministerio de Salud, en esta ocasi\u00f3n se entrevist\u00f3 a la Dra. M\u00f3nica Salvatierra, quien se desempe\u00f1a actualmente como la coordinadora t\u00e9cnica m\u00e9dica del Centro de Aislamiento montado en el NODO TECNOL\u00d3GICO.La Dra. Salvatierra, es m\u00e9dica especialista en medicina familiar y especialista en salud social y comunitaria y en esta entrevista nos cuenta c\u00f3mo es el trabajo en el Nodo, c\u00f3mo funciona, c\u00f3mo se ha organizado el equipo y qu\u00e9 protocolos se pusieron en marcha.<\/p>\n\n\n\n<p><strong>\u00bfC\u00f3mo fue que se adapt\u00f3 este lugar, el Nodo Tecnol\u00f3gico, para que sea Centro de Aislamiento?<\/strong><\/p>\n\n\n\n<p>En primer lugar como todos saben el Nodo Tecnol\u00f3gico ha sido dise\u00f1ado para eventos sociales y cient\u00edficos y ante la situaci\u00f3n epidemiol\u00f3gica de la Pandemia gran parte del Nodo ha sido transformado, adaptado, a un centro de aislamiento preventivo sanitario, el cual hoy por hoy cuenta con 400 camas, las cuales 20 son ortop\u00e9dicas.Tambi\u00e9n contamos con una infraestructura edilicia muy favorable para manejarnos. Contamos con 24 ba\u00f1os para mujeres y hombres, duchas con agua caliente y fr\u00eda. Se han construido boxes, en cada box hay 20 camas con distanciamiento entre camas de 2 metros, esa distancia nos permite evitar la transmisi\u00f3n del virus. Cada box tiene 2 aperturas, entrada y salida para que los pacientes no tengan cruces y se mantengan aislados en su box. Esos box est\u00e1n semaforizados de color rojo, verde y amarillo seg\u00fan el lugar donde procede estas personas Tambi\u00e9n hay box de vestuarios exclusivo para el personal de salud, consultorio m\u00e9dico y box de enfermer\u00eda, dep\u00f3sito y farmacia , es ah\u00ed donde contamos con todos los medicamentos esenciales que provee el Ministerio de Salud. Ah\u00ed tambi\u00e9n se guardan las s\u00e1banas y frazadas de cada paciente y contamos con un box destinado \u00fanicamente para los hisopados, donde ingresa solamente el m\u00e9dico que va realizar el mismo con el paciente.<\/p>\n\n\n\n<figure class=\"wp-block-image size-large\"><img data-recalc-dims=\"1\" decoding=\"async\" width=\"640\" height=\"378\" data-src=\"https:\/\/i0.wp.com\/elterritorialweb.com.ar\/web\/wp-content\/uploads\/2020\/07\/entrevista-salud.jpg?resize=640%2C378\" alt=\"\" class=\"wp-image-7602 lazyload\" data-srcset=\"https:\/\/i0.wp.com\/elterritorialweb.com.ar\/web\/wp-content\/uploads\/2020\/07\/entrevista-salud.jpg?w=937 937w, https:\/\/i0.wp.com\/elterritorialweb.com.ar\/web\/wp-content\/uploads\/2020\/07\/entrevista-salud.jpg?resize=300%2C177 300w, https:\/\/i0.wp.com\/elterritorialweb.com.ar\/web\/wp-content\/uploads\/2020\/07\/entrevista-salud.jpg?resize=768%2C453 768w\" data-sizes=\"(max-width: 640px) 100vw, 640px\" src=\"data:image\/svg+xml;base64,PHN2ZyB3aWR0aD0iMSIgaGVpZ2h0PSIxIiB4bWxucz0iaHR0cDovL3d3dy53My5vcmcvMjAwMC9zdmciPjwvc3ZnPg==\" style=\"--smush-placeholder-width: 640px; --smush-placeholder-aspect-ratio: 640\/378;\" \/><\/figure>\n\n\n\n<p> <strong>\u00bfC\u00f3mo est\u00e1 organizado el recurso humano en este centro de aislamiento preventivo?<\/strong><\/p>\n\n\n\n<p>El objetivo de nuestro trabajo es brindar cuidados de salud a todas las personas que se alojan en el centro de aislamiento preventivo y realizar un control de salud de manera integral.Podemos hacerlo  porque contamos con un recurso humano importante, contamos con personal de salud de atenci\u00f3n primaria. Los 7 m\u00e9dicos de familia y generalistas que integran el equipo, provienen de las unidades sanitarias m\u00f3viles, Postas y UPAs. Tambi\u00e9n contamos con una coordinadora en enfermer\u00eda, la Lic Paredes, que tiene un equipo de 42 personas entre enfermeras y auxiliares de enfermer\u00eda con un gran desempe\u00f1o. Hacen guardias de 24 hs y turnos de 8 horas, trabajan 15 d\u00edas y 15 descansan. Las m\u00e9dicas hacen guardias pasivas si bien todas las ma\u00f1anas en el turno ma\u00f1ana siempre hay un m\u00e9dico en resto del d\u00eda nos manejamos con guardias pasivas a trav\u00e9s de video llamadas, celulares o telef\u00f3nicas, en el caso de no poderse resolver el medico ingresa al nodo nuevamente con todas las normas de seguridad. Tambi\u00e9n contamos con la presencia del ej\u00e9rcito, rol importante, se encarga de toda la parte operativa, de log\u00edstica externa y tambi\u00e9n de seguridad, distribuci\u00f3n de alimentos y otras tareas importantes. Otro recurso es el personal de limpieza y mantenimiento que es personal de nodo que se los ha capacitado con normas de bio seguridad para que puedan trabajar en el nodo.<\/p>\n\n\n\n<p><strong>\u00bfPara qui\u00e9nes est\u00e1 destinado este centro de aislamiento preventivo?<\/strong><\/p>\n\n\n\n<p>Los destinatarios de este Centro son personas que regresan a la provincia que por distintas circunstancias, no pueden cumplir el aislamiento en su domicilio y vienen al nodo para cumplir su aislamiento. En un primer momento se pens\u00f3 en los trabajadores golondrinas pero tambi\u00e9n tenemos pacientes que vienen del extranjero, estudiantes de otras provincias.<\/p>\n\n\n\n<p><strong>\u00bfHay distintos tipos de aislamiento seg\u00fan la situaci\u00f3n de la persona que ingresa?<\/strong><\/p>\n\n\n\n<p>Para una organizaci\u00f3n interna de acuerdo a la situaci\u00f3n epidemiol\u00f3gica, hemos definido en tres fases nuestro trabajo en este centro de aislamiento. Eso nos permite determinar qu\u00e9 tipo de aislamiento van a hacer las personas, porque el recurso, tanto humano como de insumos son distintos. Por ejemplo, la primera fase es la de aislamiento intermedio que es para las personas que no pueden cumplir su aislamiento en su domicilio, la segunda fase es la de aislamiento sanitario que es para las personas que han tenido contacto estrecho con casos sospechoso o casos de covid confirmados pero asintom\u00e1ticos y una tercera fase que es para asistir a los pacientes confirmados con Covid, que son los sintom\u00e1ticos leves, aquellos que tienen signos y s\u00edntomas relacionados con el Covid. Por lo tanto en esa fase contamos con m\u00e9dicos de 24 hs, de guardias fijas. <\/p>\n\n\n\n<figure class=\"wp-block-image size-large\"><img data-recalc-dims=\"1\" decoding=\"async\" width=\"640\" height=\"378\" data-src=\"https:\/\/i0.wp.com\/elterritorialweb.com.ar\/web\/wp-content\/uploads\/2020\/07\/entrevista-salud-1.jpg?resize=640%2C378\" alt=\"\" class=\"wp-image-7603 lazyload\" data-srcset=\"https:\/\/i0.wp.com\/elterritorialweb.com.ar\/web\/wp-content\/uploads\/2020\/07\/entrevista-salud-1.jpg?w=937 937w, https:\/\/i0.wp.com\/elterritorialweb.com.ar\/web\/wp-content\/uploads\/2020\/07\/entrevista-salud-1.jpg?resize=300%2C177 300w, https:\/\/i0.wp.com\/elterritorialweb.com.ar\/web\/wp-content\/uploads\/2020\/07\/entrevista-salud-1.jpg?resize=768%2C453 768w\" data-sizes=\"(max-width: 640px) 100vw, 640px\" src=\"data:image\/svg+xml;base64,PHN2ZyB3aWR0aD0iMSIgaGVpZ2h0PSIxIiB4bWxucz0iaHR0cDovL3d3dy53My5vcmcvMjAwMC9zdmciPjwvc3ZnPg==\" style=\"--smush-placeholder-width: 640px; --smush-placeholder-aspect-ratio: 640\/378;\" \/><\/figure>\n\n\n\n<p> <strong>\u00bfY c\u00f3mo es la log\u00edstica y la aplicaci\u00f3n de los protocolos que se han planteado?<\/strong><\/p>\n\n\n\n<p>En este sentido, nos dividimos en dos sectores, una coordinaci\u00f3n interna y otra externa, porque vienen micros, combis, camionetas o autos de particulares que deben ser recepcionados en la parte externa. <\/p>\n\n\n\n<p>Por ejemplo en el caso de los colectivos tenemos 2 coordinadores m\u00e9dicos que son los encargados junto a todo un equipo de atenci\u00f3n primaria conformado por agentes sanitarios y administrativos. <\/p>\n\n\n\n<p>El coordinador m\u00e9dico pide informaci\u00f3n al chofer, el chofer tiene que decir de donde procede y cu\u00e1l es el destino final, para nosotros eso es muy importante saber si ese chofer queda en la provincia porque necesitamos informar a la Secretaria T\u00e9cnica de Epidemiologia para hacer el seguimiento y la vigilancia epidemiol\u00f3gica. <\/p>\n\n\n\n<p>El chofer tambi\u00e9n va a informar cu\u00e1ntas personas vienen en el colectivo, de donde procede, una vez que tiene la informaci\u00f3n el coordinador externo informa al coordinador interno para que vaya preparando los insumos, organice la cantidad de la alimentaci\u00f3n que va ser necesaria y como se van a distribuir los pasajeros. <\/p>\n\n\n\n<p>Una vez que manejamos esa informaci\u00f3n el coordinador solicita priorizar a los pasajeros, a las embarazadas, a las personas con dificultad motriz como pacientes ancianos, descienden del micro y en ese momento se les cambia el barbijo que traen por uno que otorga el nodo, mientras tanto otro grupo le pide  a los pasajeros que se hagan un lavado de manos con alcohol al 70 % y se los invita a pasar a una carpa. <\/p>\n\n\n\n<p>Contamos con 2 carpas en la parte externa, cada carpa con 54 sillas distanciadas de pl\u00e1stico de f\u00e1cil lavado porque despu\u00e9s hay que hacer una limpieza profunda. Se los ubica, mientras tanto otro grupo est\u00e1n tomando las medidas con las valijas realizando la pulverizaci\u00f3n del equipaje. Mientras tanto el personal de Aps inicia la apertura de la historia cl\u00ednica digital ya que el \u00fanico papel que tenemos es la ficha de notificaci\u00f3n obligatoria en el caso que tengamos que hisopar. <\/p>\n\n\n\n<p>Entonces en la parte externa se hace la apertura de la historia cl\u00ednica y realiza los primeros controles de los signos vitales, si algunos de los pasajeros tiene alg\u00fan signo anormal no ingresa la nodo es derivado al Hospital Independencia si es un adulto, si es una embarazada a la Maternidad del Hospital Regional y si es un ni\u00f1o al CISB. <\/p>\n\n\n\n<p>Todo est\u00e1 protocolizado, manejamos canales de comunicaci\u00f3n con el segundo nivel. Una vez que termina ese proceso van ingresar al Nodo mientras tanto se hace una limpieza de las carpas y las sillas para esperar al pr\u00f3ximo contingente. Una vez que ingresa el pasajero no hablamos de pasajeros sino de pacientes.<\/p>\n\n\n\n<p><strong>\u00bfY una vez que los pasajeros ya est\u00e1n ingresados al Nodo?<\/strong><\/p>\n\n\n\n<p>Cuando ingresan al Nodo son pacientes con posible infecci\u00f3n por Covid hasta que se hagan las pruebas que demuestren lo contrario, all\u00ed las jefas de enfermer\u00eda hacen el ingreso de la historia cl\u00ednica junto con los m\u00e9dicos y se comienza distribuir en qu\u00e9 box va a estar el paciente. De acuerdo al lugar de procedencia tenemos el rojo que es alta circulaci\u00f3n viral, verde mediana y amarillo baja circulaci\u00f3n viral. Eso nos permite &#8211; si bien en alg\u00fan momento todo va ser de alta circulaci\u00f3n- organizarnos respecto al uso de los ba\u00f1os, cada color tiene el uso de los ba\u00f1os correspondientes, se ha dise\u00f1ado para que la persona siga el trayecto al ba\u00f1o sin que se cruce con el otro box. Eso lo hemos decidido entre salud, el ej\u00e9rcito y las autoridades ministeriales. <\/p>\n\n\n\n<p>Una vez que el paciente est\u00e1 en el interior del Nodo, tiene cama, s\u00e1banas limpias, las cuatro comidas y kits de alimentos de emergencia. Sucede que a veces llegan pasajeros a la madrugada y que han viajado m\u00e1s de 30 horas en condiciones no muy favorables y nosotros les ofrecemos un kits de emergencia. <\/p>\n\n\n\n<p>En este tiempo que est\u00e1n en el Nodo, a los 7 d\u00edas por protocolo se hace el primer hisopado y en ese periodo los m\u00e9dicos de familia hacen un control de salud. <\/p>\n\n\n\n<figure class=\"wp-block-image size-large\"><img data-recalc-dims=\"1\" decoding=\"async\" width=\"640\" height=\"369\" data-src=\"https:\/\/i0.wp.com\/elterritorialweb.com.ar\/web\/wp-content\/uploads\/2020\/07\/entrevista-salud-2-1.jpg?resize=640%2C369\" alt=\"\" class=\"wp-image-7605 lazyload\" data-srcset=\"https:\/\/i0.wp.com\/elterritorialweb.com.ar\/web\/wp-content\/uploads\/2020\/07\/entrevista-salud-2-1.jpg?w=960 960w, https:\/\/i0.wp.com\/elterritorialweb.com.ar\/web\/wp-content\/uploads\/2020\/07\/entrevista-salud-2-1.jpg?resize=300%2C173 300w, https:\/\/i0.wp.com\/elterritorialweb.com.ar\/web\/wp-content\/uploads\/2020\/07\/entrevista-salud-2-1.jpg?resize=768%2C442 768w\" data-sizes=\"(max-width: 640px) 100vw, 640px\" src=\"data:image\/svg+xml;base64,PHN2ZyB3aWR0aD0iMSIgaGVpZ2h0PSIxIiB4bWxucz0iaHR0cDovL3d3dy53My5vcmcvMjAwMC9zdmciPjwvc3ZnPg==\" style=\"--smush-placeholder-width: 640px; --smush-placeholder-aspect-ratio: 640\/369;\" \/><\/figure>\n\n\n\n<p> <strong>\u00bfQu\u00e9 significan estos controles de salud en este contexto?<\/strong><\/p>\n\n\n\n<p>Los controles de salud son una oportunidad porque a partir de ellos hemos podido detectar pacientes hipertensos que no sab\u00edan que eran hipertensos, diagn\u00f3stico de embarazadas, nosotros contamos con el test de embarazo se hizo el test de embarazo y se detect\u00f3 y se realiz\u00f3 el control prenatal correspondiente. Tambi\u00e9n contamos con un equipo de profesionales especialistas verticales los cuales tambi\u00e9n han sido capacitados que son cardi\u00f3logos, odont\u00f3logos, psiquiatras psic\u00f3logos, distintas especialidades que cuando el m\u00e9dico de familia ve oportuno pide una interconsulta con estos especialistas y si ellos lo pueden resolver v\u00eda telef\u00f3nica mejor sino va tener que ingresar con todas las normas de bioseguridad al Nodo.<\/p>\n\n\n\n<p><strong>\u00bfUna vez realizado el hisopado como contin\u00faa el protocolo?<\/strong><\/p>\n\n\n\n<p>Una vez que tenemos el hisopado con resultado negativo informamos a los trabajadores sociales que verifiquen en qu\u00e9 condiciones est\u00e1n las casas para saber si esa persona puede cumplir su aislamiento en su domicilio. Una vez nos que nos informan que est\u00e1n dadas las condiciones se lo traslada en la ambulancia, contamos con ambulancia 24 hs con chofer del 107. <\/p>\n\n\n\n<p>En caso de que esa persona no cuente con la posibilidad de hacer el aislamiento en su casa, queda en el Nodo y se realizara el egreso a los 14 d\u00edas donde se da una constancia que ha cumplido con fecha de ingreso y egreso y fecha de hisopado negativo. <\/p>\n\n\n\n<p><strong>C\u00f3mo ya lo dijo, tambi\u00e9n tienen un protocolo en cuanto a la limpieza, \u00bf por qu\u00e9 es importante? <\/strong><\/p>\n\n\n\n<p>Si, hay un grupo importante que tambi\u00e9n ha sido capacitado y en cuanto a su vestimenta, ellos usan un kits muy similar al m\u00e9dico que toma la muestra. Este grupo es el que manipula los residuos, ellos saben y cotejan la vestimenta y colocaci\u00f3n y la extracci\u00f3n cuando se retira, eso es importante porque ah\u00ed podemos cometer errores y llevar y transmitir este virus. Siempre se comienza desde la parte m\u00e1s limpia a las  m\u00e1s sucias. <\/p>\n\n\n\n<p><strong>Por \u00faltimo,<\/strong> <strong>\u00bfqu\u00e9 significa para ustedes estar hoy trabajando aqu\u00ed en este centro de aislamiento?<\/strong><\/p>\n\n\n\n<p>Para nosotros y para todos, es un desaf\u00edo no solo por la complejidad y din\u00e1mica de la pandemia sino tambi\u00e9n por tener que trabajar en un lugar como el Nodo que ha sido adaptado para ser un centro de aislamiento. Aparte nos hemos tenido que organizar de forma r\u00e1pida para armar la log\u00edstica, protocolo y vestimenta a usar. Siempre hemos tenido el asesoramiento de la infect\u00f3loga la Dra. Sequeira y de la Dra. Coronel que han sido de gran ayuda y apoyo de las autoridades, La Sra. Ministra siempre ha participado de todas las reuniones y ha evacuado todas nuestras dudas, el Dr. Monti que constantemente  nos visita para saber c\u00f3mo est\u00e1 todo y la Dra. Tarchini que siempre est\u00e1 atenta a todo los que necesitamos, como as\u00ed muchos compa\u00f1eros coordinadores de Upas, Postas, directores del interior que nos han llamado y acompa\u00f1arnos en este desaf\u00edo. La verdad nos sentimos muy orgullosos. Hay una gran equipo de trabajo, nos sentimos contenidos. Yo me siento orgullosa de ser parte de este sistema de salud p\u00fablica. <\/p>\n","protected":false},"excerpt":{"rendered":"<p>MINISTERIO DE SALUD DE LA PROVINCIA DE SANTIAGO DEL ESTERO<\/p>\n","protected":false},"author":2,"featured_media":7606,"comment_status":"open","ping_status":"open","sticky":false,"template":"","format":"standard","meta":{"om_disable_all_campaigns":false,"_monsterinsights_skip_tracking":false,"_monsterinsights_sitenote_active":false,"_monsterinsights_sitenote_note":"","_monsterinsights_sitenote_category":0,"_uf_show_specific_survey":0,"_uf_disable_surveys":false,"jetpack_post_was_ever_published":false,"_jetpack_newsletter_access":"","_jetpack_dont_email_post_to_subs":false,"_jetpack_newsletter_tier_id":0,"_jetpack_memberships_contains_paywalled_content":false,"_jetpack_memberships_contains_paid_content":false,"footnotes":"","jetpack_publicize_message":"","jetpack_publicize_feature_enabled":true,"jetpack_social_post_already_shared":false,"jetpack_social_options":{"image_generator_settings":{"template":"highway","default_image_id":0,"font":"","enabled":false},"version":2}},"categories":[3],"tags":[],"class_list":["post-7601","post","type-post","status-publish","format-standard","has-post-thumbnail","hentry","category-salud"],"aioseo_notices":[],"views":4,"jetpack_publicize_connections":[],"jetpack_featured_media_url":"https:\/\/i0.wp.com\/elterritorialweb.com.ar\/web\/wp-content\/uploads\/2020\/07\/ENTREVISTA-SALUD-3.jpg?fit=480%2C360","jetpack_sharing_enabled":true,"_links":{"self":[{"href":"http:\/\/elterritorialweb.com.ar\/web\/wp-json\/wp\/v2\/posts\/7601","targetHints":{"allow":["GET"]}}],"collection":[{"href":"http:\/\/elterritorialweb.com.ar\/web\/wp-json\/wp\/v2\/posts"}],"about":[{"href":"http:\/\/elterritorialweb.com.ar\/web\/wp-json\/wp\/v2\/types\/post"}],"author":[{"embeddable":true,"href":"http:\/\/elterritorialweb.com.ar\/web\/wp-json\/wp\/v2\/users\/2"}],"replies":[{"embeddable":true,"href":"http:\/\/elterritorialweb.com.ar\/web\/wp-json\/wp\/v2\/comments?post=7601"}],"version-history":[{"count":1,"href":"http:\/\/elterritorialweb.com.ar\/web\/wp-json\/wp\/v2\/posts\/7601\/revisions"}],"predecessor-version":[{"id":7607,"href":"http:\/\/elterritorialweb.com.ar\/web\/wp-json\/wp\/v2\/posts\/7601\/revisions\/7607"}],"wp:featuredmedia":[{"embeddable":true,"href":"http:\/\/elterritorialweb.com.ar\/web\/wp-json\/wp\/v2\/media\/7606"}],"wp:attachment":[{"href":"http:\/\/elterritorialweb.com.ar\/web\/wp-json\/wp\/v2\/media?parent=7601"}],"wp:term":[{"taxonomy":"category","embeddable":true,"href":"http:\/\/elterritorialweb.com.ar\/web\/wp-json\/wp\/v2\/categories?post=7601"},{"taxonomy":"post_tag","embeddable":true,"href":"http:\/\/elterritorialweb.com.ar\/web\/wp-json\/wp\/v2\/tags?post=7601"}],"curies":[{"name":"wp","href":"https:\/\/api.w.org\/{rel}","templated":true}]}}