{"id":7608,"date":"2020-07-12T20:06:11","date_gmt":"2020-07-12T20:06:11","guid":{"rendered":"http:\/\/elterritorialweb.com.ar\/web\/?p=7608"},"modified":"2020-07-12T20:09:39","modified_gmt":"2020-07-12T20:09:39","slug":"el-gobierno-provincial-dio-por-finalizado-el-aislamiento-en-los-quiroga-y-los-parajes-cercanos","status":"publish","type":"post","link":"http:\/\/elterritorialweb.com.ar\/web\/el-gobierno-provincial-dio-por-finalizado-el-aislamiento-en-los-quiroga-y-los-parajes-cercanos\/","title":{"rendered":"EL GOBIERNO PROVINCIAL DI\u00d3 POR FINALIZADO EL AISLAMIENTO EN LOS QUIROGA Y PARAJES CERCANOS"},"content":{"rendered":"\n<p>El Gobierno de la Provincia, a trav\u00e9s de los Ministerios de Salud y Gobierno, informa que se decidi\u00f3 finalizar el aislamiento de la localidad de Los Quiroga, y los parajes Chaupi Pozo, Los V\u00e9liz, Los G\u00f3mez, Los Corbal\u00e1n y Los Soria, del departamento Banda, donde estaba prohibida la \u201clibre circulaci\u00f3n\u201d tras confirmarse un caso de COVID 19.<\/p>\n\n\n\n<figure class=\"wp-block-image size-large\"><img data-recalc-dims=\"1\" decoding=\"async\" width=\"640\" height=\"427\" data-src=\"https:\/\/i0.wp.com\/elterritorialweb.com.ar\/web\/wp-content\/uploads\/2020\/07\/fin-de-aislamiento-los-quiroga-1.jpg?resize=640%2C427\" alt=\"\" class=\"wp-image-7610 lazyload\" data-srcset=\"https:\/\/i0.wp.com\/elterritorialweb.com.ar\/web\/wp-content\/uploads\/2020\/07\/fin-de-aislamiento-los-quiroga-1.jpg?w=960 960w, https:\/\/i0.wp.com\/elterritorialweb.com.ar\/web\/wp-content\/uploads\/2020\/07\/fin-de-aislamiento-los-quiroga-1.jpg?resize=300%2C200 300w, https:\/\/i0.wp.com\/elterritorialweb.com.ar\/web\/wp-content\/uploads\/2020\/07\/fin-de-aislamiento-los-quiroga-1.jpg?resize=768%2C512 768w, https:\/\/i0.wp.com\/elterritorialweb.com.ar\/web\/wp-content\/uploads\/2020\/07\/fin-de-aislamiento-los-quiroga-1.jpg?resize=675%2C450 675w\" data-sizes=\"(max-width: 640px) 100vw, 640px\" src=\"data:image\/svg+xml;base64,PHN2ZyB3aWR0aD0iMSIgaGVpZ2h0PSIxIiB4bWxucz0iaHR0cDovL3d3dy53My5vcmcvMjAwMC9zdmciPjwvc3ZnPg==\" style=\"--smush-placeholder-width: 640px; --smush-placeholder-aspect-ratio: 640\/427;\" \/><\/figure>\n\n\n\n<p>La decisi\u00f3n sanitaria se tom\u00f3 a partir de confirmar la recuperaci\u00f3n y otorgar el alta a la persona que presentaba la enfermedad y el resultado negativo del segundo hisopado a todos los contactos estrechos, que se conoci\u00f3 en el d\u00eda de la fecha.<\/p>\n\n\n\n<figure class=\"wp-block-image size-large\"><img data-recalc-dims=\"1\" decoding=\"async\" width=\"640\" height=\"427\" data-src=\"https:\/\/i0.wp.com\/elterritorialweb.com.ar\/web\/wp-content\/uploads\/2020\/07\/fin-de-aislamiento-los-quiroga-2.jpg?resize=640%2C427\" alt=\"\" class=\"wp-image-7611 lazyload\" data-srcset=\"https:\/\/i0.wp.com\/elterritorialweb.com.ar\/web\/wp-content\/uploads\/2020\/07\/fin-de-aislamiento-los-quiroga-2.jpg?w=960 960w, https:\/\/i0.wp.com\/elterritorialweb.com.ar\/web\/wp-content\/uploads\/2020\/07\/fin-de-aislamiento-los-quiroga-2.jpg?resize=300%2C200 300w, https:\/\/i0.wp.com\/elterritorialweb.com.ar\/web\/wp-content\/uploads\/2020\/07\/fin-de-aislamiento-los-quiroga-2.jpg?resize=768%2C512 768w, https:\/\/i0.wp.com\/elterritorialweb.com.ar\/web\/wp-content\/uploads\/2020\/07\/fin-de-aislamiento-los-quiroga-2.jpg?resize=675%2C450 675w\" data-sizes=\"(max-width: 640px) 100vw, 640px\" src=\"data:image\/svg+xml;base64,PHN2ZyB3aWR0aD0iMSIgaGVpZ2h0PSIxIiB4bWxucz0iaHR0cDovL3d3dy53My5vcmcvMjAwMC9zdmciPjwvc3ZnPg==\" style=\"--smush-placeholder-width: 640px; --smush-placeholder-aspect-ratio: 640\/427;\" \/><\/figure>\n\n\n\n<p>Es de destacar y agradecer el esfuerzo y estricto cumplimiento de las medidas de distanciamiento que cumpli\u00f3 la poblaci\u00f3n de la zona, como as\u00ed tambi\u00e9n el trabajo de las autoridades comunales, fuerzas de seguridad y equipos de salud que trabajaron incansablemente para que esto sea posible.<\/p>\n\n\n\n<figure class=\"wp-block-embed-twitter wp-block-embed is-type-rich is-provider-twitter\"><div class=\"wp-block-embed__wrapper\">\n<blockquote class=\"twitter-tweet\" data-width=\"550\" data-dnt=\"true\"><p lang=\"es\" dir=\"ltr\">El Gobierno de la Provincia, a trav\u00e9s de los Ministerios de Salud y Gobierno, informa que se decidi\u00f3 finalizar el aislamiento de diversas localidades<a href=\"https:\/\/t.co\/rBbqOEZytP\">https:\/\/t.co\/rBbqOEZytP<\/a> <a href=\"https:\/\/t.co\/As34uEWRTQ\">pic.twitter.com\/As34uEWRTQ<\/a><\/p>&mdash; Gobierno de Santiago del Estero (@GobiernoSDE) <a href=\"https:\/\/twitter.com\/GobiernoSDE\/status\/1282352593805746178?ref_src=twsrc%5Etfw\">July 12, 2020<\/a><\/blockquote><script async src=\"https:\/\/platform.twitter.com\/widgets.js\" charset=\"utf-8\"><\/script>\n<\/div><\/figure>\n","protected":false},"excerpt":{"rendered":"<p>MINISTERIO DE SALUD DE LA PROVINCIA DE SANTIAGO DEL ESTERO<\/p>\n","protected":false},"author":2,"featured_media":7609,"comment_status":"open","ping_status":"open","sticky":false,"template":"","format":"standard","meta":{"om_disable_all_campaigns":false,"_monsterinsights_skip_tracking":false,"_monsterinsights_sitenote_active":false,"_monsterinsights_sitenote_note":"","_monsterinsights_sitenote_category":0,"_uf_show_specific_survey":0,"_uf_disable_surveys":false,"jetpack_post_was_ever_published":false,"_jetpack_newsletter_access":"","_jetpack_dont_email_post_to_subs":false,"_jetpack_newsletter_tier_id":0,"_jetpack_memberships_contains_paywalled_content":false,"_jetpack_memberships_contains_paid_content":false,"footnotes":"","jetpack_publicize_message":"","jetpack_publicize_feature_enabled":true,"jetpack_social_post_already_shared":false,"jetpack_social_options":{"image_generator_settings":{"template":"highway","default_image_id":0,"font":"","enabled":false},"version":2}},"categories":[3],"tags":[],"class_list":["post-7608","post","type-post","status-publish","format-standard","has-post-thumbnail","hentry","category-salud"],"aioseo_notices":[],"views":7,"jetpack_publicize_connections":[],"jetpack_featured_media_url":"https:\/\/i0.wp.com\/elterritorialweb.com.ar\/web\/wp-content\/uploads\/2020\/07\/fin-de-aislamiento-los-quiroga.jpg?fit=960%2C640","jetpack_sharing_enabled":true,"_links":{"self":[{"href":"http:\/\/elterritorialweb.com.ar\/web\/wp-json\/wp\/v2\/posts\/7608","targetHints":{"allow":["GET"]}}],"collection":[{"href":"http:\/\/elterritorialweb.com.ar\/web\/wp-json\/wp\/v2\/posts"}],"about":[{"href":"http:\/\/elterritorialweb.com.ar\/web\/wp-json\/wp\/v2\/types\/post"}],"author":[{"embeddable":true,"href":"http:\/\/elterritorialweb.com.ar\/web\/wp-json\/wp\/v2\/users\/2"}],"replies":[{"embeddable":true,"href":"http:\/\/elterritorialweb.com.ar\/web\/wp-json\/wp\/v2\/comments?post=7608"}],"version-history":[{"count":3,"href":"http:\/\/elterritorialweb.com.ar\/web\/wp-json\/wp\/v2\/posts\/7608\/revisions"}],"predecessor-version":[{"id":7614,"href":"http:\/\/elterritorialweb.com.ar\/web\/wp-json\/wp\/v2\/posts\/7608\/revisions\/7614"}],"wp:featuredmedia":[{"embeddable":true,"href":"http:\/\/elterritorialweb.com.ar\/web\/wp-json\/wp\/v2\/media\/7609"}],"wp:attachment":[{"href":"http:\/\/elterritorialweb.com.ar\/web\/wp-json\/wp\/v2\/media?parent=7608"}],"wp:term":[{"taxonomy":"category","embeddable":true,"href":"http:\/\/elterritorialweb.com.ar\/web\/wp-json\/wp\/v2\/categories?post=7608"},{"taxonomy":"post_tag","embeddable":true,"href":"http:\/\/elterritorialweb.com.ar\/web\/wp-json\/wp\/v2\/tags?post=7608"}],"curies":[{"name":"wp","href":"https:\/\/api.w.org\/{rel}","templated":true}]}}