{"id":78503,"date":"2025-09-04T01:01:00","date_gmt":"2025-09-04T01:01:00","guid":{"rendered":"https:\/\/elterritorialweb.com.ar\/web\/?p=78503"},"modified":"2025-09-04T10:15:39","modified_gmt":"2025-09-04T10:15:39","slug":"destacado-procedimiento-del-servicio-de-inteligencia-provincial","status":"publish","type":"post","link":"http:\/\/elterritorialweb.com.ar\/web\/destacado-procedimiento-del-servicio-de-inteligencia-provincial\/","title":{"rendered":"DESTACADO PROCEDIMIENTO DEL SERVICIO DE INTELIGENCIA PROVINCIAL"},"content":{"rendered":"\n<p>El operativo se concret\u00f3 tras un minucioso trabajo de seguimiento y recolecci\u00f3n de informaci\u00f3n, desplegado de manera cautelosa y estrat\u00e9gica por los agentes de dicha dependencia, quienes mediante la investigaci\u00f3n, prevenci\u00f3n y tareas operativas mantienen presencia en todo el territorio provincial brindando apoyo a otras dependencias. Gracias a esa labor sostenida, se logr\u00f3 detectar los movimientos de los sospechosos, permitiendo su localizaci\u00f3n y posterior aprehensi\u00f3n.<\/p>\n\n\n\n<p>Fuentes oficiales se\u00f1alaron que la investigaci\u00f3n ven\u00eda siendo desarrollada desde hace varias semanas, articulando datos aportados por distintas unidades, lo que permiti\u00f3 no solo neutralizar la actividad delictiva vinculada al narcotr\u00e1fico, sino tambi\u00e9n poner tras las rejas a sujetos que eran intensamente buscados por la justicia.<\/p>\n\n\n\n<figure class=\"wp-block-image size-large\"><a href=\"https:\/\/i0.wp.com\/elterritorialweb.com.ar\/web\/wp-content\/uploads\/2025\/09\/operativo-policial-1-scaled.jpg\"><img data-recalc-dims=\"1\" decoding=\"async\" width=\"640\" height=\"360\" data-src=\"https:\/\/i0.wp.com\/elterritorialweb.com.ar\/web\/wp-content\/uploads\/2025\/09\/operativo-policial-1.jpg?resize=640%2C360\" alt=\"\" class=\"wp-image-78505 lazyload\" data-srcset=\"https:\/\/i0.wp.com\/elterritorialweb.com.ar\/web\/wp-content\/uploads\/2025\/09\/operativo-policial-1-scaled.jpg?resize=1024%2C576 1024w, https:\/\/i0.wp.com\/elterritorialweb.com.ar\/web\/wp-content\/uploads\/2025\/09\/operativo-policial-1-scaled.jpg?resize=300%2C169 300w, https:\/\/i0.wp.com\/elterritorialweb.com.ar\/web\/wp-content\/uploads\/2025\/09\/operativo-policial-1-scaled.jpg?resize=768%2C432 768w, https:\/\/i0.wp.com\/elterritorialweb.com.ar\/web\/wp-content\/uploads\/2025\/09\/operativo-policial-1-scaled.jpg?resize=1536%2C864 1536w, https:\/\/i0.wp.com\/elterritorialweb.com.ar\/web\/wp-content\/uploads\/2025\/09\/operativo-policial-1-scaled.jpg?resize=2048%2C1152 2048w, https:\/\/i0.wp.com\/elterritorialweb.com.ar\/web\/wp-content\/uploads\/2025\/09\/operativo-policial-1-scaled.jpg?w=1280 1280w, https:\/\/i0.wp.com\/elterritorialweb.com.ar\/web\/wp-content\/uploads\/2025\/09\/operativo-policial-1-scaled.jpg?w=1920 1920w\" data-sizes=\"(max-width: 640px) 100vw, 640px\" src=\"data:image\/svg+xml;base64,PHN2ZyB3aWR0aD0iMSIgaGVpZ2h0PSIxIiB4bWxucz0iaHR0cDovL3d3dy53My5vcmcvMjAwMC9zdmciPjwvc3ZnPg==\" style=\"--smush-placeholder-width: 640px; --smush-placeholder-aspect-ratio: 640\/360;\" \/><\/a><\/figure>\n\n\n\n<p>El material incautado fue puesto a disposici\u00f3n de la autoridad judicial competente, mientras que los detenidos ser\u00e1n trasladados a sede policial para continuar con las actuaciones de rigor.<\/p>\n","protected":false},"excerpt":{"rendered":"<p>En el marco de tareas de investigaci\u00f3n y control preventivo, personal del Servicio de Inteligencia de la Polic\u00eda de la Provincia llev\u00f3 adelante un importante procedimiento en cercan\u00edas de la Iglesia Mailin (Av. Belgrano Sur) que culmin\u00f3 con la detenci\u00f3n de individuos que se encontraban pr\u00f3fugos de la justicia y el secuestro de m\u00e1s de 3 ks de marihuana y 500 grs. de coca\u00edna, celulares y una motocicleta Honda Twister.<\/p>\n","protected":false},"author":2,"featured_media":78504,"comment_status":"open","ping_status":"open","sticky":false,"template":"","format":"standard","meta":{"om_disable_all_campaigns":false,"_monsterinsights_skip_tracking":false,"_monsterinsights_sitenote_active":false,"_monsterinsights_sitenote_note":"","_monsterinsights_sitenote_category":0,"_uf_show_specific_survey":0,"_uf_disable_surveys":false,"jetpack_post_was_ever_published":false,"_jetpack_newsletter_access":"","_jetpack_dont_email_post_to_subs":false,"_jetpack_newsletter_tier_id":0,"_jetpack_memberships_contains_paywalled_content":false,"_jetpack_memberships_contains_paid_content":false,"footnotes":"","jetpack_publicize_message":"","jetpack_publicize_feature_enabled":true,"jetpack_social_post_already_shared":true,"jetpack_social_options":{"image_generator_settings":{"template":"highway","default_image_id":0,"font":"","enabled":false},"version":2}},"categories":[4,36],"tags":[604],"class_list":["post-78503","post","type-post","status-publish","format-standard","has-post-thumbnail","hentry","category-destacadas","category-policiales","tag-policia-de-la-provincia-de-santiago-del-estero"],"aioseo_notices":[],"views":10,"jetpack_publicize_connections":[],"jetpack_featured_media_url":"https:\/\/i0.wp.com\/elterritorialweb.com.ar\/web\/wp-content\/uploads\/2025\/09\/operativo-policial-scaled.jpg?fit=2560%2C1440","jetpack_sharing_enabled":true,"_links":{"self":[{"href":"http:\/\/elterritorialweb.com.ar\/web\/wp-json\/wp\/v2\/posts\/78503","targetHints":{"allow":["GET"]}}],"collection":[{"href":"http:\/\/elterritorialweb.com.ar\/web\/wp-json\/wp\/v2\/posts"}],"about":[{"href":"http:\/\/elterritorialweb.com.ar\/web\/wp-json\/wp\/v2\/types\/post"}],"author":[{"embeddable":true,"href":"http:\/\/elterritorialweb.com.ar\/web\/wp-json\/wp\/v2\/users\/2"}],"replies":[{"embeddable":true,"href":"http:\/\/elterritorialweb.com.ar\/web\/wp-json\/wp\/v2\/comments?post=78503"}],"version-history":[{"count":2,"href":"http:\/\/elterritorialweb.com.ar\/web\/wp-json\/wp\/v2\/posts\/78503\/revisions"}],"predecessor-version":[{"id":78515,"href":"http:\/\/elterritorialweb.com.ar\/web\/wp-json\/wp\/v2\/posts\/78503\/revisions\/78515"}],"wp:featuredmedia":[{"embeddable":true,"href":"http:\/\/elterritorialweb.com.ar\/web\/wp-json\/wp\/v2\/media\/78504"}],"wp:attachment":[{"href":"http:\/\/elterritorialweb.com.ar\/web\/wp-json\/wp\/v2\/media?parent=78503"}],"wp:term":[{"taxonomy":"category","embeddable":true,"href":"http:\/\/elterritorialweb.com.ar\/web\/wp-json\/wp\/v2\/categories?post=78503"},{"taxonomy":"post_tag","embeddable":true,"href":"http:\/\/elterritorialweb.com.ar\/web\/wp-json\/wp\/v2\/tags?post=78503"}],"curies":[{"name":"wp","href":"https:\/\/api.w.org\/{rel}","templated":true}]}}