{"id":78516,"date":"2025-09-04T16:18:36","date_gmt":"2025-09-04T16:18:36","guid":{"rendered":"https:\/\/elterritorialweb.com.ar\/web\/?p=78516"},"modified":"2025-09-04T16:18:38","modified_gmt":"2025-09-04T16:18:38","slug":"el-gobernador-zamora-encabezo-la-apertura-del-1-congreso-internacional-sobre-adicciones-en-santiago-del-estero","status":"publish","type":"post","link":"http:\/\/elterritorialweb.com.ar\/web\/el-gobernador-zamora-encabezo-la-apertura-del-1-congreso-internacional-sobre-adicciones-en-santiago-del-estero\/","title":{"rendered":"EL GOBERNADOR ZAMORA ENCABEZ\u00d3 LA APERTURA DEL 1\u00b0 CONGRESO INTERNACIONAL SOBRE ADICCIONES EN SANTIAGO DEL ESTERO"},"content":{"rendered":"\n<p>El acto de apertura estuvo encabezado por el gobernador <strong>Gerardo Zamora<\/strong>, acompa\u00f1ado por el vicegobernador <strong>Carlos Silva Neder;<\/strong> el jefe de Gabinete, <strong>El\u00edas Su\u00e1rez<\/strong>; la ministra de Justicia, <strong>Matilde O\u2019Mill<\/strong>; el titular de la Secretar\u00eda de Pol\u00edticas Integrales sobre Drogas, <strong>Roberto Moro<\/strong>; y la directora de la Digaia, <strong>Claudia Tarchini.<\/strong><\/p>\n\n\n\n<figure class=\"wp-block-image size-large\"><a href=\"https:\/\/i0.wp.com\/elterritorialweb.com.ar\/web\/wp-content\/uploads\/2025\/09\/1000151610-scaled.jpg?ssl=1\"><img data-recalc-dims=\"1\" decoding=\"async\" width=\"640\" height=\"480\" data-src=\"https:\/\/i0.wp.com\/elterritorialweb.com.ar\/web\/wp-content\/uploads\/2025\/09\/1000151610-1024x768.jpg?resize=640%2C480&#038;ssl=1\" alt=\"\" class=\"wp-image-78518 lazyload\" data-srcset=\"https:\/\/i0.wp.com\/elterritorialweb.com.ar\/web\/wp-content\/uploads\/2025\/09\/1000151610-scaled.jpg?resize=1024%2C768 1024w, https:\/\/i0.wp.com\/elterritorialweb.com.ar\/web\/wp-content\/uploads\/2025\/09\/1000151610-scaled.jpg?resize=300%2C225 300w, https:\/\/i0.wp.com\/elterritorialweb.com.ar\/web\/wp-content\/uploads\/2025\/09\/1000151610-scaled.jpg?resize=768%2C576 768w, https:\/\/i0.wp.com\/elterritorialweb.com.ar\/web\/wp-content\/uploads\/2025\/09\/1000151610-scaled.jpg?resize=1536%2C1152 1536w, https:\/\/i0.wp.com\/elterritorialweb.com.ar\/web\/wp-content\/uploads\/2025\/09\/1000151610-scaled.jpg?resize=2048%2C1536 2048w, https:\/\/i0.wp.com\/elterritorialweb.com.ar\/web\/wp-content\/uploads\/2025\/09\/1000151610-scaled.jpg?w=1280 1280w, https:\/\/i0.wp.com\/elterritorialweb.com.ar\/web\/wp-content\/uploads\/2025\/09\/1000151610-scaled.jpg?w=1920 1920w\" data-sizes=\"(max-width: 640px) 100vw, 640px\" src=\"data:image\/svg+xml;base64,PHN2ZyB3aWR0aD0iMSIgaGVpZ2h0PSIxIiB4bWxucz0iaHR0cDovL3d3dy53My5vcmcvMjAwMC9zdmciPjwvc3ZnPg==\" style=\"--smush-placeholder-width: 640px; --smush-placeholder-aspect-ratio: 640\/480;\" \/><\/a><\/figure>\n\n\n\n<p>En su mensaje, <strong>Zamora<\/strong> valor\u00f3 el rol de los m\u00e1s de 2.000 j\u00f3venes voluntarios que integran el programa de lucha contra las adicciones. <em>\u201cSiempre consider\u00e9 que el Estado debe acompa\u00f1ar y dise\u00f1ar pol\u00edticas p\u00fablicas que puedan ayudar, incentivar y generar \u00e1mbitos de los que saben, aman las cosas y quieren hacerlo en solidaridad dentro de las comunidades\u201d,<\/em> expres\u00f3. Asimismo, subray\u00f3 la necesidad de fortalecer la prevenci\u00f3n, la detecci\u00f3n temprana y la inclusi\u00f3n social de quienes atraviesan situaciones de consumo problem\u00e1tico.<\/p>\n\n\n\n<figure class=\"wp-block-image size-large\"><a href=\"https:\/\/i0.wp.com\/elterritorialweb.com.ar\/web\/wp-content\/uploads\/2025\/09\/1000151622-scaled.jpg?ssl=1\"><img data-recalc-dims=\"1\" decoding=\"async\" width=\"640\" height=\"853\" data-src=\"https:\/\/i0.wp.com\/elterritorialweb.com.ar\/web\/wp-content\/uploads\/2025\/09\/1000151622-768x1024.jpg?resize=640%2C853&#038;ssl=1\" alt=\"\" class=\"wp-image-78519 lazyload\" data-srcset=\"https:\/\/i0.wp.com\/elterritorialweb.com.ar\/web\/wp-content\/uploads\/2025\/09\/1000151622-scaled.jpg?resize=768%2C1024 768w, https:\/\/i0.wp.com\/elterritorialweb.com.ar\/web\/wp-content\/uploads\/2025\/09\/1000151622-scaled.jpg?resize=225%2C300 225w, https:\/\/i0.wp.com\/elterritorialweb.com.ar\/web\/wp-content\/uploads\/2025\/09\/1000151622-scaled.jpg?resize=1152%2C1536 1152w, https:\/\/i0.wp.com\/elterritorialweb.com.ar\/web\/wp-content\/uploads\/2025\/09\/1000151622-scaled.jpg?resize=1536%2C2048 1536w, https:\/\/i0.wp.com\/elterritorialweb.com.ar\/web\/wp-content\/uploads\/2025\/09\/1000151622-scaled.jpg?resize=1024%2C1365 1024w, https:\/\/i0.wp.com\/elterritorialweb.com.ar\/web\/wp-content\/uploads\/2025\/09\/1000151622-scaled.jpg?w=1920 1920w, https:\/\/i0.wp.com\/elterritorialweb.com.ar\/web\/wp-content\/uploads\/2025\/09\/1000151622-scaled.jpg?w=1280 1280w\" data-sizes=\"(max-width: 640px) 100vw, 640px\" src=\"data:image\/svg+xml;base64,PHN2ZyB3aWR0aD0iMSIgaGVpZ2h0PSIxIiB4bWxucz0iaHR0cDovL3d3dy53My5vcmcvMjAwMC9zdmciPjwvc3ZnPg==\" style=\"--smush-placeholder-width: 640px; --smush-placeholder-aspect-ratio: 640\/853;\" \/><\/a><\/figure>\n\n\n\n<p>Por su parte, el jefe de Gabinete, <strong>El\u00edas Su\u00e1rez<\/strong>, sostuvo que <em>\u201cla defensa contra las adicciones en nuestra comunidad es irrenunciable\u201d <\/em>y destac\u00f3 el compromiso de diversos actores sociales, acad\u00e9micos, religiosos, empresariales y civiles para consolidar una pol\u00edtica de Estado en la materia.<\/p>\n\n\n\n<figure class=\"wp-block-image size-large\"><a href=\"https:\/\/i0.wp.com\/elterritorialweb.com.ar\/web\/wp-content\/uploads\/2025\/09\/20250904_093623-scaled.jpg\"><img data-recalc-dims=\"1\" decoding=\"async\" width=\"640\" height=\"583\" data-src=\"https:\/\/i0.wp.com\/elterritorialweb.com.ar\/web\/wp-content\/uploads\/2025\/09\/20250904_093623.jpg?resize=640%2C583\" alt=\"\" class=\"wp-image-78520 lazyload\" data-srcset=\"https:\/\/i0.wp.com\/elterritorialweb.com.ar\/web\/wp-content\/uploads\/2025\/09\/20250904_093623-scaled.jpg?resize=1024%2C932 1024w, https:\/\/i0.wp.com\/elterritorialweb.com.ar\/web\/wp-content\/uploads\/2025\/09\/20250904_093623-scaled.jpg?resize=300%2C273 300w, https:\/\/i0.wp.com\/elterritorialweb.com.ar\/web\/wp-content\/uploads\/2025\/09\/20250904_093623-scaled.jpg?resize=768%2C699 768w, https:\/\/i0.wp.com\/elterritorialweb.com.ar\/web\/wp-content\/uploads\/2025\/09\/20250904_093623-scaled.jpg?resize=1536%2C1398 1536w, https:\/\/i0.wp.com\/elterritorialweb.com.ar\/web\/wp-content\/uploads\/2025\/09\/20250904_093623-scaled.jpg?resize=2048%2C1865 2048w, https:\/\/i0.wp.com\/elterritorialweb.com.ar\/web\/wp-content\/uploads\/2025\/09\/20250904_093623-scaled.jpg?w=1280 1280w, https:\/\/i0.wp.com\/elterritorialweb.com.ar\/web\/wp-content\/uploads\/2025\/09\/20250904_093623-scaled.jpg?w=1920 1920w\" data-sizes=\"(max-width: 640px) 100vw, 640px\" src=\"data:image\/svg+xml;base64,PHN2ZyB3aWR0aD0iMSIgaGVpZ2h0PSIxIiB4bWxucz0iaHR0cDovL3d3dy53My5vcmcvMjAwMC9zdmciPjwvc3ZnPg==\" style=\"--smush-placeholder-width: 640px; --smush-placeholder-aspect-ratio: 640\/583;\" \/><\/a><\/figure>\n\n\n\n<p>En la misma l\u00ednea, la <strong>ministra O\u2019Mill<\/strong> remarc\u00f3 que <em>\u201ceste congreso trasciende fronteras geogr\u00e1ficas para convertirse en un punto de encuentro, siendo Santiago tierra de saberes, experiencias y compromisos\u201d<\/em>, resaltando el trabajo en redes y la construcci\u00f3n de comunidades inteligentes para dar respuestas integrales a la problem\u00e1tica.<\/p>\n\n\n\n<figure class=\"wp-block-image size-large\"><a href=\"https:\/\/i0.wp.com\/elterritorialweb.com.ar\/web\/wp-content\/uploads\/2025\/09\/1000151595-scaled.jpg?ssl=1\"><img data-recalc-dims=\"1\" decoding=\"async\" width=\"640\" height=\"480\" data-src=\"https:\/\/i0.wp.com\/elterritorialweb.com.ar\/web\/wp-content\/uploads\/2025\/09\/1000151595-1024x768.jpg?resize=640%2C480&#038;ssl=1\" alt=\"\" class=\"wp-image-78522 lazyload\" data-srcset=\"https:\/\/i0.wp.com\/elterritorialweb.com.ar\/web\/wp-content\/uploads\/2025\/09\/1000151595-scaled.jpg?resize=1024%2C768 1024w, https:\/\/i0.wp.com\/elterritorialweb.com.ar\/web\/wp-content\/uploads\/2025\/09\/1000151595-scaled.jpg?resize=300%2C225 300w, https:\/\/i0.wp.com\/elterritorialweb.com.ar\/web\/wp-content\/uploads\/2025\/09\/1000151595-scaled.jpg?resize=768%2C576 768w, https:\/\/i0.wp.com\/elterritorialweb.com.ar\/web\/wp-content\/uploads\/2025\/09\/1000151595-scaled.jpg?resize=1536%2C1152 1536w, https:\/\/i0.wp.com\/elterritorialweb.com.ar\/web\/wp-content\/uploads\/2025\/09\/1000151595-scaled.jpg?resize=2048%2C1536 2048w, https:\/\/i0.wp.com\/elterritorialweb.com.ar\/web\/wp-content\/uploads\/2025\/09\/1000151595-scaled.jpg?w=1280 1280w, https:\/\/i0.wp.com\/elterritorialweb.com.ar\/web\/wp-content\/uploads\/2025\/09\/1000151595-scaled.jpg?w=1920 1920w\" data-sizes=\"(max-width: 640px) 100vw, 640px\" src=\"data:image\/svg+xml;base64,PHN2ZyB3aWR0aD0iMSIgaGVpZ2h0PSIxIiB4bWxucz0iaHR0cDovL3d3dy53My5vcmcvMjAwMC9zdmciPjwvc3ZnPg==\" style=\"--smush-placeholder-width: 640px; --smush-placeholder-aspect-ratio: 640\/480;\" \/><\/a><\/figure>\n\n\n\n<p>La directora de la Digaia, <strong>Claudia Tarchini<\/strong>, enfatiz\u00f3 que el encuentro es fruto de un trabajo articulado de m\u00faltiples sectores, mientras que Roberto Moro agradeci\u00f3 al gobierno provincial por el apoyo y asegur\u00f3 que <em>\u201ceste es el primero de muchos congresos internacionales en la Madre de Ciudades, porque se hizo con esfuerzo, amor y trabajo en equipo\u201d.<\/em><\/p>\n\n\n\n<p>El congreso se extender\u00e1 durante dos jornadas, con exposiciones y debates en torno a la salud, la justicia, la educaci\u00f3n y la comunidad, orientados a la generaci\u00f3n de respuestas colectivas frente a un desaf\u00edo global como lo son las adicciones.<\/p>\n","protected":false},"excerpt":{"rendered":"<p>Con m\u00e1s de 5.000 inscriptos y la participaci\u00f3n de destacados especialistas de Argentina, Brasil, Colombia, Espa\u00f1a y Chile, se puso en marcha este jueves el 1\u00b0 Congreso Internacional \u201cAdicciones: Sistemas en Red y Comunidades Inteligentes\u201d, que se desarrollar\u00e1 hasta este viernes 5 en el Centro de Convenciones F\u00f3rum de Santiago del Estero.<\/p>\n","protected":false},"author":2,"featured_media":78517,"comment_status":"open","ping_status":"open","sticky":false,"template":"","format":"standard","meta":{"om_disable_all_campaigns":false,"_monsterinsights_skip_tracking":false,"_monsterinsights_sitenote_active":false,"_monsterinsights_sitenote_note":"","_monsterinsights_sitenote_category":0,"_uf_show_specific_survey":0,"_uf_disable_surveys":false,"jetpack_post_was_ever_published":false,"_jetpack_newsletter_access":"","_jetpack_dont_email_post_to_subs":false,"_jetpack_newsletter_tier_id":0,"_jetpack_memberships_contains_paywalled_content":false,"_jetpack_memberships_contains_paid_content":false,"footnotes":"","jetpack_publicize_message":"","jetpack_publicize_feature_enabled":true,"jetpack_social_post_already_shared":true,"jetpack_social_options":{"image_generator_settings":{"template":"highway","default_image_id":0,"font":"","enabled":false},"version":2}},"categories":[4,21],"tags":[59],"class_list":["post-78516","post","type-post","status-publish","format-standard","has-post-thumbnail","hentry","category-destacadas","category-locales","tag-gerardo-zamora"],"aioseo_notices":[],"views":16,"jetpack_publicize_connections":[],"jetpack_featured_media_url":"https:\/\/i0.wp.com\/elterritorialweb.com.ar\/web\/wp-content\/uploads\/2025\/09\/20250904_090638-scaled.jpg?fit=2560%2C1920","jetpack_sharing_enabled":true,"_links":{"self":[{"href":"http:\/\/elterritorialweb.com.ar\/web\/wp-json\/wp\/v2\/posts\/78516","targetHints":{"allow":["GET"]}}],"collection":[{"href":"http:\/\/elterritorialweb.com.ar\/web\/wp-json\/wp\/v2\/posts"}],"about":[{"href":"http:\/\/elterritorialweb.com.ar\/web\/wp-json\/wp\/v2\/types\/post"}],"author":[{"embeddable":true,"href":"http:\/\/elterritorialweb.com.ar\/web\/wp-json\/wp\/v2\/users\/2"}],"replies":[{"embeddable":true,"href":"http:\/\/elterritorialweb.com.ar\/web\/wp-json\/wp\/v2\/comments?post=78516"}],"version-history":[{"count":1,"href":"http:\/\/elterritorialweb.com.ar\/web\/wp-json\/wp\/v2\/posts\/78516\/revisions"}],"predecessor-version":[{"id":78523,"href":"http:\/\/elterritorialweb.com.ar\/web\/wp-json\/wp\/v2\/posts\/78516\/revisions\/78523"}],"wp:featuredmedia":[{"embeddable":true,"href":"http:\/\/elterritorialweb.com.ar\/web\/wp-json\/wp\/v2\/media\/78517"}],"wp:attachment":[{"href":"http:\/\/elterritorialweb.com.ar\/web\/wp-json\/wp\/v2\/media?parent=78516"}],"wp:term":[{"taxonomy":"category","embeddable":true,"href":"http:\/\/elterritorialweb.com.ar\/web\/wp-json\/wp\/v2\/categories?post=78516"},{"taxonomy":"post_tag","embeddable":true,"href":"http:\/\/elterritorialweb.com.ar\/web\/wp-json\/wp\/v2\/tags?post=78516"}],"curies":[{"name":"wp","href":"https:\/\/api.w.org\/{rel}","templated":true}]}}