{"id":78739,"date":"2025-09-13T01:55:20","date_gmt":"2025-09-13T01:55:20","guid":{"rendered":"https:\/\/elterritorialweb.com.ar\/web\/?p=78739"},"modified":"2025-09-13T01:55:23","modified_gmt":"2025-09-13T01:55:23","slug":"frias-las-fuerzas-especiales-de-la-policia-rescatan-a-una-mujer-en-una-situacion-critica-y-detienen-a-su-captor","status":"publish","type":"post","link":"http:\/\/elterritorialweb.com.ar\/web\/frias-las-fuerzas-especiales-de-la-policia-rescatan-a-una-mujer-en-una-situacion-critica-y-detienen-a-su-captor\/","title":{"rendered":"FRIAS: LAS FUERZAS ESPECIALES DE LA POLIC\u00edA RESCATAN A UNA MUJER EN UNA SITUACI\u00d3N CR\u00cdTICA Y DETIENEN A SU CAPTOR"},"content":{"rendered":"\n<p>Alrededor de las 10:30, cuando la v\u00edctima luego de pasar la noche en la casa de sus progenitores buscando resguardo ante las reiteradas amenazas de su pareja; decidi\u00f3 volver a su vivienda de alquiler ubicada en el Barrio Yapey\u00fa junto a su madre y sus dos hijos menores de edad. Fue all\u00ed, donde al ingresar se encontr\u00f3 con el agresor, que se hallaba en el interior del domicilio. Ante la angustia y la necesidad de intentar escapar, su ex pareja la tom\u00f3 por la fuerza, la amenaz\u00f3 con un arma blanca, oblig\u00e1ndola a ingresar al interior de la vivienda.<\/p>\n\n\n\n<p>Ante esta situaci\u00f3n, efectivos del Departamento de Seguridad Ciudadana N\u00b0 7 de Fr\u00edas acudieron de inmediato, conformando el primer anillo de seguridad en torno al domicilio.<br>De inmediato, las m\u00e1ximas autoridades de Jefatura Central de Polic\u00eda comisionaron a un Oficial Superior al lugar con personal de las Fuerzas Especiales que se hicieron cargo de la situaci\u00f3n.<\/p>\n\n\n\n<p><strong>El comit\u00e9 de crisis y su evaluaci\u00f3n para la resoluci\u00f3n de la siutaci\u00f3n<\/strong><\/p>\n\n\n\n<p>Minutos m\u00e1s tarde se constituy\u00f3 en el lugar el Comit\u00e9 de Crisis integrado por fuerzas especiales, USAR 26, negociadores, psic\u00f3logos, fiscales, quienes conformaron la primera l\u00ednea de intervenci\u00f3n.<br>La labor de los negociadores fue la de establecer contacto con el agresor, trabajando bajo protocolos previamente establecidos para este tipo de emergencias.<br>De esta manera, se articularon dos anillos de acci\u00f3n, claramente definidos: el primer anillo, compuesto por los especialistas, entre ellos el equipo t\u00e1ctico, psic\u00f3logos y negociadores, quienes entablaron di\u00e1logo directo con el agresor atrincherado; y el segundo anillo, integrado por personal de la Departamental 7, encargado de resguardar el per\u00edmetro y garantizar la seguridad de los vecinos, manteniendo a la comunidad al margen de la situaci\u00f3n de riesgo.<\/p>\n\n\n\n<figure class=\"wp-block-image size-large\"><a href=\"https:\/\/i0.wp.com\/elterritorialweb.com.ar\/web\/wp-content\/uploads\/2025\/09\/IMG-20250912-WA0070.jpg\"><img data-recalc-dims=\"1\" decoding=\"async\" width=\"640\" height=\"360\" data-src=\"https:\/\/i0.wp.com\/elterritorialweb.com.ar\/web\/wp-content\/uploads\/2025\/09\/IMG-20250912-WA0070.jpg?resize=640%2C360\" alt=\"\" class=\"wp-image-78741 lazyload\" data-srcset=\"https:\/\/i0.wp.com\/elterritorialweb.com.ar\/web\/wp-content\/uploads\/2025\/09\/IMG-20250912-WA0070.jpg?resize=1024%2C576 1024w, https:\/\/i0.wp.com\/elterritorialweb.com.ar\/web\/wp-content\/uploads\/2025\/09\/IMG-20250912-WA0070.jpg?resize=300%2C169 300w, https:\/\/i0.wp.com\/elterritorialweb.com.ar\/web\/wp-content\/uploads\/2025\/09\/IMG-20250912-WA0070.jpg?resize=768%2C432 768w, https:\/\/i0.wp.com\/elterritorialweb.com.ar\/web\/wp-content\/uploads\/2025\/09\/IMG-20250912-WA0070.jpg?resize=1536%2C864 1536w, https:\/\/i0.wp.com\/elterritorialweb.com.ar\/web\/wp-content\/uploads\/2025\/09\/IMG-20250912-WA0070.jpg?w=1600 1600w, https:\/\/i0.wp.com\/elterritorialweb.com.ar\/web\/wp-content\/uploads\/2025\/09\/IMG-20250912-WA0070.jpg?w=1280 1280w\" data-sizes=\"(max-width: 640px) 100vw, 640px\" src=\"data:image\/svg+xml;base64,PHN2ZyB3aWR0aD0iMSIgaGVpZ2h0PSIxIiB4bWxucz0iaHR0cDovL3d3dy53My5vcmcvMjAwMC9zdmciPjwvc3ZnPg==\" style=\"--smush-placeholder-width: 640px; --smush-placeholder-aspect-ratio: 640\/360;\" \/><\/a><\/figure>\n\n\n\n<p><strong>Las operaci\u00f3n de las fuerzas especiales para rescatar a la mujer<\/strong><\/p>\n\n\n\n<p>El momento de gran tensi\u00f3n se vivi\u00f3 a las 16:30, cuando las fuerzas especiales tomaron la decisi\u00f3n de irrumpir en la vivienda, para reducir al agresor quien se encontraba en el dormitorio. En la r\u00e1pida intervenci\u00f3n lograron reducirlo, quitarle el arma blanca y rescatarla.<br>La mujer, quien se encontraba en un estado de shock y nerviosismo, fue trasladada al hospital local para su atenci\u00f3n y contenci\u00f3n, encontr\u00e1ndose en condiciones estables. Mientras que el agresor, tambi\u00e9n fue derivado al nosocomio bajo custodia policial, quedando posteriormente a disposici\u00f3n de la Justicia.<\/p>\n\n\n\n<p><strong>Antecedentes del agresor<\/strong><\/p>\n\n\n\n<p>El individuo detenido cuenta con un historial de hechos vinculados a violencia de g\u00e9nero y abuso sexual en contra de su ex pareja.<br>Cabe destacar que la actual v\u00edctima dispon\u00eda de un bot\u00f3n antip\u00e1nico como medida de resguardo, aunque no lo activ\u00f3 durante el desarrollo del episodio en cuesti\u00f3n.<br>La exitosa resoluci\u00f3n del caso fue posible gracias al r\u00e1pido accionar del Comit\u00e9 de Crisis, quien evalu\u00f3 la situaci\u00f3n y dio intervenci\u00f3n a las fuerzas especiales bajo un estricto protocolo de seguridad, que priorizan en todo momento la protecci\u00f3n de las v\u00edctimas, la contenci\u00f3n de la comunidad y el respeto por la vida.<\/p>\n","protected":false},"excerpt":{"rendered":"<p>El Comit\u00e9 de Crisis conformado para el evento, tras evaluar la situaci\u00f3n, a trav\u00e9s de un equipo de negociadores, psic\u00f3logos y fiscales, permiti\u00f3 la r\u00e1pida intervenci\u00f3n del grupo especial para la resoluci\u00f3n del caso, rescatando a una mujer que permanec\u00eda privada de su libertad por su agresor.<\/p>\n","protected":false},"author":2,"featured_media":78740,"comment_status":"open","ping_status":"open","sticky":false,"template":"","format":"standard","meta":{"om_disable_all_campaigns":false,"_monsterinsights_skip_tracking":false,"_monsterinsights_sitenote_active":false,"_monsterinsights_sitenote_note":"","_monsterinsights_sitenote_category":0,"_uf_show_specific_survey":0,"_uf_disable_surveys":false,"jetpack_post_was_ever_published":false,"_jetpack_newsletter_access":"","_jetpack_dont_email_post_to_subs":false,"_jetpack_newsletter_tier_id":0,"_jetpack_memberships_contains_paywalled_content":false,"_jetpack_memberships_contains_paid_content":false,"footnotes":"","jetpack_publicize_message":"","jetpack_publicize_feature_enabled":true,"jetpack_social_post_already_shared":true,"jetpack_social_options":{"image_generator_settings":{"template":"highway","default_image_id":0,"font":"","enabled":false},"version":2}},"categories":[4,36],"tags":[],"class_list":["post-78739","post","type-post","status-publish","format-standard","has-post-thumbnail","hentry","category-destacadas","category-policiales"],"aioseo_notices":[],"views":23,"jetpack_publicize_connections":[],"jetpack_featured_media_url":"https:\/\/i0.wp.com\/elterritorialweb.com.ar\/web\/wp-content\/uploads\/2025\/09\/IMG-20250912-WA0068.jpg?fit=1166%2C612","jetpack_sharing_enabled":true,"_links":{"self":[{"href":"http:\/\/elterritorialweb.com.ar\/web\/wp-json\/wp\/v2\/posts\/78739","targetHints":{"allow":["GET"]}}],"collection":[{"href":"http:\/\/elterritorialweb.com.ar\/web\/wp-json\/wp\/v2\/posts"}],"about":[{"href":"http:\/\/elterritorialweb.com.ar\/web\/wp-json\/wp\/v2\/types\/post"}],"author":[{"embeddable":true,"href":"http:\/\/elterritorialweb.com.ar\/web\/wp-json\/wp\/v2\/users\/2"}],"replies":[{"embeddable":true,"href":"http:\/\/elterritorialweb.com.ar\/web\/wp-json\/wp\/v2\/comments?post=78739"}],"version-history":[{"count":1,"href":"http:\/\/elterritorialweb.com.ar\/web\/wp-json\/wp\/v2\/posts\/78739\/revisions"}],"predecessor-version":[{"id":78742,"href":"http:\/\/elterritorialweb.com.ar\/web\/wp-json\/wp\/v2\/posts\/78739\/revisions\/78742"}],"wp:featuredmedia":[{"embeddable":true,"href":"http:\/\/elterritorialweb.com.ar\/web\/wp-json\/wp\/v2\/media\/78740"}],"wp:attachment":[{"href":"http:\/\/elterritorialweb.com.ar\/web\/wp-json\/wp\/v2\/media?parent=78739"}],"wp:term":[{"taxonomy":"category","embeddable":true,"href":"http:\/\/elterritorialweb.com.ar\/web\/wp-json\/wp\/v2\/categories?post=78739"},{"taxonomy":"post_tag","embeddable":true,"href":"http:\/\/elterritorialweb.com.ar\/web\/wp-json\/wp\/v2\/tags?post=78739"}],"curies":[{"name":"wp","href":"https:\/\/api.w.org\/{rel}","templated":true}]}}