{"id":78743,"date":"2025-09-13T01:58:44","date_gmt":"2025-09-13T01:58:44","guid":{"rendered":"https:\/\/elterritorialweb.com.ar\/web\/?p=78743"},"modified":"2025-09-13T01:58:46","modified_gmt":"2025-09-13T01:58:46","slug":"la-policia-de-santiago-desarrollara-una-plataforma-web-para-denuncias-online","status":"publish","type":"post","link":"http:\/\/elterritorialweb.com.ar\/web\/la-policia-de-santiago-desarrollara-una-plataforma-web-para-denuncias-online\/","title":{"rendered":"LA POLIC\u00cdA DE SANTIAGO DESARROLLAR\u00c1 UNA PLATAFORMA WEB PARA DENUNCIAS ONLINE"},"content":{"rendered":"\n<p>El proyecto estar\u00e1 a cargo del equipo de desarrolladores de software de la Polic\u00eda de Santiago del Estero, que ya inici\u00f3 un proceso de cooperaci\u00f3n e intercambio de experiencias con la provincia de Salta. Durante una visita institucional, la delegaci\u00f3n santiague\u00f1a \u2014integrada por el subjefe de polic\u00eda y programadores\u2014 fue recibida por el vicegobernador Antonio Marocco, el procurador general Pedro Oscar Garc\u00eda Castiella y su equipo t\u00e9cnico, quienes compartieron detalles del funcionamiento del sistema ya implementado en ese territorio.<\/p>\n\n\n\n<p>La iniciativa contempla dos sistemas integrados. El primero estar\u00e1 orientado a la ciudadan\u00eda, para que las v\u00edctimas de delitos puedan radicar sus denuncias de forma r\u00e1pida y sencilla. Este m\u00f3dulo contar\u00e1 con instructivos audiovisuales que ser\u00e1n difundidos en plataformas como YouTube, Facebook, Instagram y TikTok.<\/p>\n\n\n\n<p>El segundo sistema estar\u00e1 destinado al uso operativo de las dependencias policiales, compartiendo informaci\u00f3n en tiempo real con el Ministerio P\u00fablico Fiscal. Incorporar\u00e1 un c\u00f3digo de barras \u00fanico para la identificaci\u00f3n de cada denuncia y permitir\u00e1 tambi\u00e9n la carga digital posterior en casos donde no se cuente con conexi\u00f3n a internet.<\/p>\n\n\n\n<p>Adem\u00e1s, la plataforma ofrecer\u00e1 herramientas de an\u00e1lisis como estad\u00edsticas, mapas de calor y geolocalizaci\u00f3n de hechos delictivos. Estos datos servir\u00e1n para dise\u00f1ar planes de intervenci\u00f3n policial m\u00e1s precisos, optimizando el uso de recursos humanos, log\u00edsticos y tecnol\u00f3gicos, con el fin de fortalecer la prevenci\u00f3n del delito.<\/p>\n\n\n\n<p>Con esta medida, el Gobierno provincial ratifica su compromiso con la transformaci\u00f3n digital en el \u00e1mbito de la seguridad p\u00fablica, avanzando hacia un modelo m\u00e1s \u00e1gil, eficiente y cercano a las necesidades de la comunidad.<\/p>\n","protected":false},"excerpt":{"rendered":"<p>En el marco de las pol\u00edticas p\u00fablicas de modernizaci\u00f3n e innovaci\u00f3n tecnol\u00f3gica impulsadas por el Gobierno de la Provincia, la Secretar\u00eda de Seguridad anunci\u00f3 la creaci\u00f3n de una plataforma web que permitir\u00e1 a los santiague\u00f1os realizar denuncias de manera digital desde cualquier dispositivo m\u00f3vil o computadora.<\/p>\n","protected":false},"author":2,"featured_media":78744,"comment_status":"open","ping_status":"open","sticky":false,"template":"","format":"standard","meta":{"om_disable_all_campaigns":false,"_monsterinsights_skip_tracking":false,"_monsterinsights_sitenote_active":false,"_monsterinsights_sitenote_note":"","_monsterinsights_sitenote_category":0,"_uf_show_specific_survey":0,"_uf_disable_surveys":false,"jetpack_post_was_ever_published":false,"_jetpack_newsletter_access":"","_jetpack_dont_email_post_to_subs":false,"_jetpack_newsletter_tier_id":0,"_jetpack_memberships_contains_paywalled_content":false,"_jetpack_memberships_contains_paid_content":false,"footnotes":"","jetpack_publicize_message":"","jetpack_publicize_feature_enabled":true,"jetpack_social_post_already_shared":true,"jetpack_social_options":{"image_generator_settings":{"template":"highway","default_image_id":0,"font":"","enabled":false},"version":2}},"categories":[4,36],"tags":[604],"class_list":["post-78743","post","type-post","status-publish","format-standard","has-post-thumbnail","hentry","category-destacadas","category-policiales","tag-policia-de-la-provincia-de-santiago-del-estero"],"aioseo_notices":[],"views":22,"jetpack_publicize_connections":[],"jetpack_featured_media_url":"https:\/\/i0.wp.com\/elterritorialweb.com.ar\/web\/wp-content\/uploads\/2025\/09\/IMG-20250912-WA0071.jpg?fit=1280%2C865","jetpack_sharing_enabled":true,"_links":{"self":[{"href":"http:\/\/elterritorialweb.com.ar\/web\/wp-json\/wp\/v2\/posts\/78743","targetHints":{"allow":["GET"]}}],"collection":[{"href":"http:\/\/elterritorialweb.com.ar\/web\/wp-json\/wp\/v2\/posts"}],"about":[{"href":"http:\/\/elterritorialweb.com.ar\/web\/wp-json\/wp\/v2\/types\/post"}],"author":[{"embeddable":true,"href":"http:\/\/elterritorialweb.com.ar\/web\/wp-json\/wp\/v2\/users\/2"}],"replies":[{"embeddable":true,"href":"http:\/\/elterritorialweb.com.ar\/web\/wp-json\/wp\/v2\/comments?post=78743"}],"version-history":[{"count":1,"href":"http:\/\/elterritorialweb.com.ar\/web\/wp-json\/wp\/v2\/posts\/78743\/revisions"}],"predecessor-version":[{"id":78745,"href":"http:\/\/elterritorialweb.com.ar\/web\/wp-json\/wp\/v2\/posts\/78743\/revisions\/78745"}],"wp:featuredmedia":[{"embeddable":true,"href":"http:\/\/elterritorialweb.com.ar\/web\/wp-json\/wp\/v2\/media\/78744"}],"wp:attachment":[{"href":"http:\/\/elterritorialweb.com.ar\/web\/wp-json\/wp\/v2\/media?parent=78743"}],"wp:term":[{"taxonomy":"category","embeddable":true,"href":"http:\/\/elterritorialweb.com.ar\/web\/wp-json\/wp\/v2\/categories?post=78743"},{"taxonomy":"post_tag","embeddable":true,"href":"http:\/\/elterritorialweb.com.ar\/web\/wp-json\/wp\/v2\/tags?post=78743"}],"curies":[{"name":"wp","href":"https:\/\/api.w.org\/{rel}","templated":true}]}}