{"id":80092,"date":"2025-11-06T01:44:26","date_gmt":"2025-11-06T01:44:26","guid":{"rendered":"https:\/\/elterritorialweb.com.ar\/web\/?p=80092"},"modified":"2025-11-06T01:44:28","modified_gmt":"2025-11-06T01:44:28","slug":"lanzan-el-concurso-de-cortometrajes-mostrahistorias-ii-para-impulsar-la-creacion-audiovisual-santiaguena","status":"publish","type":"post","link":"http:\/\/elterritorialweb.com.ar\/web\/lanzan-el-concurso-de-cortometrajes-mostrahistorias-ii-para-impulsar-la-creacion-audiovisual-santiaguena\/","title":{"rendered":"LANZAN EL CONCURSO DE CORTOMETRAJES \u201cMOSTRAHISTORIAS II\u201d PARA IMPULSAR LA CREACI\u00d3N AUDIOVISUAL SANTIAGUE\u00d1A"},"content":{"rendered":"\n<p>La <strong>Mostra Visual<\/strong>, en conjunto con la <strong>Municipalidad de la Capital<\/strong>, anunci\u00f3 el lanzamiento del <strong>concurso de cortometrajes \u201cMostraHistorias II\u201d<\/strong>, una iniciativa que busca promover la producci\u00f3n audiovisual en Santiago del Estero, visibilizando la diversidad, el patrimonio y la identidad cultural de la provincia.<\/p>\n\n\n\n<p>El certamen otorgar\u00e1 <strong>premios de $500.000, $250.000 y $150.000 para los tres primeros<\/strong> lugares, adem\u00e1s de una nueva categor\u00eda dedicada al <strong>mejor cortometraje de animaci\u00f3n<\/strong>, que contar\u00e1 con un <strong>premio especial de $300.000<\/strong>. Tambi\u00e9n se entregar\u00e1n <strong>reconocimientos especiales <\/strong>y un Premio del P\u00fablico, <strong>con un monto de $100.000.<\/strong><\/p>\n\n\n\n<p>Las obras podr\u00e1n presentarse hasta el 4 de diciembre de 2025, y los interesados podr\u00e1n acceder al formulario de inscripci\u00f3n y a las bases completas a trav\u00e9s del enlace: <a href=\"https:\/\/forms.gle\/K55rQiq3x6YM1A3o8\"><strong>https:\/\/forms.gle\/K55rQiq3x6YM1A3o8<\/strong><\/a>.<\/p>\n\n\n\n<p>Adem\u00e1s del concurso, esta edici\u00f3n incluir\u00e1 proyecciones, una feria gastron\u00f3mica, una muestra fotogr\u00e1fica y un cierre musical, consolidando as\u00ed un espacio integral de encuentro cultural.<\/p>\n\n\n\n<p>Las consultas y comunicaciones se recibir\u00e1n a trav\u00e9s de las redes sociales oficiales de La Mostra Visual en Instagram y Facebook, o mediante el correo electr\u00f3nico <a href=\"mailto:lamostraconcursocortometrajes@gmail.com\"><strong>lamostraconcursocortometrajes@gmail.com<\/strong><\/a>.<\/p>\n\n\n\n<p><\/p>\n","protected":false},"excerpt":{"rendered":"<p>La Mostra Visual y la Municipalidad de la Capital abren la convocatoria para realizadores locales con importantes premios y nuevas categor\u00edas.<\/p>\n","protected":false},"author":2,"featured_media":80093,"comment_status":"open","ping_status":"open","sticky":false,"template":"","format":"standard","meta":{"om_disable_all_campaigns":false,"_monsterinsights_skip_tracking":false,"_monsterinsights_sitenote_active":false,"_monsterinsights_sitenote_note":"","_monsterinsights_sitenote_category":0,"_uf_show_specific_survey":0,"_uf_disable_surveys":false,"jetpack_post_was_ever_published":false,"_jetpack_newsletter_access":"","_jetpack_dont_email_post_to_subs":false,"_jetpack_newsletter_tier_id":0,"_jetpack_memberships_contains_paywalled_content":false,"_jetpack_memberships_contains_paid_content":false,"footnotes":"","jetpack_publicize_message":"","jetpack_publicize_feature_enabled":true,"jetpack_social_post_already_shared":true,"jetpack_social_options":{"image_generator_settings":{"template":"highway","default_image_id":0,"font":"","enabled":false},"version":2}},"categories":[4,21],"tags":[1071],"class_list":["post-80092","post","type-post","status-publish","format-standard","has-post-thumbnail","hentry","category-destacadas","category-locales","tag-mostra-visual"],"aioseo_notices":[],"views":12,"jetpack_publicize_connections":[],"jetpack_featured_media_url":"https:\/\/i0.wp.com\/elterritorialweb.com.ar\/web\/wp-content\/uploads\/2025\/11\/Screenshot_20251105_223944_Instagram.jpg?fit=767%2C489","jetpack_sharing_enabled":true,"_links":{"self":[{"href":"http:\/\/elterritorialweb.com.ar\/web\/wp-json\/wp\/v2\/posts\/80092","targetHints":{"allow":["GET"]}}],"collection":[{"href":"http:\/\/elterritorialweb.com.ar\/web\/wp-json\/wp\/v2\/posts"}],"about":[{"href":"http:\/\/elterritorialweb.com.ar\/web\/wp-json\/wp\/v2\/types\/post"}],"author":[{"embeddable":true,"href":"http:\/\/elterritorialweb.com.ar\/web\/wp-json\/wp\/v2\/users\/2"}],"replies":[{"embeddable":true,"href":"http:\/\/elterritorialweb.com.ar\/web\/wp-json\/wp\/v2\/comments?post=80092"}],"version-history":[{"count":1,"href":"http:\/\/elterritorialweb.com.ar\/web\/wp-json\/wp\/v2\/posts\/80092\/revisions"}],"predecessor-version":[{"id":80094,"href":"http:\/\/elterritorialweb.com.ar\/web\/wp-json\/wp\/v2\/posts\/80092\/revisions\/80094"}],"wp:featuredmedia":[{"embeddable":true,"href":"http:\/\/elterritorialweb.com.ar\/web\/wp-json\/wp\/v2\/media\/80093"}],"wp:attachment":[{"href":"http:\/\/elterritorialweb.com.ar\/web\/wp-json\/wp\/v2\/media?parent=80092"}],"wp:term":[{"taxonomy":"category","embeddable":true,"href":"http:\/\/elterritorialweb.com.ar\/web\/wp-json\/wp\/v2\/categories?post=80092"},{"taxonomy":"post_tag","embeddable":true,"href":"http:\/\/elterritorialweb.com.ar\/web\/wp-json\/wp\/v2\/tags?post=80092"}],"curies":[{"name":"wp","href":"https:\/\/api.w.org\/{rel}","templated":true}]}}