{"id":80103,"date":"2025-11-07T03:30:21","date_gmt":"2025-11-07T03:30:21","guid":{"rendered":"https:\/\/elterritorialweb.com.ar\/web\/?p=80103"},"modified":"2025-11-07T03:30:23","modified_gmt":"2025-11-07T03:30:23","slug":"sancionan-a-un-policia-por-uso-indebido-del-celular-durante-el-servicio","status":"publish","type":"post","link":"http:\/\/elterritorialweb.com.ar\/web\/sancionan-a-un-policia-por-uso-indebido-del-celular-durante-el-servicio\/","title":{"rendered":"SANCIONAN A UN POLIC\u00cdA POR USO INDEBIDO DEL CELULAR DURANTE EL SERVICIO"},"content":{"rendered":"\n<p>La <strong>Jefatura Central de Polic\u00eda<\/strong> resolvi\u00f3 aplicar una <strong>sanci\u00f3n administrativa a un efectivo<\/strong> de la fuerza provincial, luego de comprobarse una <strong>falta durante el cumplimiento de su servicio<\/strong>, tras la difusi\u00f3n en redes sociales de im\u00e1genes que evidenciaban una conducta inadecuada.<\/p>\n\n\n\n<p>Seg\u00fan se inform\u00f3 oficialmente, la medida fue adoptada al constatar que el <strong>agente utilizaba su tel\u00e9fono celular de manera indebida mientras realizaba tareas de prevenci\u00f3n <\/strong>en la zona c\u00e9ntrica de la ciudad Capital.<\/p>\n\n\n\n<p>Desde la Instituci\u00f3n se consider\u00f3 que esta acci\u00f3n constituye una falta al servicio, al reflejar<em> \u201cfalta de profesionalismo y responsabilidad en el ejercicio de la funci\u00f3n policial\u201d.<\/em><\/p>\n\n\n\n<p>Por disposici\u00f3n de las m\u00e1ximas autoridades, el efectivo fue puesto a disposici\u00f3n de la <strong>Direcci\u00f3n General de Recursos Humanos <\/strong>para el procedimiento disciplinario correspondiente.<\/p>\n\n\n\n<p>Finalmente, la <strong>Jefatura Central de Polic\u00eda <\/strong>reiter\u00f3 que no se permitir\u00e1 bajo ning\u00fan concepto este tipo de comportamientos dentro de la Fuerza, recordando que est\u00e1 terminantemente prohibido el uso de tel\u00e9fonos celulares o dispositivos electr\u00f3nicos personales durante el servicio.<\/p>\n\n\n\n<p>Asimismo, se subray\u00f3 que este tipo de conductas constituye un incumplimiento a los deberes de la funci\u00f3n policial y acarrea sanciones disciplinarias conforme a las normativas vigentes.<\/p>\n","protected":false},"excerpt":{"rendered":"<p>La Jefatura Central de Polic\u00eda dispuso una sanci\u00f3n administrativa tras la viralizaci\u00f3n de im\u00e1genes del efectivo en una conducta inapropiada.<\/p>\n","protected":false},"author":2,"featured_media":80104,"comment_status":"open","ping_status":"open","sticky":false,"template":"","format":"standard","meta":{"om_disable_all_campaigns":false,"_monsterinsights_skip_tracking":false,"_monsterinsights_sitenote_active":false,"_monsterinsights_sitenote_note":"","_monsterinsights_sitenote_category":0,"_uf_show_specific_survey":0,"_uf_disable_surveys":false,"jetpack_post_was_ever_published":false,"_jetpack_newsletter_access":"","_jetpack_dont_email_post_to_subs":false,"_jetpack_newsletter_tier_id":0,"_jetpack_memberships_contains_paywalled_content":false,"_jetpack_memberships_contains_paid_content":false,"footnotes":"","jetpack_publicize_message":"","jetpack_publicize_feature_enabled":true,"jetpack_social_post_already_shared":true,"jetpack_social_options":{"image_generator_settings":{"template":"highway","default_image_id":0,"font":"","enabled":false},"version":2}},"categories":[4,36],"tags":[604],"class_list":["post-80103","post","type-post","status-publish","format-standard","has-post-thumbnail","hentry","category-destacadas","category-policiales","tag-policia-de-la-provincia-de-santiago-del-estero"],"aioseo_notices":[],"views":13,"jetpack_publicize_connections":[],"jetpack_featured_media_url":"https:\/\/i0.wp.com\/elterritorialweb.com.ar\/web\/wp-content\/uploads\/2025\/11\/FB_IMG_1762485782443.jpg?fit=260%2C195","jetpack_sharing_enabled":true,"_links":{"self":[{"href":"http:\/\/elterritorialweb.com.ar\/web\/wp-json\/wp\/v2\/posts\/80103","targetHints":{"allow":["GET"]}}],"collection":[{"href":"http:\/\/elterritorialweb.com.ar\/web\/wp-json\/wp\/v2\/posts"}],"about":[{"href":"http:\/\/elterritorialweb.com.ar\/web\/wp-json\/wp\/v2\/types\/post"}],"author":[{"embeddable":true,"href":"http:\/\/elterritorialweb.com.ar\/web\/wp-json\/wp\/v2\/users\/2"}],"replies":[{"embeddable":true,"href":"http:\/\/elterritorialweb.com.ar\/web\/wp-json\/wp\/v2\/comments?post=80103"}],"version-history":[{"count":1,"href":"http:\/\/elterritorialweb.com.ar\/web\/wp-json\/wp\/v2\/posts\/80103\/revisions"}],"predecessor-version":[{"id":80105,"href":"http:\/\/elterritorialweb.com.ar\/web\/wp-json\/wp\/v2\/posts\/80103\/revisions\/80105"}],"wp:featuredmedia":[{"embeddable":true,"href":"http:\/\/elterritorialweb.com.ar\/web\/wp-json\/wp\/v2\/media\/80104"}],"wp:attachment":[{"href":"http:\/\/elterritorialweb.com.ar\/web\/wp-json\/wp\/v2\/media?parent=80103"}],"wp:term":[{"taxonomy":"category","embeddable":true,"href":"http:\/\/elterritorialweb.com.ar\/web\/wp-json\/wp\/v2\/categories?post=80103"},{"taxonomy":"post_tag","embeddable":true,"href":"http:\/\/elterritorialweb.com.ar\/web\/wp-json\/wp\/v2\/tags?post=80103"}],"curies":[{"name":"wp","href":"https:\/\/api.w.org\/{rel}","templated":true}]}}