{"id":80318,"date":"2025-11-17T20:56:11","date_gmt":"2025-11-17T20:56:11","guid":{"rendered":"http:\/\/elterritorialweb.com.ar\/web\/?p=80318"},"modified":"2025-11-17T20:56:14","modified_gmt":"2025-11-17T20:56:14","slug":"se-realizo-el-cierre-de-la-semana-del-prematuro-en-el-hospital-regional","status":"publish","type":"post","link":"http:\/\/elterritorialweb.com.ar\/web\/se-realizo-el-cierre-de-la-semana-del-prematuro-en-el-hospital-regional\/","title":{"rendered":"SE REALIZ\u00d3 EL CIERRE DE LA SEMANA DEL PREMATURO EN EL HOSPITAL REGIONAL"},"content":{"rendered":"\n<p>En el marco del <strong>D\u00eda Internacional del Beb\u00e9 Prematuro<\/strong>, el <strong>servicio de Neonatolog\u00eda del Hospital Regional<\/strong> llev\u00f3 a cabo el<strong> acto de cierre de la Semana del Prematuro<\/strong>, que <strong>se desarroll\u00f3 del 11 al 17 de noviembre<\/strong>, con una jornada emotiva en sus instalaciones.<\/p>\n\n\n\n<p>Durante el encuentro, se record\u00f3 que se considera <strong>prematuro a todo beb\u00e9 que nace antes de las 37 semanas de gestaci\u00f3n,<\/strong> una condici\u00f3n que puede estar asociada a diversos factores, como antecedentes de<strong> parto prematuro, diabetes Tipo 1, Tipo 2 o gestacional, hipertensi\u00f3n cr\u00f3nica, consumo problem\u00e1tico de sustancias, embarazo m\u00faltiple, infecciones sist\u00e9micas u obst\u00e9tricas, trombofilias, anemia severa, desnutrici\u00f3n, obesidad y t\u00e9cnicas de reproducci\u00f3n asistida, <\/strong>entre otros. En este contexto, especialistas destacaron la importancia del control prenatal, la adopci\u00f3n de h\u00e1bitos saludables y el manejo responsable de condiciones m\u00e9dicas preexistentes.<\/p>\n\n\n\n<p>El acto cont\u00f3 con la participaci\u00f3n del secretario de Salud de la provincia,<strong> Gustavo Sabalza<\/strong>; la directora ejecutiva del Hospital Regional, <strong>M\u00f3nica Salvatierra<\/strong>; el jefe del servicio de Neonatolog\u00eda, <strong>Jos\u00e9 Chara<\/strong>; adem\u00e1s de autoridades del Ministerio de Salud, personal m\u00e9dico y de enfermer\u00eda, y familias que atravesaron la experiencia del nacimiento prematuro.<\/p>\n\n\n\n<figure class=\"wp-block-image size-large\"><a href=\"https:\/\/i0.wp.com\/elterritorialweb.com.ar\/web\/wp-content\/uploads\/2025\/11\/Regional-prematuro.jpeg\"><img data-recalc-dims=\"1\" decoding=\"async\" width=\"640\" height=\"426\" data-src=\"https:\/\/i0.wp.com\/elterritorialweb.com.ar\/web\/wp-content\/uploads\/2025\/11\/Regional-prematuro.jpeg?resize=640%2C426\" alt=\"\" class=\"wp-image-80321 lazyload\" data-srcset=\"https:\/\/i0.wp.com\/elterritorialweb.com.ar\/web\/wp-content\/uploads\/2025\/11\/Regional-prematuro.jpeg?resize=1024%2C682 1024w, https:\/\/i0.wp.com\/elterritorialweb.com.ar\/web\/wp-content\/uploads\/2025\/11\/Regional-prematuro.jpeg?resize=300%2C200 300w, https:\/\/i0.wp.com\/elterritorialweb.com.ar\/web\/wp-content\/uploads\/2025\/11\/Regional-prematuro.jpeg?resize=768%2C512 768w, https:\/\/i0.wp.com\/elterritorialweb.com.ar\/web\/wp-content\/uploads\/2025\/11\/Regional-prematuro.jpeg?w=1280 1280w\" data-sizes=\"(max-width: 640px) 100vw, 640px\" src=\"data:image\/svg+xml;base64,PHN2ZyB3aWR0aD0iMSIgaGVpZ2h0PSIxIiB4bWxucz0iaHR0cDovL3d3dy53My5vcmcvMjAwMC9zdmciPjwvc3ZnPg==\" style=\"--smush-placeholder-width: 640px; --smush-placeholder-aspect-ratio: 640\/426;\" \/><\/a><\/figure>\n\n\n\n<p>Durante la ceremonia, varias familias compartieron sus testimonios, resaltando la calidad del servicio y la contenci\u00f3n brindada por los profesionales de Neonatolog\u00eda. Expresaron su agradecimiento por el acompa\u00f1amiento permanente y la calidez humana del equipo de salud.<\/p>\n\n\n\n<p>Al dirigirse a los presentes, el secretario de Salud, <strong>Gustavo Sabalza<\/strong>, felicit\u00f3 al personal del servicio y destac\u00f3 los importantes avances logrados: <em>\u201cHace dos d\u00e9cadas sobreviv\u00eda el 75% de los beb\u00e9s prematuros y hoy lo hace el 70% de los ni\u00f1os prematuros. La inversi\u00f3n es constante, lo vemos en la incorporaci\u00f3n de incubadoras, equipos multiparam\u00e9tricos y la capacitaci\u00f3n permanente del personal\u201d.<\/em> Asimismo, subray\u00f3 la importancia de la prevenci\u00f3n y de fortalecer los controles prenatales.<\/p>\n\n\n\n<p>La directora del Hospital Regional, <strong>Dra. M\u00f3nica Salvatierra, <\/strong>valor\u00f3 el esfuerzo realizado durante toda la semana: <em>\u201cHan trabajado arduamente, realizando capacitaciones y actividades de sensibilizaci\u00f3n. Agradecemos el trabajo incansable que realizan todos los d\u00edas\u201d. <\/em>Remarc\u00f3 adem\u00e1s la necesidad de que toda la familia acompa\u00f1e el proceso que atraviesa un beb\u00e9 prematuro.<\/p>\n\n\n\n<figure class=\"wp-block-image size-large\"><a href=\"https:\/\/i0.wp.com\/elterritorialweb.com.ar\/web\/wp-content\/uploads\/2025\/11\/Regional-prematuro-2.jpeg\"><img data-recalc-dims=\"1\" decoding=\"async\" width=\"640\" height=\"426\" data-src=\"https:\/\/i0.wp.com\/elterritorialweb.com.ar\/web\/wp-content\/uploads\/2025\/11\/Regional-prematuro-2.jpeg?resize=640%2C426\" alt=\"\" class=\"wp-image-80319 lazyload\" data-srcset=\"https:\/\/i0.wp.com\/elterritorialweb.com.ar\/web\/wp-content\/uploads\/2025\/11\/Regional-prematuro-2.jpeg?resize=1024%2C682 1024w, https:\/\/i0.wp.com\/elterritorialweb.com.ar\/web\/wp-content\/uploads\/2025\/11\/Regional-prematuro-2.jpeg?resize=300%2C200 300w, https:\/\/i0.wp.com\/elterritorialweb.com.ar\/web\/wp-content\/uploads\/2025\/11\/Regional-prematuro-2.jpeg?resize=768%2C512 768w, https:\/\/i0.wp.com\/elterritorialweb.com.ar\/web\/wp-content\/uploads\/2025\/11\/Regional-prematuro-2.jpeg?w=1280 1280w\" data-sizes=\"(max-width: 640px) 100vw, 640px\" src=\"data:image\/svg+xml;base64,PHN2ZyB3aWR0aD0iMSIgaGVpZ2h0PSIxIiB4bWxucz0iaHR0cDovL3d3dy53My5vcmcvMjAwMC9zdmciPjwvc3ZnPg==\" style=\"--smush-placeholder-width: 640px; --smush-placeholder-aspect-ratio: 640\/426;\" \/><\/a><\/figure>\n\n\n\n<p>El jefe del servicio de Neonatolog\u00eda,<strong> Dr. Jos\u00e9 Chara<\/strong>, explic\u00f3<em> que el nacimiento prematuro plantea m\u00faltiples desaf\u00edos tanto para el equipo m\u00e9dico como para las familias. \u201cNinguna familia est\u00e1 preparada para esta situaci\u00f3n. Por eso, el beb\u00e9 debe nacer en un servicio equipado y con personal capacitado. El trabajo es conjunto: del equipo de salud y de la familia, que es fundamental en el acompa\u00f1amiento y la presencia permanente\u201d<\/em>, se\u00f1al\u00f3.<\/p>\n\n\n\n<p>El acto cerr\u00f3 una semana de intensa labor dedicada a la reflexi\u00f3n, la formaci\u00f3n y la promoci\u00f3n del acompa\u00f1amiento integral a los beb\u00e9s prematuros y sus familias.<\/p>\n\n\n\n<p><\/p>\n","protected":false},"excerpt":{"rendered":"<p>Emotivo acto para finalizar una semana dedicada a la concientizaci\u00f3n y el acompa\u00f1amiento a familias y beb\u00e9s prematuros.<\/p>\n","protected":false},"author":2,"featured_media":80320,"comment_status":"open","ping_status":"open","sticky":false,"template":"","format":"standard","meta":{"om_disable_all_campaigns":false,"_monsterinsights_skip_tracking":false,"_monsterinsights_sitenote_active":false,"_monsterinsights_sitenote_note":"","_monsterinsights_sitenote_category":0,"_uf_show_specific_survey":0,"_uf_disable_surveys":false,"jetpack_post_was_ever_published":false,"_jetpack_newsletter_access":"","_jetpack_dont_email_post_to_subs":false,"_jetpack_newsletter_tier_id":0,"_jetpack_memberships_contains_paywalled_content":false,"_jetpack_memberships_contains_paid_content":false,"footnotes":"","jetpack_publicize_message":"","jetpack_publicize_feature_enabled":true,"jetpack_social_post_already_shared":true,"jetpack_social_options":{"image_generator_settings":{"template":"highway","default_image_id":0,"font":"","enabled":false},"version":2}},"categories":[4,3],"tags":[1546,452],"class_list":["post-80318","post","type-post","status-publish","format-standard","has-post-thumbnail","hentry","category-destacadas","category-salud","tag-dia-internacional-del-bebe-prematuro","tag-hospital-regional"],"aioseo_notices":[],"views":24,"jetpack_publicize_connections":[],"jetpack_featured_media_url":"https:\/\/i0.wp.com\/elterritorialweb.com.ar\/web\/wp-content\/uploads\/2025\/11\/Regional-prematuro-1.jpeg?fit=1280%2C853","jetpack_sharing_enabled":true,"_links":{"self":[{"href":"http:\/\/elterritorialweb.com.ar\/web\/wp-json\/wp\/v2\/posts\/80318","targetHints":{"allow":["GET"]}}],"collection":[{"href":"http:\/\/elterritorialweb.com.ar\/web\/wp-json\/wp\/v2\/posts"}],"about":[{"href":"http:\/\/elterritorialweb.com.ar\/web\/wp-json\/wp\/v2\/types\/post"}],"author":[{"embeddable":true,"href":"http:\/\/elterritorialweb.com.ar\/web\/wp-json\/wp\/v2\/users\/2"}],"replies":[{"embeddable":true,"href":"http:\/\/elterritorialweb.com.ar\/web\/wp-json\/wp\/v2\/comments?post=80318"}],"version-history":[{"count":1,"href":"http:\/\/elterritorialweb.com.ar\/web\/wp-json\/wp\/v2\/posts\/80318\/revisions"}],"predecessor-version":[{"id":80322,"href":"http:\/\/elterritorialweb.com.ar\/web\/wp-json\/wp\/v2\/posts\/80318\/revisions\/80322"}],"wp:featuredmedia":[{"embeddable":true,"href":"http:\/\/elterritorialweb.com.ar\/web\/wp-json\/wp\/v2\/media\/80320"}],"wp:attachment":[{"href":"http:\/\/elterritorialweb.com.ar\/web\/wp-json\/wp\/v2\/media?parent=80318"}],"wp:term":[{"taxonomy":"category","embeddable":true,"href":"http:\/\/elterritorialweb.com.ar\/web\/wp-json\/wp\/v2\/categories?post=80318"},{"taxonomy":"post_tag","embeddable":true,"href":"http:\/\/elterritorialweb.com.ar\/web\/wp-json\/wp\/v2\/tags?post=80318"}],"curies":[{"name":"wp","href":"https:\/\/api.w.org\/{rel}","templated":true}]}}