{"id":80574,"date":"2025-12-02T02:53:44","date_gmt":"2025-12-02T02:53:44","guid":{"rendered":"http:\/\/elterritorialweb.com.ar\/web\/?p=80574"},"modified":"2025-12-02T02:53:47","modified_gmt":"2025-12-02T02:53:47","slug":"rentas-municipal-suspendera-la-atencion-al-publico-hasta-el-viernes-por-traslado-de-edificio","status":"publish","type":"post","link":"http:\/\/elterritorialweb.com.ar\/web\/rentas-municipal-suspendera-la-atencion-al-publico-hasta-el-viernes-por-traslado-de-edificio\/","title":{"rendered":"RENTAS MUNICIPAL SUSPENDER\u00c1 LA ATENCI\u00d3N AL P\u00daBLICO HASTA EL VIERNES POR TRASLADO DE EDIFICIO"},"content":{"rendered":"\n<p>La <strong>Municipalidad de la Capital <\/strong>inform\u00f3 que la <strong>Direcci\u00f3n de Rentas suspender\u00e1 todas sus actividades administrativas y de atenci\u00f3n al p\u00fablico durante cuatro d\u00edas, <\/strong>con motivo del traslado integral a su nuevo edificio ubicado en la esquina de Ej\u00e9rcito Argentino y Jujuy.<\/p>\n\n\n\n<p>Durante este per\u00edodo, <strong>no estar\u00e1n disponibles los tr\u00e1mites presenciales ni el funcionamiento online del sistema<\/strong>, debido al movimiento de mobiliario, personal y servidores inform\u00e1ticos. La medida alcanza tambi\u00e9n a las delegaciones ubicadas en distintos barrios.<\/p>\n\n\n\n<p>Las <strong>autoridades municipales solicitaron a los vecinos postergar cualquier gesti\u00f3n que requiera la emisi\u00f3n de tasas retributivas <\/strong>hasta que el sistema quede completamente normalizado.<\/p>\n\n\n\n<p>La atenci\u00f3n al p\u00fablico se restablecer\u00e1 una vez finalizadas las tareas de mudanza y reactivados los servicios digitales.<\/p>\n\n\n\n<p><\/p>\n","protected":false},"excerpt":{"rendered":"<p>La Direcci\u00f3n de Rentas de la Capital interrumpir\u00e1 la atenci\u00f3n presencial y online desde el martes 2 hasta el viernes 5, debido a su mudanza a una nueva sede.<\/p>\n","protected":false},"author":2,"featured_media":80575,"comment_status":"open","ping_status":"open","sticky":false,"template":"","format":"standard","meta":{"om_disable_all_campaigns":false,"_monsterinsights_skip_tracking":false,"_monsterinsights_sitenote_active":false,"_monsterinsights_sitenote_note":"","_monsterinsights_sitenote_category":0,"_uf_show_specific_survey":0,"_uf_disable_surveys":false,"jetpack_post_was_ever_published":false,"_jetpack_newsletter_access":"","_jetpack_dont_email_post_to_subs":false,"_jetpack_newsletter_tier_id":0,"_jetpack_memberships_contains_paywalled_content":false,"_jetpack_memberships_contains_paid_content":false,"footnotes":"","jetpack_publicize_message":"","jetpack_publicize_feature_enabled":true,"jetpack_social_post_already_shared":true,"jetpack_social_options":{"image_generator_settings":{"template":"highway","default_image_id":0,"font":"","enabled":false},"version":2}},"categories":[4,21],"tags":[564,73],"class_list":["post-80574","post","type-post","status-publish","format-standard","has-post-thumbnail","hentry","category-destacadas","category-locales","tag-direccion-de-rentas-de-la-municipalidad-de-la-capital","tag-municipalidad-de-la-capital"],"aioseo_notices":[],"views":10,"jetpack_publicize_connections":[],"jetpack_featured_media_url":"https:\/\/i0.wp.com\/elterritorialweb.com.ar\/web\/wp-content\/uploads\/2025\/12\/rentas-de-la-municipalidad-de-la-capital.jpg?fit=1280%2C816","jetpack_sharing_enabled":true,"_links":{"self":[{"href":"http:\/\/elterritorialweb.com.ar\/web\/wp-json\/wp\/v2\/posts\/80574","targetHints":{"allow":["GET"]}}],"collection":[{"href":"http:\/\/elterritorialweb.com.ar\/web\/wp-json\/wp\/v2\/posts"}],"about":[{"href":"http:\/\/elterritorialweb.com.ar\/web\/wp-json\/wp\/v2\/types\/post"}],"author":[{"embeddable":true,"href":"http:\/\/elterritorialweb.com.ar\/web\/wp-json\/wp\/v2\/users\/2"}],"replies":[{"embeddable":true,"href":"http:\/\/elterritorialweb.com.ar\/web\/wp-json\/wp\/v2\/comments?post=80574"}],"version-history":[{"count":1,"href":"http:\/\/elterritorialweb.com.ar\/web\/wp-json\/wp\/v2\/posts\/80574\/revisions"}],"predecessor-version":[{"id":80576,"href":"http:\/\/elterritorialweb.com.ar\/web\/wp-json\/wp\/v2\/posts\/80574\/revisions\/80576"}],"wp:featuredmedia":[{"embeddable":true,"href":"http:\/\/elterritorialweb.com.ar\/web\/wp-json\/wp\/v2\/media\/80575"}],"wp:attachment":[{"href":"http:\/\/elterritorialweb.com.ar\/web\/wp-json\/wp\/v2\/media?parent=80574"}],"wp:term":[{"taxonomy":"category","embeddable":true,"href":"http:\/\/elterritorialweb.com.ar\/web\/wp-json\/wp\/v2\/categories?post=80574"},{"taxonomy":"post_tag","embeddable":true,"href":"http:\/\/elterritorialweb.com.ar\/web\/wp-json\/wp\/v2\/tags?post=80574"}],"curies":[{"name":"wp","href":"https:\/\/api.w.org\/{rel}","templated":true}]}}