{"id":80577,"date":"2025-12-02T03:02:11","date_gmt":"2025-12-02T03:02:11","guid":{"rendered":"http:\/\/elterritorialweb.com.ar\/web\/?p=80577"},"modified":"2025-12-02T03:02:27","modified_gmt":"2025-12-02T03:02:27","slug":"la-capital-presento-su-programa-de-actividades-para-diciembre","status":"publish","type":"post","link":"http:\/\/elterritorialweb.com.ar\/web\/la-capital-presento-su-programa-de-actividades-para-diciembre\/","title":{"rendered":"LA CAPITAL PRESENT\u00d3 SU PROGRAMA DE ACTIVIDADES PARA DICIEMBRE"},"content":{"rendered":"\n<p>La <strong>Municipalidad de la Capital <\/strong>dio a conocer la cartelera de <strong>actividades que se desarrollar\u00e1n durante diciembre<\/strong>, en el marco de las <strong>celebraciones por las fiestas de fin de a\u00f1o<\/strong>, con propuestas abiertas a toda la comunidad.<\/p>\n\n\n\n<p>El mi\u00e9rcoles 3 iniciar\u00e1n las actividades en el Parque Mama Antula desde las 9, en conmemoraci\u00f3n del D\u00eda de las Personas con Discapacidad. El viernes 5, a las 18, se llevar\u00e1 a cabo la tradicional Muestra de Pesebres en la explanada del edificio municipal.<\/p>\n\n\n\n<p>El <strong>domingo 7<\/strong> se realizar\u00e1 una <strong>nueva edici\u00f3n de La Ciudad Corre<\/strong>, con largada desde el <strong>predio de los foodtrucks a las 7<\/strong>. En tanto, el<strong> lunes 8 <\/strong>ser\u00e1 el <strong>encendido oficial de las luces ornamentales y del \u00e1rbol de Navidad ecol\u00f3gico en Plaza Libertad<\/strong>, a las 20:30.<\/p>\n\n\n\n<p>La agenda continuar\u00e1 el <strong>viernes 12<\/strong> con la presentaci\u00f3n de los <strong>ganadores del concurso de cortometrajes La Mostra Visual<\/strong>, en el Parque del Encuentro a las 20. El <strong>s\u00e1bado 13<\/strong> y <strong>domingo 14<\/strong> tendr\u00e1 lugar una <strong>Feria de Emprendedores y una muestra art\u00edstica del Centro Municipal de Estudios para el Arte<\/strong>, tambi\u00e9n en el Parque del Encuentro desde las 20. Adem\u00e1s, el <strong>s\u00e1bado 13<\/strong> se celebrar\u00e1 la <strong>Noche de Danzas Latinoamericanas<\/strong>, en el Patio de la Municipalidad a las 21.<\/p>\n\n\n\n<p>El <strong>lunes 15<\/strong> se habilitar\u00e1 oficialmente la <strong>temporada de verano<\/strong>, con la presentaci\u00f3n del <strong>cuerpo de guardavidas en la playa de avenida Maradona y Puente Nuevo<\/strong>, de 15 a 21. El<strong> viernes 19<\/strong> se realizar\u00e1 el <strong>Encuentro del D\u00eda Nacional del Tango<\/strong> en Plaza Libertad a las 19:30.<\/p>\n\n\n\n<p>Finalmente, el <strong>s\u00e1bado 20 <\/strong>y<strong> domingo 21<\/strong> se desarrollar\u00e1n la <strong>Navidad de los Pueblos en el Parque del Encuentro, <\/strong>desde las 20, y la<strong> Expo Navidad en Plaza Libertad<\/strong>, a partir de las 19, ofreciendo m\u00faltiples propuestas para celebrar en comunidad.<\/p>\n\n\n\n<p><\/p>\n","protected":false},"excerpt":{"rendered":"<p>La Municipalidad lanz\u00f3 una extensa agenda art\u00edstica, deportiva y social por las fiestas de fin de a\u00f1o.<\/p>\n","protected":false},"author":2,"featured_media":80578,"comment_status":"open","ping_status":"open","sticky":false,"template":"","format":"standard","meta":{"om_disable_all_campaigns":false,"_monsterinsights_skip_tracking":false,"_monsterinsights_sitenote_active":false,"_monsterinsights_sitenote_note":"","_monsterinsights_sitenote_category":0,"_uf_show_specific_survey":0,"_uf_disable_surveys":false,"jetpack_post_was_ever_published":false,"_jetpack_newsletter_access":"","_jetpack_dont_email_post_to_subs":false,"_jetpack_newsletter_tier_id":0,"_jetpack_memberships_contains_paywalled_content":false,"_jetpack_memberships_contains_paid_content":false,"footnotes":"","jetpack_publicize_message":"","jetpack_publicize_feature_enabled":true,"jetpack_social_post_already_shared":true,"jetpack_social_options":{"image_generator_settings":{"template":"highway","default_image_id":0,"font":"","enabled":false},"version":2}},"categories":[4,21],"tags":[],"class_list":["post-80577","post","type-post","status-publish","format-standard","has-post-thumbnail","hentry","category-destacadas","category-locales"],"aioseo_notices":[],"views":19,"jetpack_publicize_connections":[],"jetpack_featured_media_url":"https:\/\/i0.wp.com\/elterritorialweb.com.ar\/web\/wp-content\/uploads\/2025\/12\/actividades-fin-de-ano.jpg?fit=2560%2C1706","jetpack_sharing_enabled":true,"_links":{"self":[{"href":"http:\/\/elterritorialweb.com.ar\/web\/wp-json\/wp\/v2\/posts\/80577","targetHints":{"allow":["GET"]}}],"collection":[{"href":"http:\/\/elterritorialweb.com.ar\/web\/wp-json\/wp\/v2\/posts"}],"about":[{"href":"http:\/\/elterritorialweb.com.ar\/web\/wp-json\/wp\/v2\/types\/post"}],"author":[{"embeddable":true,"href":"http:\/\/elterritorialweb.com.ar\/web\/wp-json\/wp\/v2\/users\/2"}],"replies":[{"embeddable":true,"href":"http:\/\/elterritorialweb.com.ar\/web\/wp-json\/wp\/v2\/comments?post=80577"}],"version-history":[{"count":1,"href":"http:\/\/elterritorialweb.com.ar\/web\/wp-json\/wp\/v2\/posts\/80577\/revisions"}],"predecessor-version":[{"id":80579,"href":"http:\/\/elterritorialweb.com.ar\/web\/wp-json\/wp\/v2\/posts\/80577\/revisions\/80579"}],"wp:featuredmedia":[{"embeddable":true,"href":"http:\/\/elterritorialweb.com.ar\/web\/wp-json\/wp\/v2\/media\/80578"}],"wp:attachment":[{"href":"http:\/\/elterritorialweb.com.ar\/web\/wp-json\/wp\/v2\/media?parent=80577"}],"wp:term":[{"taxonomy":"category","embeddable":true,"href":"http:\/\/elterritorialweb.com.ar\/web\/wp-json\/wp\/v2\/categories?post=80577"},{"taxonomy":"post_tag","embeddable":true,"href":"http:\/\/elterritorialweb.com.ar\/web\/wp-json\/wp\/v2\/tags?post=80577"}],"curies":[{"name":"wp","href":"https:\/\/api.w.org\/{rel}","templated":true}]}}