{"id":80580,"date":"2025-12-02T03:14:26","date_gmt":"2025-12-02T03:14:26","guid":{"rendered":"http:\/\/elterritorialweb.com.ar\/web\/?p=80580"},"modified":"2025-12-02T03:14:30","modified_gmt":"2025-12-02T03:14:30","slug":"el-gobierno-nacional-reasigno-partidas-del-presupuesto-2025","status":"publish","type":"post","link":"http:\/\/elterritorialweb.com.ar\/web\/el-gobierno-nacional-reasigno-partidas-del-presupuesto-2025\/","title":{"rendered":"EL GOBIERNO NACIONAL REASIGN\u00d3 PARTIDAS DEL PRESUPUESTO 2025"},"content":{"rendered":"\n<p>El <strong>Gobierno nacional<\/strong> oficializ\u00f3, a trav\u00e9s del <strong>Decreto de Necesidad y Urgencia 849\/2025<\/strong>, una serie de <strong>modificaciones al Presupuesto vigente <\/strong>que implican la <strong>reasignaci\u00f3n de partidas <\/strong>hacia \u00e1reas consideradas prioritarias para la gesti\u00f3n. Seg\u00fan lo informado, los refuerzos alcanzan a los presupuestos de <strong>Seguridad, Defensa, Salud, Educaci\u00f3n y distintos organismos vinculados a la seguridad social.<\/strong><\/p>\n\n\n\n<p>Desde el <strong>Poder Ejecutivo <\/strong>se\u00f1alaron que la decisi\u00f3n responde a la necesidad de<em> \u201cgarantizar el funcionamiento operativo del Estado\u201d<\/em> y atender demandas que se intensificaron durante el a\u00f1o. En ese marco, las partidas destinadas a Seguridad y Defensa recibir\u00e1n incrementos para fortalecer equipamiento, operatividad y estructuras de control.<\/p>\n\n\n\n<p>En <strong>Salud y Educaci\u00f3n<\/strong>, en tanto, el refuerzo presupuestario apunta a <strong>sostener servicios esenciales y programas estrat\u00e9gicos en un contexto de tensi\u00f3n financiera<\/strong>. Asimismo, el DNU incorpora mayores recursos para prestaciones y obligaciones vinculadas a la seguridad social.<\/p>\n\n\n\n<p>El <strong>Gobierno <\/strong>remarc\u00f3 que la reasignaci\u00f3n se enmarca en las facultades previstas y que busca <em>\u201cpreservar la continuidad de pol\u00edticas sensibles para la poblaci\u00f3n\u201d<\/em>, mientras contin\u00faan las discusiones parlamentarias sobre el dise\u00f1o presupuestario para el pr\u00f3ximo a\u00f1o.<\/p>\n\n\n\n<p><\/p>\n","protected":false},"excerpt":{"rendered":"<p>Un DNU dispuso refuerzos para Seguridad, Defensa, Salud, Educaci\u00f3n y \u00e1reas de la seguridad social<\/p>\n","protected":false},"author":2,"featured_media":80031,"comment_status":"open","ping_status":"open","sticky":false,"template":"","format":"standard","meta":{"om_disable_all_campaigns":false,"_monsterinsights_skip_tracking":false,"_monsterinsights_sitenote_active":false,"_monsterinsights_sitenote_note":"","_monsterinsights_sitenote_category":0,"_uf_show_specific_survey":0,"_uf_disable_surveys":false,"jetpack_post_was_ever_published":false,"_jetpack_newsletter_access":"","_jetpack_dont_email_post_to_subs":false,"_jetpack_newsletter_tier_id":0,"_jetpack_memberships_contains_paywalled_content":false,"_jetpack_memberships_contains_paid_content":false,"footnotes":"","jetpack_publicize_message":"","jetpack_publicize_feature_enabled":true,"jetpack_social_post_already_shared":true,"jetpack_social_options":{"image_generator_settings":{"template":"highway","default_image_id":0,"font":"","enabled":false},"version":2}},"categories":[4,7],"tags":[],"class_list":["post-80580","post","type-post","status-publish","format-standard","has-post-thumbnail","hentry","category-destacadas","category-nacionales"],"aioseo_notices":[],"views":20,"jetpack_publicize_connections":[],"jetpack_featured_media_url":"https:\/\/i0.wp.com\/elterritorialweb.com.ar\/web\/wp-content\/uploads\/2025\/11\/gabinete-milei-e1762213648260.jpg?fit=1200%2C648","jetpack_sharing_enabled":true,"_links":{"self":[{"href":"http:\/\/elterritorialweb.com.ar\/web\/wp-json\/wp\/v2\/posts\/80580","targetHints":{"allow":["GET"]}}],"collection":[{"href":"http:\/\/elterritorialweb.com.ar\/web\/wp-json\/wp\/v2\/posts"}],"about":[{"href":"http:\/\/elterritorialweb.com.ar\/web\/wp-json\/wp\/v2\/types\/post"}],"author":[{"embeddable":true,"href":"http:\/\/elterritorialweb.com.ar\/web\/wp-json\/wp\/v2\/users\/2"}],"replies":[{"embeddable":true,"href":"http:\/\/elterritorialweb.com.ar\/web\/wp-json\/wp\/v2\/comments?post=80580"}],"version-history":[{"count":1,"href":"http:\/\/elterritorialweb.com.ar\/web\/wp-json\/wp\/v2\/posts\/80580\/revisions"}],"predecessor-version":[{"id":80581,"href":"http:\/\/elterritorialweb.com.ar\/web\/wp-json\/wp\/v2\/posts\/80580\/revisions\/80581"}],"wp:featuredmedia":[{"embeddable":true,"href":"http:\/\/elterritorialweb.com.ar\/web\/wp-json\/wp\/v2\/media\/80031"}],"wp:attachment":[{"href":"http:\/\/elterritorialweb.com.ar\/web\/wp-json\/wp\/v2\/media?parent=80580"}],"wp:term":[{"taxonomy":"category","embeddable":true,"href":"http:\/\/elterritorialweb.com.ar\/web\/wp-json\/wp\/v2\/categories?post=80580"},{"taxonomy":"post_tag","embeddable":true,"href":"http:\/\/elterritorialweb.com.ar\/web\/wp-json\/wp\/v2\/tags?post=80580"}],"curies":[{"name":"wp","href":"https:\/\/api.w.org\/{rel}","templated":true}]}}