{"id":80582,"date":"2025-12-02T03:52:46","date_gmt":"2025-12-02T03:52:46","guid":{"rendered":"https:\/\/elterritorialweb.com.ar\/web\/?p=80582"},"modified":"2025-12-02T04:01:00","modified_gmt":"2025-12-02T04:01:00","slug":"abel-pintos-figura-central-del-lv-festival-nacional-de-la-chacarera","status":"publish","type":"post","link":"http:\/\/elterritorialweb.com.ar\/web\/abel-pintos-figura-central-del-lv-festival-nacional-de-la-chacarera\/","title":{"rendered":"ABEL PINTOS, FIGURA CENTRAL DEL LV FESTIVAL NACIONAL DE LA CHACARERA"},"content":{"rendered":"\n<p>El <strong>LV Festival Nacional de la Chacarera<\/strong> anunci\u00f3 una grilla de lujo para su <strong>edici\u00f3n 2026<\/strong>, que tendr\u00e1 lugar el <strong>viernes 2 y s\u00e1bado 3 de enero<\/strong> en el tradicional escenario Agust\u00edn Carabajal de <strong>Plaza A\u00f1oranzas<\/strong>. Entre los n\u00fameros centrales se destaca la presencia de <strong>Abel Pintos<\/strong>, quien actuar\u00e1 el <strong>s\u00e1bado 3,<\/strong> iniciando en Santiago del Estero la <strong>celebraci\u00f3n por sus 30 a\u00f1os de trayectoria art\u00edstica.<\/strong><\/p>\n\n\n\n<p>Adem\u00e1s de la presentaci\u00f3n del reconocido cantante, el festival reunir\u00e1 a grandes referentes del folclore como el <strong>D\u00fao Coplanacu, Demi Carabajal, Roxana Carabajal, Cuti y Roberto, Los Arcanos del Desierto, Kalama Tropical, El S\u00faper de Oro, Armandito Santill\u00e1n, Marcelo Mitre y Lorena Moyano<\/strong>, entre otros artistas santiague\u00f1os.<\/p>\n\n\n\n<p>Tambi\u00e9n subir\u00e1n al escenario los ganadores del Pre-Chacarera y se rendir\u00e1 un emotivo homenaje a G\u00f3mez Basualdo. La danza tendr\u00e1 un espacio destacado con las presentaciones de diversas academias, entre ellas <strong>\u201cLatidos de Am\u00e9rica\u201d<\/strong> y <strong>la academia de San Esteban<\/strong>, reforzando el esp\u00edritu identitario de uno de los festivales m\u00e1s importantes de la m\u00fasica popular argentina.<\/p>\n\n\n\n<figure class=\"wp-block-image size-large\"><a href=\"https:\/\/i0.wp.com\/elterritorialweb.com.ar\/web\/wp-content\/uploads\/2025\/12\/IMG-20251202-WA0000.jpg\"><img data-recalc-dims=\"1\" decoding=\"async\" width=\"640\" height=\"593\" data-src=\"https:\/\/i0.wp.com\/elterritorialweb.com.ar\/web\/wp-content\/uploads\/2025\/12\/IMG-20251202-WA0000.jpg?resize=640%2C593\" alt=\"\" class=\"wp-image-80588 lazyload\" data-srcset=\"https:\/\/i0.wp.com\/elterritorialweb.com.ar\/web\/wp-content\/uploads\/2025\/12\/IMG-20251202-WA0000.jpg?resize=1024%2C949 1024w, https:\/\/i0.wp.com\/elterritorialweb.com.ar\/web\/wp-content\/uploads\/2025\/12\/IMG-20251202-WA0000.jpg?resize=300%2C278 300w, https:\/\/i0.wp.com\/elterritorialweb.com.ar\/web\/wp-content\/uploads\/2025\/12\/IMG-20251202-WA0000.jpg?resize=768%2C712 768w, https:\/\/i0.wp.com\/elterritorialweb.com.ar\/web\/wp-content\/uploads\/2025\/12\/IMG-20251202-WA0000.jpg?w=1143 1143w\" data-sizes=\"(max-width: 640px) 100vw, 640px\" src=\"data:image\/svg+xml;base64,PHN2ZyB3aWR0aD0iMSIgaGVpZ2h0PSIxIiB4bWxucz0iaHR0cDovL3d3dy53My5vcmcvMjAwMC9zdmciPjwvc3ZnPg==\" style=\"--smush-placeholder-width: 640px; --smush-placeholder-aspect-ratio: 640\/593;\" \/><\/a><\/figure>\n\n\n\n<p>Desde la organizaci\u00f3n informaron que la preventa de entradas ya se encuentra disponible en <a href=\"https:\/\/alpogo.com\/evento\/festival-de-la-chacarera-edicion-n55-23760\"><strong>Alpogo.com<\/strong><\/a> y <strong>Pago Donde Nac\u00ed<\/strong>, permitiendo al p\u00fablico asegurar su lugar para una nueva edici\u00f3n del hist\u00f3rico festival santiague\u00f1o.<\/p>\n","protected":false},"excerpt":{"rendered":"<p>La edici\u00f3n 2026 se realizar\u00e1 el 2 y 3 de enero en Plaza A\u00f1oranzas y contar\u00e1 con una cartelera de primer nivel.<\/p>\n","protected":false},"author":2,"featured_media":80590,"comment_status":"open","ping_status":"open","sticky":false,"template":"","format":"standard","meta":{"om_disable_all_campaigns":false,"_monsterinsights_skip_tracking":false,"_monsterinsights_sitenote_active":false,"_monsterinsights_sitenote_note":"","_monsterinsights_sitenote_category":0,"_uf_show_specific_survey":0,"_uf_disable_surveys":false,"jetpack_post_was_ever_published":false,"_jetpack_newsletter_access":"","_jetpack_dont_email_post_to_subs":false,"_jetpack_newsletter_tier_id":0,"_jetpack_memberships_contains_paywalled_content":false,"_jetpack_memberships_contains_paid_content":false,"footnotes":"","jetpack_publicize_message":"","jetpack_publicize_feature_enabled":true,"jetpack_social_post_already_shared":true,"jetpack_social_options":{"image_generator_settings":{"template":"highway","default_image_id":0,"font":"","enabled":false},"version":2}},"categories":[4,20],"tags":[1559],"class_list":["post-80582","post","type-post","status-publish","format-standard","has-post-thumbnail","hentry","category-destacadas","category-especysociales","tag-festival-de-la-chacarera"],"aioseo_notices":[],"views":26,"jetpack_publicize_connections":[],"jetpack_featured_media_url":"https:\/\/i0.wp.com\/elterritorialweb.com.ar\/web\/wp-content\/uploads\/2025\/12\/IMG-20251201-WA0134.jpg?fit=1600%2C1066","jetpack_sharing_enabled":true,"_links":{"self":[{"href":"http:\/\/elterritorialweb.com.ar\/web\/wp-json\/wp\/v2\/posts\/80582","targetHints":{"allow":["GET"]}}],"collection":[{"href":"http:\/\/elterritorialweb.com.ar\/web\/wp-json\/wp\/v2\/posts"}],"about":[{"href":"http:\/\/elterritorialweb.com.ar\/web\/wp-json\/wp\/v2\/types\/post"}],"author":[{"embeddable":true,"href":"http:\/\/elterritorialweb.com.ar\/web\/wp-json\/wp\/v2\/users\/2"}],"replies":[{"embeddable":true,"href":"http:\/\/elterritorialweb.com.ar\/web\/wp-json\/wp\/v2\/comments?post=80582"}],"version-history":[{"count":3,"href":"http:\/\/elterritorialweb.com.ar\/web\/wp-json\/wp\/v2\/posts\/80582\/revisions"}],"predecessor-version":[{"id":80589,"href":"http:\/\/elterritorialweb.com.ar\/web\/wp-json\/wp\/v2\/posts\/80582\/revisions\/80589"}],"wp:featuredmedia":[{"embeddable":true,"href":"http:\/\/elterritorialweb.com.ar\/web\/wp-json\/wp\/v2\/media\/80590"}],"wp:attachment":[{"href":"http:\/\/elterritorialweb.com.ar\/web\/wp-json\/wp\/v2\/media?parent=80582"}],"wp:term":[{"taxonomy":"category","embeddable":true,"href":"http:\/\/elterritorialweb.com.ar\/web\/wp-json\/wp\/v2\/categories?post=80582"},{"taxonomy":"post_tag","embeddable":true,"href":"http:\/\/elterritorialweb.com.ar\/web\/wp-json\/wp\/v2\/tags?post=80582"}],"curies":[{"name":"wp","href":"https:\/\/api.w.org\/{rel}","templated":true}]}}