{"id":80594,"date":"2025-12-03T17:57:32","date_gmt":"2025-12-03T17:57:32","guid":{"rendered":"https:\/\/elterritorialweb.com.ar\/web\/?p=80594"},"modified":"2025-12-03T18:12:57","modified_gmt":"2025-12-03T18:12:57","slug":"caso-camila-barrera-confirman-la-prision-preventiva-para-eduardo-pallares-y-se-encamina-al-cambio-de-caratula","status":"publish","type":"post","link":"http:\/\/elterritorialweb.com.ar\/web\/caso-camila-barrera-confirman-la-prision-preventiva-para-eduardo-pallares-y-se-encamina-al-cambio-de-caratula\/","title":{"rendered":"CASO CAMILA BARRERA: CONFIRMAN LA PRISI\u00d3N PREVENTIVA PARA EDUARDO PALLARES Y SE ENCAMINA AL CAMBIO DE CAR\u00c1TULA"},"content":{"rendered":"\n<p>FR\u00cdAS\/ EXCLUSIVO. La fiscal, Natalia Simoes, pidi\u00f3 la prisi\u00f3n preventiva de Eduardo Pallares (37), en la audiencia p\u00fablica de hoy, ante el juez de Control y Garant\u00edas, Guillermo Paradelo. Las evidencias aportadas por los informes socio\u2013ambientales lo incriminar\u00edan como autor del homicidio calificado en contexto de violencia de g\u00e9nero.<\/p>\n\n\n\n<p>Desde el trabajo interdisciplinario del Ministerio P\u00fablico Fiscal se conoci\u00f3 que el perfil de Pallares, \u00fanico acusado y detenido por la muerte de Camila Barrera (17), es \u201cviolento y agresivo sobre todo con las mujeres\u201d.<\/p>\n\n\n\n<p>A medida que avanza la causa se espera que en unos 15 d\u00edas, aproximadamente se conozcan los resultados de las pruebas gen\u00e9ticas de las ropas de Barrera y Pallares, as\u00ed como de los hisopados. Por otra parte este viernes la fiscal sabr\u00e1 la fecha de entrega del informe definitivo de la autopsia del cuerpo de Camila. <\/p>\n\n\n\n<p><strong>Detalles de la audiencia<\/strong><\/p>\n\n\n\n<p>Participaron virtualmente de la audiencia p\u00fablica, el padre y las t\u00edas de Camila; asimismo el abogado de la familia doctor, Franklin Moyano, quien requiri\u00f3 que se investigue con perspectiva de g\u00e9nero. <\/p>\n\n\n\n<p>En tanto, desde la Defensor\u00eda P\u00fablica, en representaci\u00f3n de Pallares, si bien no objet\u00f3 el pedido de Simoes, s\u00ed solicit\u00f3 un plazo de control durante los pr\u00f3ximos ocho meses.<\/p>\n\n\n\n<p><strong>Rosa S\u00e1nchez<\/strong>, t\u00eda de Camila, expres\u00f3 que se siente conforme con el paso que se dio, a la vez que reforz\u00f3 la idea <strong>mantener la lucha en las calles para que<em> \u201cel caso no se vaya apagando\u201d<\/em>. <\/strong><em><strong>\u201cNo vamos a bajar los brazos hasta que se cambie la car\u00e1tula y Pallares obtenga la prisi\u00f3n perpetua, del mismo modo que todas las personas involucradas\u201d<\/strong>, <\/em>en clara alusi\u00f3n a los dem\u00e1s delitos que se investigan y que est\u00e1n en manos de la Divisi\u00f3n Trata. Sobre esto \u00faltimo la doctora Simones sostuvo que se siguen en paralelo ambas causas. <\/p>\n","protected":false},"excerpt":{"rendered":"<p>En 15 d\u00edas podr\u00edan estar los resultados de las pericas gen\u00e9ticas e hisopados. <\/p>\n","protected":false},"author":2,"featured_media":80595,"comment_status":"open","ping_status":"open","sticky":false,"template":"","format":"standard","meta":{"om_disable_all_campaigns":false,"_monsterinsights_skip_tracking":false,"_monsterinsights_sitenote_active":false,"_monsterinsights_sitenote_note":"","_monsterinsights_sitenote_category":0,"_uf_show_specific_survey":0,"_uf_disable_surveys":false,"jetpack_post_was_ever_published":false,"_jetpack_newsletter_access":"","_jetpack_dont_email_post_to_subs":false,"_jetpack_newsletter_tier_id":0,"_jetpack_memberships_contains_paywalled_content":false,"_jetpack_memberships_contains_paid_content":false,"footnotes":"","jetpack_publicize_message":"","jetpack_publicize_feature_enabled":true,"jetpack_social_post_already_shared":true,"jetpack_social_options":{"image_generator_settings":{"template":"highway","default_image_id":0,"font":"","enabled":false},"version":2}},"categories":[4,35],"tags":[1540],"class_list":["post-80594","post","type-post","status-publish","format-standard","has-post-thumbnail","hentry","category-destacadas","category-interior","tag-caso-emilse-camila-barrera"],"aioseo_notices":[],"views":148,"jetpack_publicize_connections":[],"jetpack_featured_media_url":"https:\/\/i0.wp.com\/elterritorialweb.com.ar\/web\/wp-content\/uploads\/2025\/12\/IMG-20251203-WA0031.jpg?fit=600%2C572","jetpack_sharing_enabled":true,"_links":{"self":[{"href":"http:\/\/elterritorialweb.com.ar\/web\/wp-json\/wp\/v2\/posts\/80594","targetHints":{"allow":["GET"]}}],"collection":[{"href":"http:\/\/elterritorialweb.com.ar\/web\/wp-json\/wp\/v2\/posts"}],"about":[{"href":"http:\/\/elterritorialweb.com.ar\/web\/wp-json\/wp\/v2\/types\/post"}],"author":[{"embeddable":true,"href":"http:\/\/elterritorialweb.com.ar\/web\/wp-json\/wp\/v2\/users\/2"}],"replies":[{"embeddable":true,"href":"http:\/\/elterritorialweb.com.ar\/web\/wp-json\/wp\/v2\/comments?post=80594"}],"version-history":[{"count":2,"href":"http:\/\/elterritorialweb.com.ar\/web\/wp-json\/wp\/v2\/posts\/80594\/revisions"}],"predecessor-version":[{"id":80600,"href":"http:\/\/elterritorialweb.com.ar\/web\/wp-json\/wp\/v2\/posts\/80594\/revisions\/80600"}],"wp:featuredmedia":[{"embeddable":true,"href":"http:\/\/elterritorialweb.com.ar\/web\/wp-json\/wp\/v2\/media\/80595"}],"wp:attachment":[{"href":"http:\/\/elterritorialweb.com.ar\/web\/wp-json\/wp\/v2\/media?parent=80594"}],"wp:term":[{"taxonomy":"category","embeddable":true,"href":"http:\/\/elterritorialweb.com.ar\/web\/wp-json\/wp\/v2\/categories?post=80594"},{"taxonomy":"post_tag","embeddable":true,"href":"http:\/\/elterritorialweb.com.ar\/web\/wp-json\/wp\/v2\/tags?post=80594"}],"curies":[{"name":"wp","href":"https:\/\/api.w.org\/{rel}","templated":true}]}}