{"id":80601,"date":"2025-12-03T22:36:42","date_gmt":"2025-12-03T22:36:42","guid":{"rendered":"https:\/\/elterritorialweb.com.ar\/web\/?p=80601"},"modified":"2025-12-03T22:36:46","modified_gmt":"2025-12-03T22:36:46","slug":"la-provincia-logro-la-certificacion-de-calidad-para-siete-establecimientos-de-salud-publicos","status":"publish","type":"post","link":"http:\/\/elterritorialweb.com.ar\/web\/la-provincia-logro-la-certificacion-de-calidad-para-siete-establecimientos-de-salud-publicos\/","title":{"rendered":"LA PROVINCIA LOGR\u00d3 LA CERTIFICACI\u00d3N DE CALIDAD PARA SIETE ESTABLECIMIENTOS DE SALUD P\u00daBLICOS"},"content":{"rendered":"\n<p>El Ministerio de Salud de Santiago del Estero inform\u00f3 que siete establecimientos p\u00fablicos de la provincia alcanzaron la certificaci\u00f3n como Establecimientos de Salud Comprometidos con la Calidad \u2013 Nivel Inicial, un reconocimiento a nivel nacional que representa un importante avance institucional y ratifica la pol\u00edtica provincial de fortalecimiento del sistema sanitario.<\/p>\n\n\n\n<p>Los centros certificados son el Hospital Regional \u201cDr. Ram\u00f3n Carrillo\u201d, Hospital Independencia, Centro Integral de Salud Banda \u201cDr. Ricardo Abdala\u201d (CIS Banda), Hospital Neumonol\u00f3gico \u201cDr. Gumersindo Sayago\u201d, Hospital Zonal Fern\u00e1ndez \u201cDr. Rudecindo del Valle de Cazzaniga\u201d, Hospital Distrital Loreto \u201cDr. Oscar \u00c1balos\u201d y el Centro Integral de Salud Termas de R\u00edo Hondo (CISRH).<\/p>\n\n\n\n<p>El anuncio se realiz\u00f3 durante un encuentro encabezado por la ministra de Salud, Lic. Natividad Nassif, junto al secretario de Salud, Dr. Gustavo Sabalza; el coordinador general del Ministerio, Cdor. Norberto Zanni; la coordinadora operativa del Programa Sumar+, Dra. Laura Guevel; y la referente provincial de Calidad y responsable de la Asesor\u00eda M\u00e9dico Legal, Dra. Guadalupe D\u00edaz Araujo.<\/p>\n\n\n\n<p>Este reconocimiento surge de la implementaci\u00f3n de una herramienta de autoevaluaci\u00f3n de buenas pr\u00e1cticas, coordinada por la Direcci\u00f3n Nacional de Calidad del Ministerio de Salud de la Naci\u00f3n junto al Programa Sumar+, en el marco del Hito I de Mejora de la Calidad y Seguridad de la Atenci\u00f3n Sanitaria.<\/p>\n\n\n\n<p>La Dra. Guadalupe D\u00edaz Araujo destac\u00f3 que estos logros \u201creflejan un trabajo sostenido que involucr\u00f3 la carga, revisi\u00f3n y mejora de los documentos de calidad, y la puesta en marcha de pr\u00e1cticas concretas orientadas a fortalecer la seguridad del paciente. Son resultados que expresan la importancia del trabajo articulado entre equipos, instituciones y niveles de gesti\u00f3n\u201d.<\/p>\n\n\n\n<p>Asimismo, se inform\u00f3 que 11 UPAs de Capital y La Banda ya iniciaron el proceso de capacitaci\u00f3n inicial, avanzando en la construcci\u00f3n de una cultura provincial de calidad en salud.<\/p>\n\n\n\n<p>Desde los hospitales reconocidos tambi\u00e9n destacaron el impacto de la certificaci\u00f3n. El director del Hospital Gumersindo Sayago, Dr. Mart\u00edn Abutti, se\u00f1al\u00f3 que \u201cobtener esta certificaci\u00f3n es un honor muy importante. No solo mejora la formaci\u00f3n y el desempe\u00f1o de los equipos, sino que se traduce directamente en una mejor atenci\u00f3n para nuestra comunidad\u201d.<\/p>\n\n\n\n<p>En el mismo sentido, el director del Centro Integral de Salud Termas de R\u00edo Hondo, Dr. Luis Mart\u00ednez, remarc\u00f3 que \u201ceste reconocimiento es fruto de una l\u00ednea de trabajo sostenida durante seis a\u00f1os. Es el resultado del compromiso del equipo con garantizar los derechos de las personas que asisten al centro de salud\u201d.<\/p>\n\n\n\n<p>Por su parte, la Dra. Liliana Garnica, del CIS Banda, sostuvo que \u201ccualquier instituci\u00f3n necesita planificaci\u00f3n, gesti\u00f3n y compromiso para mejorar. Este reconocimiento nos impulsa a seguir fortaleciendo la excelencia de la atenci\u00f3n y el trabajo integrado de nuestros equipos\u201d.<\/p>\n\n\n\n<p>Finalmente, la ministra Natividad Nassif felicit\u00f3 a los trabajadores de la salud y subray\u00f3 que \u201cestos avances consolidan el camino hacia una salud p\u00fablica provincial m\u00e1s segura, ordenada y cercana a la gente. La calidad es un proceso continuo y es una responsabilidad compartida por cada trabajador y cada instituci\u00f3n de la red de salud\u201d.<\/p>\n","protected":false},"excerpt":{"rendered":"<p>Se trata de un reconocimiento nacional que destaca el compromiso de los hospitales y centros de salud con la mejora continua, la seguridad del paciente y la calidad en la atenci\u00f3n.<\/p>\n","protected":false},"author":2,"featured_media":80602,"comment_status":"open","ping_status":"open","sticky":false,"template":"","format":"standard","meta":{"om_disable_all_campaigns":false,"_monsterinsights_skip_tracking":false,"_monsterinsights_sitenote_active":false,"_monsterinsights_sitenote_note":"","_monsterinsights_sitenote_category":0,"_uf_show_specific_survey":0,"_uf_disable_surveys":false,"jetpack_post_was_ever_published":false,"_jetpack_newsletter_access":"","_jetpack_dont_email_post_to_subs":false,"_jetpack_newsletter_tier_id":0,"_jetpack_memberships_contains_paywalled_content":false,"_jetpack_memberships_contains_paid_content":false,"footnotes":"","jetpack_publicize_message":"","jetpack_publicize_feature_enabled":true,"jetpack_social_post_already_shared":true,"jetpack_social_options":{"image_generator_settings":{"template":"highway","default_image_id":0,"font":"","enabled":false},"version":2}},"categories":[4,3],"tags":[287],"class_list":["post-80601","post","type-post","status-publish","format-standard","has-post-thumbnail","hentry","category-destacadas","category-salud","tag-ministerio-de-salud-de-santiago-del-estero"],"aioseo_notices":[],"views":10,"jetpack_publicize_connections":[],"jetpack_featured_media_url":"https:\/\/i0.wp.com\/elterritorialweb.com.ar\/web\/wp-content\/uploads\/2025\/12\/IMG-20251203-WA0037.jpg?fit=1600%2C1200","jetpack_sharing_enabled":true,"_links":{"self":[{"href":"http:\/\/elterritorialweb.com.ar\/web\/wp-json\/wp\/v2\/posts\/80601","targetHints":{"allow":["GET"]}}],"collection":[{"href":"http:\/\/elterritorialweb.com.ar\/web\/wp-json\/wp\/v2\/posts"}],"about":[{"href":"http:\/\/elterritorialweb.com.ar\/web\/wp-json\/wp\/v2\/types\/post"}],"author":[{"embeddable":true,"href":"http:\/\/elterritorialweb.com.ar\/web\/wp-json\/wp\/v2\/users\/2"}],"replies":[{"embeddable":true,"href":"http:\/\/elterritorialweb.com.ar\/web\/wp-json\/wp\/v2\/comments?post=80601"}],"version-history":[{"count":1,"href":"http:\/\/elterritorialweb.com.ar\/web\/wp-json\/wp\/v2\/posts\/80601\/revisions"}],"predecessor-version":[{"id":80603,"href":"http:\/\/elterritorialweb.com.ar\/web\/wp-json\/wp\/v2\/posts\/80601\/revisions\/80603"}],"wp:featuredmedia":[{"embeddable":true,"href":"http:\/\/elterritorialweb.com.ar\/web\/wp-json\/wp\/v2\/media\/80602"}],"wp:attachment":[{"href":"http:\/\/elterritorialweb.com.ar\/web\/wp-json\/wp\/v2\/media?parent=80601"}],"wp:term":[{"taxonomy":"category","embeddable":true,"href":"http:\/\/elterritorialweb.com.ar\/web\/wp-json\/wp\/v2\/categories?post=80601"},{"taxonomy":"post_tag","embeddable":true,"href":"http:\/\/elterritorialweb.com.ar\/web\/wp-json\/wp\/v2\/tags?post=80601"}],"curies":[{"name":"wp","href":"https:\/\/api.w.org\/{rel}","templated":true}]}}