{"id":80620,"date":"2025-12-05T02:31:33","date_gmt":"2025-12-05T02:31:33","guid":{"rendered":"https:\/\/elterritorialweb.com.ar\/web\/?p=80620"},"modified":"2025-12-05T02:31:38","modified_gmt":"2025-12-05T02:31:38","slug":"nueva-esperanza-fue-sede-del-primer-encuentro-de-hospitales-del-norte-zona-d-del-noa","status":"publish","type":"post","link":"http:\/\/elterritorialweb.com.ar\/web\/nueva-esperanza-fue-sede-del-primer-encuentro-de-hospitales-del-norte-zona-d-del-noa\/","title":{"rendered":"NUEVA ESPERANZA FUE SEDE DEL PRIMER ENCUENTRO DE HOSPITALES DEL NORTE ZONA \u201cD\u201d DEL NOA"},"content":{"rendered":"\n<p>En la ma\u00f1ana de este jueves se llev\u00f3 a cabo el Primer Encuentro de Hospitales del Norte zona \u201cD\u201d del NOA, con la participaci\u00f3n de siete instituciones de salud de la regi\u00f3n: los hospitales de San Jos\u00e9 del Boquer\u00f3n (departamento Copo), Nueva Esperanza, El Moj\u00f3n (departamento Pellegrini), El Bobadal, Pozo Hondo, El Charco (departamento Jim\u00e9nez) y el Centro Integral de Salud de Las Termas de R\u00edo Hondo.<\/p>\n\n\n\n<p>La jornada tuvo lugar en la localidad de El Sauce, departamento Pellegrini, y fue organizada por el Hospital Zonal de Nueva Esperanza con el objetivo de mostrar el trabajo realizado durante el a\u00f1o, fortalecer la articulaci\u00f3n entre instituciones y avanzar en estrategias comunes para mejorar la atenci\u00f3n sanitaria.<\/p>\n\n\n\n<figure class=\"wp-block-image size-large\"><a href=\"https:\/\/i0.wp.com\/elterritorialweb.com.ar\/web\/wp-content\/uploads\/2025\/12\/IMG-20251204-WA0030.jpg\"><img data-recalc-dims=\"1\" decoding=\"async\" width=\"640\" height=\"427\" data-src=\"https:\/\/i0.wp.com\/elterritorialweb.com.ar\/web\/wp-content\/uploads\/2025\/12\/IMG-20251204-WA0030.jpg?resize=640%2C427\" alt=\"\" class=\"wp-image-80623 lazyload\" data-srcset=\"https:\/\/i0.wp.com\/elterritorialweb.com.ar\/web\/wp-content\/uploads\/2025\/12\/IMG-20251204-WA0030.jpg?resize=1024%2C683 1024w, https:\/\/i0.wp.com\/elterritorialweb.com.ar\/web\/wp-content\/uploads\/2025\/12\/IMG-20251204-WA0030.jpg?resize=300%2C200 300w, https:\/\/i0.wp.com\/elterritorialweb.com.ar\/web\/wp-content\/uploads\/2025\/12\/IMG-20251204-WA0030.jpg?resize=768%2C512 768w, https:\/\/i0.wp.com\/elterritorialweb.com.ar\/web\/wp-content\/uploads\/2025\/12\/IMG-20251204-WA0030.jpg?resize=1536%2C1024 1536w, https:\/\/i0.wp.com\/elterritorialweb.com.ar\/web\/wp-content\/uploads\/2025\/12\/IMG-20251204-WA0030.jpg?w=1599 1599w, https:\/\/i0.wp.com\/elterritorialweb.com.ar\/web\/wp-content\/uploads\/2025\/12\/IMG-20251204-WA0030.jpg?w=1280 1280w\" data-sizes=\"(max-width: 640px) 100vw, 640px\" src=\"data:image\/svg+xml;base64,PHN2ZyB3aWR0aD0iMSIgaGVpZ2h0PSIxIiB4bWxucz0iaHR0cDovL3d3dy53My5vcmcvMjAwMC9zdmciPjwvc3ZnPg==\" style=\"--smush-placeholder-width: 640px; --smush-placeholder-aspect-ratio: 640\/427;\" \/><\/a><\/figure>\n\n\n\n<p>La apertura estuvo encabezada por la directora del Interior, Graciela Alzogaray; la supervisora de Atenci\u00f3n Primaria de la Salud, Marcela Reina; la directora de Enfermedades Transmisibles por Vectores, Sandra Se\u00fa; la directora del Hospital Zonal de Nueva Esperanza, Rosana Rold\u00e1n; y el intendente Alberto Cazazola, junto a directores de hospitales, equipos de salud de los distintos Puestos Sanitarios de la regi\u00f3n y comisionados municipales de localidades vecinas.<\/p>\n\n\n\n<p>Las palabras de bienvenida estuvieron a cargo de Rosana Rold\u00e1n, quien agradeci\u00f3 a todos los presentes \u201cpor este hermoso momento que compartimos\u201d y subray\u00f3 que se trata de \u201cla primera vez que se realiza en la provincia un encuentro con tantos hospitales de una misma zona\u201d. Adem\u00e1s, destac\u00f3 la importancia del trabajo articulado entre los distintos equipos de salud como \u201cla mejor manera de llevar adelante la tarea diaria\u201d.<\/p>\n\n\n\n<figure class=\"wp-block-image size-large\"><a href=\"https:\/\/i0.wp.com\/elterritorialweb.com.ar\/web\/wp-content\/uploads\/2025\/12\/IMG-20251204-WA0036.jpg\"><img data-recalc-dims=\"1\" decoding=\"async\" width=\"640\" height=\"427\" data-src=\"https:\/\/i0.wp.com\/elterritorialweb.com.ar\/web\/wp-content\/uploads\/2025\/12\/IMG-20251204-WA0036.jpg?resize=640%2C427\" alt=\"\" class=\"wp-image-80621 lazyload\" data-srcset=\"https:\/\/i0.wp.com\/elterritorialweb.com.ar\/web\/wp-content\/uploads\/2025\/12\/IMG-20251204-WA0036.jpg?resize=1024%2C683 1024w, https:\/\/i0.wp.com\/elterritorialweb.com.ar\/web\/wp-content\/uploads\/2025\/12\/IMG-20251204-WA0036.jpg?resize=300%2C200 300w, https:\/\/i0.wp.com\/elterritorialweb.com.ar\/web\/wp-content\/uploads\/2025\/12\/IMG-20251204-WA0036.jpg?resize=768%2C512 768w, https:\/\/i0.wp.com\/elterritorialweb.com.ar\/web\/wp-content\/uploads\/2025\/12\/IMG-20251204-WA0036.jpg?resize=1536%2C1024 1536w, https:\/\/i0.wp.com\/elterritorialweb.com.ar\/web\/wp-content\/uploads\/2025\/12\/IMG-20251204-WA0036.jpg?w=1599 1599w, https:\/\/i0.wp.com\/elterritorialweb.com.ar\/web\/wp-content\/uploads\/2025\/12\/IMG-20251204-WA0036.jpg?w=1280 1280w\" data-sizes=\"(max-width: 640px) 100vw, 640px\" src=\"data:image\/svg+xml;base64,PHN2ZyB3aWR0aD0iMSIgaGVpZ2h0PSIxIiB4bWxucz0iaHR0cDovL3d3dy53My5vcmcvMjAwMC9zdmciPjwvc3ZnPg==\" style=\"--smush-placeholder-width: 640px; --smush-placeholder-aspect-ratio: 640\/427;\" \/><\/a><\/figure>\n\n\n\n<p>Por su parte, Graciela Alzogaray expres\u00f3 que \u201ceste espacio de di\u00e1logo y construcci\u00f3n colectiva permite unificar el trabajo y fortalecer la presencia del sistema de salud en cada comunidad\u201d, y agradeci\u00f3 \u201cel compromiso de todos los agentes sanitarios que, con su labor diaria, sostienen una atenci\u00f3n cercana, resolutiva y humana\u201d.<\/p>\n\n\n\n<p>Finalmente, Marcela Reina remarc\u00f3 el orgullo por el trabajo que realizan los agentes sanitarios del interior: \u201cA pesar de las dificultades siempre hay respuestas, y eso nos permite intervenir. Hoy solo tengo palabras de agradecimiento por este trabajo articulado con directivos, equipos de hospitales, intendencias y municipios. Este encuentro permite mostrar y visibilizar una labor que muchas veces queda en el territorio y que merece ser valorada\u201d.<\/p>\n\n\n\n<p>El encuentro marc\u00f3 un hecho hist\u00f3rico para la regi\u00f3n y sent\u00f3 las bases para futuras instancias de integraci\u00f3n, con la proyecci\u00f3n de replicar esta experiencia en otras zonas y avanzar hacia un encuentro provincial de salud.<\/p>\n\n\n\n<p><\/p>\n","protected":false},"excerpt":{"rendered":"<p>Representantes de siete hospitales de la regi\u00f3n participaron de una jornada de intercambio, balance anual y fortalecimiento del trabajo sanitario articulado.<\/p>\n","protected":false},"author":2,"featured_media":80622,"comment_status":"open","ping_status":"open","sticky":false,"template":"","format":"standard","meta":{"om_disable_all_campaigns":false,"_monsterinsights_skip_tracking":false,"_monsterinsights_sitenote_active":false,"_monsterinsights_sitenote_note":"","_monsterinsights_sitenote_category":0,"_uf_show_specific_survey":0,"_uf_disable_surveys":false,"jetpack_post_was_ever_published":false,"_jetpack_newsletter_access":"","_jetpack_dont_email_post_to_subs":false,"_jetpack_newsletter_tier_id":0,"_jetpack_memberships_contains_paywalled_content":false,"_jetpack_memberships_contains_paid_content":false,"footnotes":"","jetpack_publicize_message":"","jetpack_publicize_feature_enabled":true,"jetpack_social_post_already_shared":true,"jetpack_social_options":{"image_generator_settings":{"template":"highway","default_image_id":0,"font":"","enabled":false},"version":2}},"categories":[4,3],"tags":[],"class_list":["post-80620","post","type-post","status-publish","format-standard","has-post-thumbnail","hentry","category-destacadas","category-salud"],"aioseo_notices":[],"views":12,"jetpack_publicize_connections":[],"jetpack_featured_media_url":"https:\/\/i0.wp.com\/elterritorialweb.com.ar\/web\/wp-content\/uploads\/2025\/12\/IMG-20251204-WA0035.jpg?fit=1462%2C983","jetpack_sharing_enabled":true,"_links":{"self":[{"href":"http:\/\/elterritorialweb.com.ar\/web\/wp-json\/wp\/v2\/posts\/80620","targetHints":{"allow":["GET"]}}],"collection":[{"href":"http:\/\/elterritorialweb.com.ar\/web\/wp-json\/wp\/v2\/posts"}],"about":[{"href":"http:\/\/elterritorialweb.com.ar\/web\/wp-json\/wp\/v2\/types\/post"}],"author":[{"embeddable":true,"href":"http:\/\/elterritorialweb.com.ar\/web\/wp-json\/wp\/v2\/users\/2"}],"replies":[{"embeddable":true,"href":"http:\/\/elterritorialweb.com.ar\/web\/wp-json\/wp\/v2\/comments?post=80620"}],"version-history":[{"count":1,"href":"http:\/\/elterritorialweb.com.ar\/web\/wp-json\/wp\/v2\/posts\/80620\/revisions"}],"predecessor-version":[{"id":80624,"href":"http:\/\/elterritorialweb.com.ar\/web\/wp-json\/wp\/v2\/posts\/80620\/revisions\/80624"}],"wp:featuredmedia":[{"embeddable":true,"href":"http:\/\/elterritorialweb.com.ar\/web\/wp-json\/wp\/v2\/media\/80622"}],"wp:attachment":[{"href":"http:\/\/elterritorialweb.com.ar\/web\/wp-json\/wp\/v2\/media?parent=80620"}],"wp:term":[{"taxonomy":"category","embeddable":true,"href":"http:\/\/elterritorialweb.com.ar\/web\/wp-json\/wp\/v2\/categories?post=80620"},{"taxonomy":"post_tag","embeddable":true,"href":"http:\/\/elterritorialweb.com.ar\/web\/wp-json\/wp\/v2\/tags?post=80620"}],"curies":[{"name":"wp","href":"https:\/\/api.w.org\/{rel}","templated":true}]}}