{"id":80934,"date":"2025-12-19T00:17:38","date_gmt":"2025-12-19T00:17:38","guid":{"rendered":"https:\/\/elterritorialweb.com.ar\/web\/?p=80934"},"modified":"2025-12-19T00:17:41","modified_gmt":"2025-12-19T00:17:41","slug":"capacitacion-en-el-abordaje-del-paciente-critico-con-enfermedad-renal-cronica-y-aguda","status":"publish","type":"post","link":"http:\/\/elterritorialweb.com.ar\/web\/capacitacion-en-el-abordaje-del-paciente-critico-con-enfermedad-renal-cronica-y-aguda\/","title":{"rendered":"CAPACITACI\u00d3N EN EL ABORDAJE DEL PACIENTE CR\u00cdTICO CON ENFERMEDAD RENAL CR\u00d3NICA Y AGUDA"},"content":{"rendered":"\n<p>Se llev\u00f3 a cabo una jornada de capacitaci\u00f3n titulada \u201cRol de las Terapias de Soporte Renal Continua y la Hemoadsorci\u00f3n con Cytosorb en Pacientes Cr\u00edticos\u201d, destinada a profundizar el abordaje integral del paciente con enfermedad renal aguda y cr\u00f3nica en contextos de alta complejidad.<\/p>\n\n\n\n<p>La actividad estuvo a cargo del Dr. Guillermo Rosa D\u00edaz, especialista en Nefrolog\u00eda y Medio Interno, doctor en Ciencias de la Salud de la Universidad del Hospital Italiano de Buenos Aires, director de la carrera de M\u00e9dico Especialista en Nefrolog\u00eda de la UBA y coordinador del Comit\u00e9 de Salud Renal; el Dr. Rafael \u00c1vila, jefe de la Unidad de Cuidados Cr\u00edticos del Hospital Privado de C\u00f3rdoba, especialista en Medicina Interna y Terapia Intensiva; y el Dr. Vicente Campolo, intensivista nefr\u00f3logo, jefe del Servicio de Nefrolog\u00eda de Cl\u00ednica Pasteur y ex coordinador de LRASAN.<\/p>\n\n\n\n<p>El encuentro fue organizado de manera conjunta por la Asociaci\u00f3n Santiague\u00f1a de Nefrolog\u00eda, el Hospital Regional \u201cDr. Ram\u00f3n Carrillo\u201d y la firma Storing, y convoc\u00f3 a nefr\u00f3logos de toda la provincia, m\u00e9dicos terapistas de los distintos hospitales de la ciudad Capital y estudiantes del \u00faltimo a\u00f1o de la carrera de Medicina.<\/p>\n\n\n\n<p>Durante la jornada se abordaron estrategias actuales para el manejo del paciente cr\u00edtico con compromiso renal, haciendo especial hincapi\u00e9 en las terapias de soporte renal continuo y en el uso de tecnolog\u00edas innovadoras como la hemoadsorci\u00f3n, herramientas clave para mejorar el pron\u00f3stico en escenarios de cuidados intensivos.<\/p>\n\n\n\n<p>Estuvieron presentes la Dra. M\u00f3nica A. Salvatierra, directora del Hospital Regional; el Dr. Guillermo Ib\u00e1\u00f1ez, presidente de la Sociedad Santiague\u00f1a de Nefrolog\u00eda y vicepresidente de la SAN; el Dr. Agust\u00edn Sarquiz, presidente de la Asociaci\u00f3n Santiague\u00f1a de Di\u00e1lisis y Trasplante Renal; el Dr. Mario Ugozzoli, jefe del Servicio de Hemodi\u00e1lisis del Hospital Regional; el Dr. Ronaldo Barbieri, presidente de la Confederaci\u00f3n de Di\u00e1lisis de la Rep\u00fablica Argentina (CADRA); la Dra. Andrea Dorado, del Hospital Independencia; el Dr. Mart\u00edn Abutti, director del Hospital Gumersindo Sayago, adem\u00e1s de profesionales de distintos centros de salud.<\/p>\n\n\n\n<p>La capacitaci\u00f3n reafirm\u00f3 la importancia de la formaci\u00f3n continua y del trabajo interdisciplinario para optimizar la atenci\u00f3n de pacientes con enfermedad renal en estado cr\u00edtico, fortaleciendo la red de salud provincial.<\/p>\n","protected":false},"excerpt":{"rendered":"<p>Especialistas de prestigio nacional disertaron en una jornada formativa orientada a fortalecer el manejo integral de pacientes cr\u00edticos con patolog\u00edas renales.<\/p>\n","protected":false},"author":2,"featured_media":80935,"comment_status":"open","ping_status":"open","sticky":false,"template":"","format":"standard","meta":{"om_disable_all_campaigns":false,"_monsterinsights_skip_tracking":false,"_monsterinsights_sitenote_active":false,"_monsterinsights_sitenote_note":"","_monsterinsights_sitenote_category":0,"_uf_show_specific_survey":0,"_uf_disable_surveys":false,"jetpack_post_was_ever_published":false,"_jetpack_newsletter_access":"","_jetpack_dont_email_post_to_subs":false,"_jetpack_newsletter_tier_id":0,"_jetpack_memberships_contains_paywalled_content":false,"_jetpack_memberships_contains_paid_content":false,"footnotes":"","jetpack_publicize_message":"","jetpack_publicize_feature_enabled":true,"jetpack_social_post_already_shared":true,"jetpack_social_options":{"image_generator_settings":{"template":"highway","default_image_id":0,"font":"","enabled":false},"version":2}},"categories":[4,3],"tags":[],"class_list":["post-80934","post","type-post","status-publish","format-standard","has-post-thumbnail","hentry","category-destacadas","category-salud"],"aioseo_notices":[],"views":20,"jetpack_publicize_connections":[],"jetpack_featured_media_url":"https:\/\/i0.wp.com\/elterritorialweb.com.ar\/web\/wp-content\/uploads\/2025\/12\/IMG-20251218-WA0029.jpg?fit=1280%2C960","jetpack_sharing_enabled":true,"_links":{"self":[{"href":"http:\/\/elterritorialweb.com.ar\/web\/wp-json\/wp\/v2\/posts\/80934","targetHints":{"allow":["GET"]}}],"collection":[{"href":"http:\/\/elterritorialweb.com.ar\/web\/wp-json\/wp\/v2\/posts"}],"about":[{"href":"http:\/\/elterritorialweb.com.ar\/web\/wp-json\/wp\/v2\/types\/post"}],"author":[{"embeddable":true,"href":"http:\/\/elterritorialweb.com.ar\/web\/wp-json\/wp\/v2\/users\/2"}],"replies":[{"embeddable":true,"href":"http:\/\/elterritorialweb.com.ar\/web\/wp-json\/wp\/v2\/comments?post=80934"}],"version-history":[{"count":1,"href":"http:\/\/elterritorialweb.com.ar\/web\/wp-json\/wp\/v2\/posts\/80934\/revisions"}],"predecessor-version":[{"id":80936,"href":"http:\/\/elterritorialweb.com.ar\/web\/wp-json\/wp\/v2\/posts\/80934\/revisions\/80936"}],"wp:featuredmedia":[{"embeddable":true,"href":"http:\/\/elterritorialweb.com.ar\/web\/wp-json\/wp\/v2\/media\/80935"}],"wp:attachment":[{"href":"http:\/\/elterritorialweb.com.ar\/web\/wp-json\/wp\/v2\/media?parent=80934"}],"wp:term":[{"taxonomy":"category","embeddable":true,"href":"http:\/\/elterritorialweb.com.ar\/web\/wp-json\/wp\/v2\/categories?post=80934"},{"taxonomy":"post_tag","embeddable":true,"href":"http:\/\/elterritorialweb.com.ar\/web\/wp-json\/wp\/v2\/tags?post=80934"}],"curies":[{"name":"wp","href":"https:\/\/api.w.org\/{rel}","templated":true}]}}