{"id":81072,"date":"2025-12-27T14:09:04","date_gmt":"2025-12-27T14:09:04","guid":{"rendered":"https:\/\/elterritorialweb.com.ar\/web\/?p=81072"},"modified":"2025-12-27T14:26:52","modified_gmt":"2025-12-27T14:26:52","slug":"santiago-del-estero-bajo-alerta-por-tormentas-fuertes-este-sabado","status":"publish","type":"post","link":"http:\/\/elterritorialweb.com.ar\/web\/santiago-del-estero-bajo-alerta-por-tormentas-fuertes-este-sabado\/","title":{"rendered":"SANTIAGO DEL ESTERO BAJO ALERTA POR TORMENTAS FUERTES ESTE S\u00c1BADO"},"content":{"rendered":"\n<p>Seg\u00fan el pron\u00f3stico del <strong>Servicio Meteorol\u00f3gico Nacional (SMN),<\/strong> este <strong>s\u00e1bado 27 de diciembre de 2025 Santiago del Estero<\/strong> estar\u00e1 marcado por tormentas fuertes desde la ma\u00f1ana y a lo largo de toda la jornada. <\/p>\n\n\n\n<p>La <strong>temperatura m\u00ednima ser\u00e1 de 24\u00b0C<\/strong>, mientras que la <strong>m\u00e1xima alcanzar\u00e1 los 32\u00b0C<\/strong>, generando un ambiente <strong>c\u00e1lido y h\u00famedo<\/strong>.<\/p>\n\n\n\n<p>Durante la ma\u00f1ana, se esperan tormentas con una <strong>probabilidad de precipitaciones de entre 40% y 70%,<\/strong> una temperatura cercana a los <strong>28\u00b0C<\/strong> y <strong>vientos del sector norte<\/strong>, con velocidades de <strong>23 a 31 km\/h<\/strong> y r\u00e1fagas que podr\u00edan alcanzar entre <strong>51 y 59 km\/h.<\/strong><\/p>\n\n\n\n<p>Por la tarde, las condiciones se intensificar\u00e1n, con <strong>probabilidad de lluvias del 70 al 100%<\/strong>, una <strong>temperatura m\u00e1xima de 32\u00b0C <\/strong>y vientos predominantes del noreste, manteniendo la misma intensidad y r\u00e1fagas fuertes.<\/p>\n\n\n\n<p>En tanto, durante la noche, continuar\u00e1n las tormentas, con una <strong>temperatura estimada en 27\u00b0C, vientos del este de 13 a 22 km\/h y<\/strong> persistente riesgo de precipitaciones intensas.<\/p>\n\n\n\n<figure class=\"wp-block-image size-large\"><a href=\"https:\/\/i0.wp.com\/elterritorialweb.com.ar\/web\/wp-content\/uploads\/2025\/12\/17668455199318310502293153660806.jpg?ssl=1\"><img data-recalc-dims=\"1\" decoding=\"async\" width=\"640\" height=\"360\" data-src=\"https:\/\/i0.wp.com\/elterritorialweb.com.ar\/web\/wp-content\/uploads\/2025\/12\/17668455199318310502293153660806-1024x576.jpg?resize=640%2C360&#038;ssl=1\" alt=\"\" class=\"wp-image-81079 lazyload\" data-srcset=\"https:\/\/i0.wp.com\/elterritorialweb.com.ar\/web\/wp-content\/uploads\/2025\/12\/17668455199318310502293153660806.jpg?resize=1024%2C576 1024w, https:\/\/i0.wp.com\/elterritorialweb.com.ar\/web\/wp-content\/uploads\/2025\/12\/17668455199318310502293153660806.jpg?resize=300%2C169 300w, https:\/\/i0.wp.com\/elterritorialweb.com.ar\/web\/wp-content\/uploads\/2025\/12\/17668455199318310502293153660806.jpg?resize=768%2C432 768w, https:\/\/i0.wp.com\/elterritorialweb.com.ar\/web\/wp-content\/uploads\/2025\/12\/17668455199318310502293153660806.jpg?w=1200 1200w\" data-sizes=\"(max-width: 640px) 100vw, 640px\" src=\"data:image\/svg+xml;base64,PHN2ZyB3aWR0aD0iMSIgaGVpZ2h0PSIxIiB4bWxucz0iaHR0cDovL3d3dy53My5vcmcvMjAwMC9zdmciPjwvc3ZnPg==\" style=\"--smush-placeholder-width: 640px; --smush-placeholder-aspect-ratio: 640\/360;\" \/><\/a><\/figure>\n\n\n\n<p>Desde el SMN recomiendan extremar precauciones ante la posibilidad de lluvias abundantes, actividad el\u00e9ctrica y fuertes r\u00e1fagas, especialmente para quienes deban circular o realizar actividades al aire libre.<\/p>\n\n\n\n<p><\/p>\n","protected":false},"excerpt":{"rendered":"<p>El Servicio Meteorol\u00f3gico Nacional anticipa una jornada inestable, con altas temperaturas, lluvias intensas, r\u00e1fagas de viento y elevada probabilidad de precipitaciones durante todo el d\u00eda.<\/p>\n","protected":false},"author":2,"featured_media":81073,"comment_status":"open","ping_status":"open","sticky":false,"template":"","format":"standard","meta":{"om_disable_all_campaigns":false,"_monsterinsights_skip_tracking":false,"_monsterinsights_sitenote_active":false,"_monsterinsights_sitenote_note":"","_monsterinsights_sitenote_category":0,"_uf_show_specific_survey":0,"_uf_disable_surveys":false,"jetpack_post_was_ever_published":false,"_jetpack_newsletter_access":"","_jetpack_dont_email_post_to_subs":false,"_jetpack_newsletter_tier_id":0,"_jetpack_memberships_contains_paywalled_content":false,"_jetpack_memberships_contains_paid_content":false,"footnotes":"","jetpack_publicize_message":"","jetpack_publicize_feature_enabled":true,"jetpack_social_post_already_shared":true,"jetpack_social_options":{"image_generator_settings":{"template":"highway","default_image_id":0,"font":"","enabled":false},"version":2}},"categories":[4,21],"tags":[1123,1124,1031],"class_list":["post-81072","post","type-post","status-publish","format-standard","has-post-thumbnail","hentry","category-destacadas","category-locales","tag-clima","tag-datos-del-tiempo","tag-servicio-meteorologico-nacional"],"aioseo_notices":[],"views":13,"jetpack_publicize_connections":[],"jetpack_featured_media_url":"https:\/\/i0.wp.com\/elterritorialweb.com.ar\/web\/wp-content\/uploads\/2025\/12\/IMG-20251227-WA0004.jpg?fit=1600%2C1146","jetpack_sharing_enabled":true,"_links":{"self":[{"href":"http:\/\/elterritorialweb.com.ar\/web\/wp-json\/wp\/v2\/posts\/81072","targetHints":{"allow":["GET"]}}],"collection":[{"href":"http:\/\/elterritorialweb.com.ar\/web\/wp-json\/wp\/v2\/posts"}],"about":[{"href":"http:\/\/elterritorialweb.com.ar\/web\/wp-json\/wp\/v2\/types\/post"}],"author":[{"embeddable":true,"href":"http:\/\/elterritorialweb.com.ar\/web\/wp-json\/wp\/v2\/users\/2"}],"replies":[{"embeddable":true,"href":"http:\/\/elterritorialweb.com.ar\/web\/wp-json\/wp\/v2\/comments?post=81072"}],"version-history":[{"count":2,"href":"http:\/\/elterritorialweb.com.ar\/web\/wp-json\/wp\/v2\/posts\/81072\/revisions"}],"predecessor-version":[{"id":81080,"href":"http:\/\/elterritorialweb.com.ar\/web\/wp-json\/wp\/v2\/posts\/81072\/revisions\/81080"}],"wp:featuredmedia":[{"embeddable":true,"href":"http:\/\/elterritorialweb.com.ar\/web\/wp-json\/wp\/v2\/media\/81073"}],"wp:attachment":[{"href":"http:\/\/elterritorialweb.com.ar\/web\/wp-json\/wp\/v2\/media?parent=81072"}],"wp:term":[{"taxonomy":"category","embeddable":true,"href":"http:\/\/elterritorialweb.com.ar\/web\/wp-json\/wp\/v2\/categories?post=81072"},{"taxonomy":"post_tag","embeddable":true,"href":"http:\/\/elterritorialweb.com.ar\/web\/wp-json\/wp\/v2\/tags?post=81072"}],"curies":[{"name":"wp","href":"https:\/\/api.w.org\/{rel}","templated":true}]}}