{"id":81076,"date":"2025-12-27T14:23:17","date_gmt":"2025-12-27T14:23:17","guid":{"rendered":"https:\/\/elterritorialweb.com.ar\/web\/?p=81076"},"modified":"2025-12-27T14:23:20","modified_gmt":"2025-12-27T14:23:20","slug":"sismo-de-magnitud-5-2-se-sintio-en-santiago-del-estero","status":"publish","type":"post","link":"http:\/\/elterritorialweb.com.ar\/web\/sismo-de-magnitud-5-2-se-sintio-en-santiago-del-estero\/","title":{"rendered":"SISMO DE MAGNITUD 5.2 SE SINTI\u00d3 EN SANTIAGO DEL ESTERO"},"content":{"rendered":"\n<p>Un <strong>sismo de magnitud 5.2 <\/strong>se registr\u00f3 este <strong>s\u00e1bado a las 07:40 (hora local)<\/strong> en la provincia de <strong>Santiago del Estero<\/strong>. Seg\u00fan los datos oficiales, el epicentro se localiz\u00f3 a unos <strong>35 kil\u00f3metros al noroeste de la ciudad de A\u00f1atuya<\/strong>, con una <strong>profundidad aproximada de 597 kil\u00f3metros<\/strong>, una caracter\u00edstica que explica la ausencia de da\u00f1os materiales y v\u00edctimas.<\/p>\n\n\n\n<p>El movimiento fue percibido levemente en distintas localidades del interior provincial y gener\u00f3 sorpresa entre vecinos que reportaron una breve vibraci\u00f3n, especialmente en zonas con menor ruido ambiental durante las primeras horas de la ma\u00f1ana. Sin embargo, no se registraron interrupciones en los servicios ni evacuaciones preventivas.<\/p>\n\n\n\n<p>Especialistas se\u00f1alan que los sismos de gran profundidad, como el ocurrido, suelen sentirse en amplias regiones pero con menor intensidad en superficie, reduciendo significativamente el riesgo para la poblaci\u00f3n y la infraestructura.<\/p>\n\n\n\n<p>Las autoridades provinciales y los organismos de emergencia indicaron que se mantiene un monitoreo permanente de la actividad s\u00edsmica y recordaron la importancia de conservar la calma ante este tipo de eventos, as\u00ed como de seguir las recomendaciones oficiales de seguridad.<\/p>\n\n\n\n<p>Hasta el momento, no se emitieron alertas adicionales y la situaci\u00f3n se desarrolla con total normalidad en todo el territorio santiague\u00f1o<\/p>\n","protected":false},"excerpt":{"rendered":"<p>El movimiento tel\u00farico ocurri\u00f3 este s\u00e1bado por la ma\u00f1ana, con epicentro al noroeste de A\u00f1atuya y gran profundidad, lo que atenu\u00f3 su impacto en superficie.<\/p>\n","protected":false},"author":2,"featured_media":81077,"comment_status":"open","ping_status":"open","sticky":false,"template":"","format":"standard","meta":{"om_disable_all_campaigns":false,"_monsterinsights_skip_tracking":false,"_monsterinsights_sitenote_active":false,"_monsterinsights_sitenote_note":"","_monsterinsights_sitenote_category":0,"_uf_show_specific_survey":0,"_uf_disable_surveys":false,"jetpack_post_was_ever_published":false,"_jetpack_newsletter_access":"","_jetpack_dont_email_post_to_subs":false,"_jetpack_newsletter_tier_id":0,"_jetpack_memberships_contains_paywalled_content":false,"_jetpack_memberships_contains_paid_content":false,"footnotes":"","jetpack_publicize_message":"","jetpack_publicize_feature_enabled":true,"jetpack_social_post_already_shared":true,"jetpack_social_options":{"image_generator_settings":{"template":"highway","default_image_id":0,"font":"","enabled":false},"version":2}},"categories":[4,35],"tags":[],"class_list":["post-81076","post","type-post","status-publish","format-standard","has-post-thumbnail","hentry","category-destacadas","category-interior"],"aioseo_notices":[],"views":14,"jetpack_publicize_connections":[],"jetpack_featured_media_url":"https:\/\/i0.wp.com\/elterritorialweb.com.ar\/web\/wp-content\/uploads\/2025\/12\/Screenshot_20251227_111932_Chrome.jpg?fit=668%2C519","jetpack_sharing_enabled":true,"_links":{"self":[{"href":"http:\/\/elterritorialweb.com.ar\/web\/wp-json\/wp\/v2\/posts\/81076","targetHints":{"allow":["GET"]}}],"collection":[{"href":"http:\/\/elterritorialweb.com.ar\/web\/wp-json\/wp\/v2\/posts"}],"about":[{"href":"http:\/\/elterritorialweb.com.ar\/web\/wp-json\/wp\/v2\/types\/post"}],"author":[{"embeddable":true,"href":"http:\/\/elterritorialweb.com.ar\/web\/wp-json\/wp\/v2\/users\/2"}],"replies":[{"embeddable":true,"href":"http:\/\/elterritorialweb.com.ar\/web\/wp-json\/wp\/v2\/comments?post=81076"}],"version-history":[{"count":1,"href":"http:\/\/elterritorialweb.com.ar\/web\/wp-json\/wp\/v2\/posts\/81076\/revisions"}],"predecessor-version":[{"id":81078,"href":"http:\/\/elterritorialweb.com.ar\/web\/wp-json\/wp\/v2\/posts\/81076\/revisions\/81078"}],"wp:featuredmedia":[{"embeddable":true,"href":"http:\/\/elterritorialweb.com.ar\/web\/wp-json\/wp\/v2\/media\/81077"}],"wp:attachment":[{"href":"http:\/\/elterritorialweb.com.ar\/web\/wp-json\/wp\/v2\/media?parent=81076"}],"wp:term":[{"taxonomy":"category","embeddable":true,"href":"http:\/\/elterritorialweb.com.ar\/web\/wp-json\/wp\/v2\/categories?post=81076"},{"taxonomy":"post_tag","embeddable":true,"href":"http:\/\/elterritorialweb.com.ar\/web\/wp-json\/wp\/v2\/tags?post=81076"}],"curies":[{"name":"wp","href":"https:\/\/api.w.org\/{rel}","templated":true}]}}