{"id":81086,"date":"2025-12-27T15:04:38","date_gmt":"2025-12-27T15:04:38","guid":{"rendered":"https:\/\/elterritorialweb.com.ar\/web\/?p=81086"},"modified":"2025-12-27T15:08:23","modified_gmt":"2025-12-27T15:08:23","slug":"sumampa-se-prepara-para-la-50a-edicion-del-festival-de-la-cancion-popular","status":"publish","type":"post","link":"http:\/\/elterritorialweb.com.ar\/web\/sumampa-se-prepara-para-la-50a-edicion-del-festival-de-la-cancion-popular\/","title":{"rendered":"SUMAMPA SE PREPARA PARA LA 50\u00aa EDICI\u00d3N DEL FESTIVAL DE LA CANCI\u00d3N POPULAR"},"content":{"rendered":"\n<p><strong>Sumampa<\/strong> se prepara para vivir una edici\u00f3n hist\u00f3rica del <strong>Festival de la Canci\u00f3n Popular<\/strong>, que celebrar\u00e1 sus <strong>50 a\u00f1os<\/strong> con dos jornadas cargadas de m\u00fasica, tradici\u00f3n y emoci\u00f3n en el Campo de Deportes del <strong>Club Atl\u00e9tico Sumampa<\/strong>, en el sur de Santiago del Estero.<\/p>\n\n\n\n<p>La fiesta comenzar\u00e1 el <strong>viernes 13 de febrero<\/strong>, con una noche pensada para el baile y la energ\u00eda popular. El escenario recibir\u00e1 a <strong>Dale Q\u2019 Va, Campedrinos, Paquito Oca\u00f1o, Trajinantes, La Banda de Potencia, Llokallas <\/strong>y otras sorpresas que prometen hacer vibrar al p\u00fablico.<\/p>\n\n\n\n<p>El <strong>s\u00e1bado 14 de febrero<\/strong> ser\u00e1 una verdadera noche de gala, con la presencia de grandes referentes del folklore argentino. Entre los artistas confirmados se destacan <strong>El Chaque\u00f1o Palavecino, Los Guaran\u00edes, Alejandro Veliz, Marcelo Toledo, Caroso Monge<\/strong>, adem\u00e1s de <strong>El Mestizo, Diferentes y Sentimiento Campero, <\/strong>en una velada que buscar\u00e1 homenajear la historia y la identidad cultural del festival.<\/p>\n\n\n\n<figure class=\"wp-block-gallery has-nested-images columns-default is-cropped wp-block-gallery-1 is-layout-flex wp-block-gallery-is-layout-flex\">\n<figure class=\"wp-block-image size-large\"><a href=\"https:\/\/i0.wp.com\/elterritorialweb.com.ar\/web\/wp-content\/uploads\/2025\/12\/1000280624.jpg?ssl=1\"><img data-recalc-dims=\"1\" decoding=\"async\" width=\"576\" height=\"1024\" data-id=\"81090\" data-src=\"https:\/\/i0.wp.com\/elterritorialweb.com.ar\/web\/wp-content\/uploads\/2025\/12\/1000280624-576x1024.jpg?resize=576%2C1024&#038;ssl=1\" alt=\"\" class=\"wp-image-81090 lazyload\" data-srcset=\"https:\/\/i0.wp.com\/elterritorialweb.com.ar\/web\/wp-content\/uploads\/2025\/12\/1000280624.jpg?resize=576%2C1024 576w, https:\/\/i0.wp.com\/elterritorialweb.com.ar\/web\/wp-content\/uploads\/2025\/12\/1000280624.jpg?resize=169%2C300 169w, https:\/\/i0.wp.com\/elterritorialweb.com.ar\/web\/wp-content\/uploads\/2025\/12\/1000280624.jpg?resize=768%2C1365 768w, https:\/\/i0.wp.com\/elterritorialweb.com.ar\/web\/wp-content\/uploads\/2025\/12\/1000280624.jpg?resize=864%2C1536 864w, https:\/\/i0.wp.com\/elterritorialweb.com.ar\/web\/wp-content\/uploads\/2025\/12\/1000280624.jpg?resize=1024%2C1820 1024w, https:\/\/i0.wp.com\/elterritorialweb.com.ar\/web\/wp-content\/uploads\/2025\/12\/1000280624.jpg?w=1152 1152w\" data-sizes=\"(max-width: 576px) 100vw, 576px\" src=\"data:image\/svg+xml;base64,PHN2ZyB3aWR0aD0iMSIgaGVpZ2h0PSIxIiB4bWxucz0iaHR0cDovL3d3dy53My5vcmcvMjAwMC9zdmciPjwvc3ZnPg==\" style=\"--smush-placeholder-width: 576px; --smush-placeholder-aspect-ratio: 576\/1024;\" \/><\/a><\/figure>\n\n\n\n<figure class=\"wp-block-image size-large\"><a href=\"https:\/\/i0.wp.com\/elterritorialweb.com.ar\/web\/wp-content\/uploads\/2025\/12\/1000280625.jpg?ssl=1\"><img data-recalc-dims=\"1\" decoding=\"async\" width=\"576\" height=\"1024\" data-id=\"81091\" data-src=\"https:\/\/i0.wp.com\/elterritorialweb.com.ar\/web\/wp-content\/uploads\/2025\/12\/1000280625-576x1024.jpg?resize=576%2C1024&#038;ssl=1\" alt=\"\" class=\"wp-image-81091 lazyload\" data-srcset=\"https:\/\/i0.wp.com\/elterritorialweb.com.ar\/web\/wp-content\/uploads\/2025\/12\/1000280625.jpg?resize=576%2C1024 576w, https:\/\/i0.wp.com\/elterritorialweb.com.ar\/web\/wp-content\/uploads\/2025\/12\/1000280625.jpg?resize=169%2C300 169w, https:\/\/i0.wp.com\/elterritorialweb.com.ar\/web\/wp-content\/uploads\/2025\/12\/1000280625.jpg?resize=768%2C1365 768w, https:\/\/i0.wp.com\/elterritorialweb.com.ar\/web\/wp-content\/uploads\/2025\/12\/1000280625.jpg?resize=864%2C1536 864w, https:\/\/i0.wp.com\/elterritorialweb.com.ar\/web\/wp-content\/uploads\/2025\/12\/1000280625.jpg?resize=1024%2C1820 1024w, https:\/\/i0.wp.com\/elterritorialweb.com.ar\/web\/wp-content\/uploads\/2025\/12\/1000280625.jpg?w=1152 1152w\" data-sizes=\"(max-width: 576px) 100vw, 576px\" src=\"data:image\/svg+xml;base64,PHN2ZyB3aWR0aD0iMSIgaGVpZ2h0PSIxIiB4bWxucz0iaHR0cDovL3d3dy53My5vcmcvMjAwMC9zdmciPjwvc3ZnPg==\" style=\"--smush-placeholder-width: 576px; --smush-placeholder-aspect-ratio: 576\/1024;\" \/><\/a><\/figure>\n<\/figure>\n\n\n\n<p>Adem\u00e1s de los espect\u00e1culos musicales, el evento ofrecer\u00e1 <strong>dos noches de jineteadas,<\/strong> <strong>DJs en vivo<\/strong>, <strong>presentaciones de academias de danzas, un paseo de artesanos<\/strong> y una variada propuesta de comidas t\u00edpicas regionales, consolid\u00e1ndose como una cita imperdible para vecinos y visitantes.<\/p>\n\n\n\n<p>El <strong>Festival de la Canci\u00f3n Popular de Sumampa<\/strong> reafirma as\u00ed su lugar como uno de los encuentros culturales m\u00e1s importantes de la provincia, combinando tradici\u00f3n, m\u00fasica popular y celebraci\u00f3n comunitaria en su edici\u00f3n aniversario.<\/p>\n\n\n\n<p>Para m\u00e1s informaci\u00f3n y novedades, los organizadores invitan a seguir las redes oficiales del evento en Facebook (<a href=\"https:\/\/www.facebook.com\/share\/17rMkFztjW\/\">Festival de Sumampa<\/a>) e Instagram (<a href=\"https:\/\/www.instagram.com\/festivaldesumampa_?igsh=NDlwZTZwcGdsdndk\">@festivaldesumampa<\/a>).<\/p>\n\n\n\n<p><\/p>\n","protected":false},"excerpt":{"rendered":"<p>El tradicional encuentro cultural reunir\u00e1 a grandes figuras del folklore y el cuarteto los d\u00edas 13 y 14 de febrero en el Club Atl\u00e9tico Sumampa, con m\u00fasica, jineteadas y propuestas para toda la familia.<\/p>\n","protected":false},"author":2,"featured_media":81087,"comment_status":"open","ping_status":"open","sticky":false,"template":"","format":"standard","meta":{"om_disable_all_campaigns":false,"_monsterinsights_skip_tracking":false,"_monsterinsights_sitenote_active":false,"_monsterinsights_sitenote_note":"","_monsterinsights_sitenote_category":0,"_uf_show_specific_survey":0,"_uf_disable_surveys":false,"jetpack_post_was_ever_published":false,"_jetpack_newsletter_access":"","_jetpack_dont_email_post_to_subs":false,"_jetpack_newsletter_tier_id":0,"_jetpack_memberships_contains_paywalled_content":false,"_jetpack_memberships_contains_paid_content":false,"footnotes":"","jetpack_publicize_message":"","jetpack_publicize_feature_enabled":true,"jetpack_social_post_already_shared":true,"jetpack_social_options":{"image_generator_settings":{"template":"highway","default_image_id":0,"font":"","enabled":false},"version":2}},"categories":[4,35],"tags":[1579,1580],"class_list":["post-81086","post","type-post","status-publish","format-standard","has-post-thumbnail","hentry","category-destacadas","category-interior","tag-festival-de-la-cancion-popular","tag-sumampa"],"aioseo_notices":[],"views":75,"jetpack_publicize_connections":[],"jetpack_featured_media_url":"https:\/\/i0.wp.com\/elterritorialweb.com.ar\/web\/wp-content\/uploads\/2025\/12\/FB_IMG_1766846962754.jpg?fit=2048%2C1366","jetpack_sharing_enabled":true,"_links":{"self":[{"href":"http:\/\/elterritorialweb.com.ar\/web\/wp-json\/wp\/v2\/posts\/81086","targetHints":{"allow":["GET"]}}],"collection":[{"href":"http:\/\/elterritorialweb.com.ar\/web\/wp-json\/wp\/v2\/posts"}],"about":[{"href":"http:\/\/elterritorialweb.com.ar\/web\/wp-json\/wp\/v2\/types\/post"}],"author":[{"embeddable":true,"href":"http:\/\/elterritorialweb.com.ar\/web\/wp-json\/wp\/v2\/users\/2"}],"replies":[{"embeddable":true,"href":"http:\/\/elterritorialweb.com.ar\/web\/wp-json\/wp\/v2\/comments?post=81086"}],"version-history":[{"count":3,"href":"http:\/\/elterritorialweb.com.ar\/web\/wp-json\/wp\/v2\/posts\/81086\/revisions"}],"predecessor-version":[{"id":81092,"href":"http:\/\/elterritorialweb.com.ar\/web\/wp-json\/wp\/v2\/posts\/81086\/revisions\/81092"}],"wp:featuredmedia":[{"embeddable":true,"href":"http:\/\/elterritorialweb.com.ar\/web\/wp-json\/wp\/v2\/media\/81087"}],"wp:attachment":[{"href":"http:\/\/elterritorialweb.com.ar\/web\/wp-json\/wp\/v2\/media?parent=81086"}],"wp:term":[{"taxonomy":"category","embeddable":true,"href":"http:\/\/elterritorialweb.com.ar\/web\/wp-json\/wp\/v2\/categories?post=81086"},{"taxonomy":"post_tag","embeddable":true,"href":"http:\/\/elterritorialweb.com.ar\/web\/wp-json\/wp\/v2\/tags?post=81086"}],"curies":[{"name":"wp","href":"https:\/\/api.w.org\/{rel}","templated":true}]}}