{"id":81169,"date":"2026-01-07T22:15:23","date_gmt":"2026-01-07T22:15:23","guid":{"rendered":"https:\/\/elterritorialweb.com.ar\/web\/?p=81169"},"modified":"2026-01-07T22:15:27","modified_gmt":"2026-01-07T22:15:27","slug":"la-banda-lanzo-la-colonia-de-vacaciones-y-la-apertura-de-la-temporada-2026-del-natatorio-municipal","status":"publish","type":"post","link":"http:\/\/elterritorialweb.com.ar\/web\/la-banda-lanzo-la-colonia-de-vacaciones-y-la-apertura-de-la-temporada-2026-del-natatorio-municipal\/","title":{"rendered":"LA BANDA LANZ\u00d3 LA COLONIA DE VACACIONES Y LA APERTURA DE LA TEMPORADA 2026 DEL NATATORIO MUNICIPAL"},"content":{"rendered":"\n<p>El intendente de la ciudad de La Banda, Ing. <strong>Roger El\u00edas Nediani,<\/strong> particip\u00f3 del <strong>lanzamiento oficial de la Colonia de Vacaciones 2026<\/strong> y de la habilitaci\u00f3n de la temporada del <strong>Natatorio Municipal<\/strong>, actividad que se desarroll\u00f3 en el Gimnasio Municipal y convoc\u00f3 a numerosas familias.<\/p>\n\n\n\n<p>Durante el acto, el jefe comunal destac\u00f3 la importante respuesta de la comunidad en el inicio de las inscripciones y expres\u00f3 su satisfacci\u00f3n por la continuidad de este espacio recreativo y de contenci\u00f3n destinado a ni\u00f1as y ni\u00f1os bande\u00f1os. En ese marco, inform\u00f3 que <strong>la colonia comenzar\u00e1 el pr\u00f3ximo lunes y estar\u00e1 dirigida a ni\u00f1os de entre 5 y 12 a\u00f1os.<\/strong><\/p>\n\n\n\n<p>Asimismo, detall\u00f3 que la propuesta funcionar\u00e1 de lunes a viernes, con modalidad semanal y un cupo aproximado de 100 ni\u00f1os por semana, extendi\u00e9ndose hasta el mes de febrero. Entre las actividades previstas se incluyen juegos recreativos, encuentros grupales, conversatorios y el uso del natatorio municipal, con el objetivo de promover el disfrute, la inclusi\u00f3n y el cuidado integral durante el receso estival.<\/p>\n\n\n\n<p>Nediani agradeci\u00f3 el trabajo articulado de las distintas \u00e1reas municipales, destacando la labor del director de Deportes, profesor Hugo Rojas; de la secretaria de Gobierno, Dra. Victoria Torres; del personal de la Direcci\u00f3n de Salud, y de los funcionarios y concejales presentes.<\/p>\n\n\n\n<p>Finalmente, invit\u00f3 a madres, padres y tutores a acercarse a la <strong>Direcci\u00f3n de Deportes<\/strong> para realizar <strong>las inscripciones, presentando \u00fanicamente el DNI<\/strong> del ni\u00f1o o ni\u00f1a, y record\u00f3 que la <strong>colonia de vacaciones es totalmente gratuita<\/strong>, reafirmando el compromiso de la gesti\u00f3n municipal con el bienestar y la inclusi\u00f3n de la ni\u00f1ez.<\/p>\n\n\n\n<p><\/p>\n","protected":false},"excerpt":{"rendered":"<p>Con una amplia participaci\u00f3n de ni\u00f1os y familias, se puso en marcha una nueva edici\u00f3n de la colonia de vacaciones gratuita en La Banda.<\/p>\n","protected":false},"author":2,"featured_media":81170,"comment_status":"open","ping_status":"open","sticky":false,"template":"","format":"standard","meta":{"om_disable_all_campaigns":false,"_monsterinsights_skip_tracking":false,"_monsterinsights_sitenote_active":false,"_monsterinsights_sitenote_note":"","_monsterinsights_sitenote_category":0,"_uf_show_specific_survey":0,"_uf_disable_surveys":false,"jetpack_post_was_ever_published":false,"_jetpack_newsletter_access":"","_jetpack_dont_email_post_to_subs":false,"_jetpack_newsletter_tier_id":0,"_jetpack_memberships_contains_paywalled_content":false,"_jetpack_memberships_contains_paid_content":false,"footnotes":"","jetpack_publicize_message":"","jetpack_publicize_feature_enabled":true,"jetpack_social_post_already_shared":true,"jetpack_social_options":{"image_generator_settings":{"template":"highway","default_image_id":0,"font":"","enabled":false},"version":2}},"categories":[9,4],"tags":[1586,71,51],"class_list":["post-81169","post","type-post","status-publish","format-standard","has-post-thumbnail","hentry","category-banda","category-destacadas","tag-colonia-de-vacaciones","tag-municipalidad-de-la-banda","tag-roger-nediani"],"aioseo_notices":[],"views":18,"jetpack_publicize_connections":[],"jetpack_featured_media_url":"https:\/\/i0.wp.com\/elterritorialweb.com.ar\/web\/wp-content\/uploads\/2026\/01\/IMG-20260107-WA0022.jpg?fit=1504%2C1000","jetpack_sharing_enabled":true,"_links":{"self":[{"href":"http:\/\/elterritorialweb.com.ar\/web\/wp-json\/wp\/v2\/posts\/81169","targetHints":{"allow":["GET"]}}],"collection":[{"href":"http:\/\/elterritorialweb.com.ar\/web\/wp-json\/wp\/v2\/posts"}],"about":[{"href":"http:\/\/elterritorialweb.com.ar\/web\/wp-json\/wp\/v2\/types\/post"}],"author":[{"embeddable":true,"href":"http:\/\/elterritorialweb.com.ar\/web\/wp-json\/wp\/v2\/users\/2"}],"replies":[{"embeddable":true,"href":"http:\/\/elterritorialweb.com.ar\/web\/wp-json\/wp\/v2\/comments?post=81169"}],"version-history":[{"count":1,"href":"http:\/\/elterritorialweb.com.ar\/web\/wp-json\/wp\/v2\/posts\/81169\/revisions"}],"predecessor-version":[{"id":81171,"href":"http:\/\/elterritorialweb.com.ar\/web\/wp-json\/wp\/v2\/posts\/81169\/revisions\/81171"}],"wp:featuredmedia":[{"embeddable":true,"href":"http:\/\/elterritorialweb.com.ar\/web\/wp-json\/wp\/v2\/media\/81170"}],"wp:attachment":[{"href":"http:\/\/elterritorialweb.com.ar\/web\/wp-json\/wp\/v2\/media?parent=81169"}],"wp:term":[{"taxonomy":"category","embeddable":true,"href":"http:\/\/elterritorialweb.com.ar\/web\/wp-json\/wp\/v2\/categories?post=81169"},{"taxonomy":"post_tag","embeddable":true,"href":"http:\/\/elterritorialweb.com.ar\/web\/wp-json\/wp\/v2\/tags?post=81169"}],"curies":[{"name":"wp","href":"https:\/\/api.w.org\/{rel}","templated":true}]}}