{"id":81185,"date":"2026-01-09T02:05:26","date_gmt":"2026-01-09T02:05:26","guid":{"rendered":"https:\/\/elterritorialweb.com.ar\/web\/?p=81185"},"modified":"2026-01-09T02:05:30","modified_gmt":"2026-01-09T02:05:30","slug":"rotary-realiza-una-nueva-entrega-de-sillas-de-ruedas-en-santiago-del-estero","status":"publish","type":"post","link":"http:\/\/elterritorialweb.com.ar\/web\/rotary-realiza-una-nueva-entrega-de-sillas-de-ruedas-en-santiago-del-estero\/","title":{"rendered":"ROTARY REALIZA UNA NUEVA ENTREGA DE SILLAS DE RUEDAS EN SANTIAGO DEL ESTERO"},"content":{"rendered":"\n<p>Este <strong>viernes 9 de enero<\/strong>, en la <strong>ciudad de La Banda, <\/strong>se llevar\u00e1 a cabo una <strong>nueva entrega de sillas de ruedas destinada a beneficiarios<\/strong> de diferentes localidades de la provincia de Santiago del Estero, en el marco del <strong>programa \u201cUnidos sobre Ruedas<\/strong> para Hacer el Bien\u201d, impulsado por Rotary.<\/p>\n\n\n\n<p>La <strong>actividad<\/strong> se desarrollar\u00e1 a partir de las <strong>11 horas en el Nodo Tecnol\u00f3gico<\/strong>, y contar\u00e1 con la presencia del gobernador del Distrito 4851 de Rotary, <strong>Leonardo Mangoldt<\/strong>, junto a su equipo de trabajo. La organizaci\u00f3n est\u00e1 a cargo del <strong>Rotaract Club Santiago del Estero,<\/strong> con la participaci\u00f3n activa de rotarias y rotarios de toda la provincia, que se suman a esta jornada solidaria.<\/p>\n\n\n\n<p>Asimismo, fueron invitadas <strong>autoridades provinciales y municipales,<\/strong> como tambi\u00e9n los vecinos que deseen acompa\u00f1ar este acto, que se prev\u00e9 como un encuentro cargado de emoci\u00f3n y compromiso social.<\/p>\n\n\n\n<p>La iniciativa tiene como objetivo mejorar la calidad de vida y fomentar la inclusi\u00f3n de personas con movilidad reducida, acercando soluciones concretas a quienes m\u00e1s lo necesitan, a trav\u00e9s del trabajo articulado entre instituciones, voluntarios y organizaciones sociales.<\/p>\n\n\n\n<p>Desde la gobernaci\u00f3n de Rotary destacaron especialmente el compromiso y la participaci\u00f3n de los j\u00f3venes, resaltando el valor del trabajo en equipo y la vocaci\u00f3n de servicio que caracteriza a la familia rotaria, fortaleciendo acciones de impacto real en la comunidad.<\/p>\n\n\n\n<p>Esta entrega forma parte de un programa que se desarrolla en distintas provincias del pa\u00eds y reafirma el esp\u00edritu solidario de Rotary, bajo la convicci\u00f3n de que cuando se trabaja de manera conjunta, el bien llega m\u00e1s lejos.<\/p>\n","protected":false},"excerpt":{"rendered":"<p>La iniciativa solidaria beneficiar\u00e1 a personas de distintos puntos de la provincia y busca promover la inclusi\u00f3n y mejorar la calidad de vida.<\/p>\n","protected":false},"author":2,"featured_media":81186,"comment_status":"open","ping_status":"open","sticky":false,"template":"","format":"standard","meta":{"om_disable_all_campaigns":false,"_monsterinsights_skip_tracking":false,"_monsterinsights_sitenote_active":false,"_monsterinsights_sitenote_note":"","_monsterinsights_sitenote_category":0,"_uf_show_specific_survey":0,"_uf_disable_surveys":false,"jetpack_post_was_ever_published":false,"_jetpack_newsletter_access":"","_jetpack_dont_email_post_to_subs":false,"_jetpack_newsletter_tier_id":0,"_jetpack_memberships_contains_paywalled_content":false,"_jetpack_memberships_contains_paid_content":false,"footnotes":"","jetpack_publicize_message":"","jetpack_publicize_feature_enabled":true,"jetpack_social_post_already_shared":true,"jetpack_social_options":{"image_generator_settings":{"template":"highway","default_image_id":0,"font":"","enabled":false},"version":2}},"categories":[4,21],"tags":[740],"class_list":["post-81185","post","type-post","status-publish","format-standard","has-post-thumbnail","hentry","category-destacadas","category-locales","tag-rotary-club"],"aioseo_notices":[],"views":20,"jetpack_publicize_connections":[],"jetpack_featured_media_url":"https:\/\/i0.wp.com\/elterritorialweb.com.ar\/web\/wp-content\/uploads\/2026\/01\/Screenshot_20260108_151858_WhatsApp.jpg?fit=987%2C1089","jetpack_sharing_enabled":true,"_links":{"self":[{"href":"http:\/\/elterritorialweb.com.ar\/web\/wp-json\/wp\/v2\/posts\/81185","targetHints":{"allow":["GET"]}}],"collection":[{"href":"http:\/\/elterritorialweb.com.ar\/web\/wp-json\/wp\/v2\/posts"}],"about":[{"href":"http:\/\/elterritorialweb.com.ar\/web\/wp-json\/wp\/v2\/types\/post"}],"author":[{"embeddable":true,"href":"http:\/\/elterritorialweb.com.ar\/web\/wp-json\/wp\/v2\/users\/2"}],"replies":[{"embeddable":true,"href":"http:\/\/elterritorialweb.com.ar\/web\/wp-json\/wp\/v2\/comments?post=81185"}],"version-history":[{"count":1,"href":"http:\/\/elterritorialweb.com.ar\/web\/wp-json\/wp\/v2\/posts\/81185\/revisions"}],"predecessor-version":[{"id":81187,"href":"http:\/\/elterritorialweb.com.ar\/web\/wp-json\/wp\/v2\/posts\/81185\/revisions\/81187"}],"wp:featuredmedia":[{"embeddable":true,"href":"http:\/\/elterritorialweb.com.ar\/web\/wp-json\/wp\/v2\/media\/81186"}],"wp:attachment":[{"href":"http:\/\/elterritorialweb.com.ar\/web\/wp-json\/wp\/v2\/media?parent=81185"}],"wp:term":[{"taxonomy":"category","embeddable":true,"href":"http:\/\/elterritorialweb.com.ar\/web\/wp-json\/wp\/v2\/categories?post=81185"},{"taxonomy":"post_tag","embeddable":true,"href":"http:\/\/elterritorialweb.com.ar\/web\/wp-json\/wp\/v2\/tags?post=81185"}],"curies":[{"name":"wp","href":"https:\/\/api.w.org\/{rel}","templated":true}]}}