{"id":81188,"date":"2026-01-09T02:16:13","date_gmt":"2026-01-09T02:16:13","guid":{"rendered":"https:\/\/elterritorialweb.com.ar\/web\/?p=81188"},"modified":"2026-01-09T02:16:16","modified_gmt":"2026-01-09T02:16:16","slug":"el-gobernador-elias-suarez-recibio-a-autoridades-del-distrito-4-851-del-rotary-club","status":"publish","type":"post","link":"http:\/\/elterritorialweb.com.ar\/web\/el-gobernador-elias-suarez-recibio-a-autoridades-del-distrito-4-851-del-rotary-club\/","title":{"rendered":"EL GOBERNADOR EL\u00cdAS SU\u00c1REZ RECIBI\u00d3 A AUTORIDADES DEL DISTRITO 4.851 DEL ROTARY CLUB"},"content":{"rendered":"\n<p>El gobernador <strong>El\u00edas Su\u00e1rez<\/strong> recibi\u00f3 este jueves al titular del Rotary Club del Distrito 4.851, <strong>Leonardo Mangoldt<\/strong>, junto a autoridades y representantes de la entidad rotaria, en el marco de una reuni\u00f3n institucional orientada a fortalecer el trabajo conjunto en beneficio de la comunidad.<\/p>\n\n\n\n<p>Del encuentro participaron tambi\u00e9n el jefe de Gabinete, <strong>V\u00edctor Araujo<\/strong>; en representaci\u00f3n del Rotary Club Autonom\u00eda PGD, <strong>Alberto Salido P\u00e9rez<\/strong>; el gobernador rotario nominado para el per\u00edodo 2028\/29, <strong>Erasmo Norberto Almar\u00e1<\/strong>; el asistente de gobernador <strong>Ricardo Lino Rubio<\/strong>; la diputada <strong>Liliana Romero<\/strong> y <strong>Claudia N\u00fa\u00f1ez<\/strong>, esposa del gobernador del Distrito 4851.<\/p>\n\n\n\n<figure class=\"wp-block-image size-large\"><a href=\"https:\/\/i0.wp.com\/elterritorialweb.com.ar\/web\/wp-content\/uploads\/2026\/01\/1000293509.jpg?ssl=1\"><img data-recalc-dims=\"1\" decoding=\"async\" width=\"640\" height=\"427\" data-src=\"https:\/\/i0.wp.com\/elterritorialweb.com.ar\/web\/wp-content\/uploads\/2026\/01\/1000293509-1024x683.jpg?resize=640%2C427&#038;ssl=1\" alt=\"\" class=\"wp-image-81190 lazyload\" data-srcset=\"https:\/\/i0.wp.com\/elterritorialweb.com.ar\/web\/wp-content\/uploads\/2026\/01\/1000293509.jpg?resize=1024%2C683 1024w, https:\/\/i0.wp.com\/elterritorialweb.com.ar\/web\/wp-content\/uploads\/2026\/01\/1000293509.jpg?resize=300%2C200 300w, https:\/\/i0.wp.com\/elterritorialweb.com.ar\/web\/wp-content\/uploads\/2026\/01\/1000293509.jpg?resize=768%2C512 768w, https:\/\/i0.wp.com\/elterritorialweb.com.ar\/web\/wp-content\/uploads\/2026\/01\/1000293509.jpg?w=1035 1035w\" data-sizes=\"(max-width: 640px) 100vw, 640px\" src=\"data:image\/svg+xml;base64,PHN2ZyB3aWR0aD0iMSIgaGVpZ2h0PSIxIiB4bWxucz0iaHR0cDovL3d3dy53My5vcmcvMjAwMC9zdmciPjwvc3ZnPg==\" style=\"--smush-placeholder-width: 640px; --smush-placeholder-aspect-ratio: 640\/427;\" \/><\/a><\/figure>\n\n\n\n<p>En la oportunidad, se firm\u00f3 el <strong>convenio marco de cooperaci\u00f3n denominado \u201cUnidos sobre ruedas para hacer el bien\u201d,<\/strong> a trav\u00e9s del cual este viernes se concretar\u00e1 la <strong>entrega de sillas de ruedas a 30 personas <\/strong>provenientes de distintos puntos de la provincia. La actividad tendr\u00e1 lugar en el <strong>Nodo Tecnol\u00f3gico<\/strong>.<\/p>\n\n\n\n<p>Durante la reuni\u00f3n, <strong>Mangoldt<\/strong> destac\u00f3 la importancia de la <strong>articulaci\u00f3n entre el Gobierno provincial y el Rotary Club, <\/strong>subrayando que este trabajo conjunto constituye un ejemplo de desarrollo comunitario, con acciones orientadas al cuidado del medio ambiente y a la promoci\u00f3n de actividades destinadas a la juventud.<\/p>\n\n\n\n<p><\/p>\n","protected":false},"excerpt":{"rendered":"<p>Durante el encuentro se firm\u00f3 un convenio de cooperaci\u00f3n que permitir\u00e1 la entrega de sillas de ruedas a personas de distintos puntos de la provincia.<\/p>\n","protected":false},"author":2,"featured_media":81189,"comment_status":"open","ping_status":"open","sticky":false,"template":"","format":"standard","meta":{"om_disable_all_campaigns":false,"_monsterinsights_skip_tracking":false,"_monsterinsights_sitenote_active":false,"_monsterinsights_sitenote_note":"","_monsterinsights_sitenote_category":0,"_uf_show_specific_survey":0,"_uf_disable_surveys":false,"jetpack_post_was_ever_published":false,"_jetpack_newsletter_access":"","_jetpack_dont_email_post_to_subs":false,"_jetpack_newsletter_tier_id":0,"_jetpack_memberships_contains_paywalled_content":false,"_jetpack_memberships_contains_paid_content":false,"footnotes":"","jetpack_publicize_message":"","jetpack_publicize_feature_enabled":true,"jetpack_social_post_already_shared":true,"jetpack_social_options":{"image_generator_settings":{"template":"highway","default_image_id":0,"font":"","enabled":false},"version":2}},"categories":[4,21],"tags":[322,740],"class_list":["post-81188","post","type-post","status-publish","format-standard","has-post-thumbnail","hentry","category-destacadas","category-locales","tag-elias-suarez","tag-rotary-club"],"aioseo_notices":[],"views":8,"jetpack_publicize_connections":[],"jetpack_featured_media_url":"https:\/\/i0.wp.com\/elterritorialweb.com.ar\/web\/wp-content\/uploads\/2026\/01\/IMG-20260108-WA0041.jpg?fit=1280%2C853","jetpack_sharing_enabled":true,"_links":{"self":[{"href":"http:\/\/elterritorialweb.com.ar\/web\/wp-json\/wp\/v2\/posts\/81188","targetHints":{"allow":["GET"]}}],"collection":[{"href":"http:\/\/elterritorialweb.com.ar\/web\/wp-json\/wp\/v2\/posts"}],"about":[{"href":"http:\/\/elterritorialweb.com.ar\/web\/wp-json\/wp\/v2\/types\/post"}],"author":[{"embeddable":true,"href":"http:\/\/elterritorialweb.com.ar\/web\/wp-json\/wp\/v2\/users\/2"}],"replies":[{"embeddable":true,"href":"http:\/\/elterritorialweb.com.ar\/web\/wp-json\/wp\/v2\/comments?post=81188"}],"version-history":[{"count":1,"href":"http:\/\/elterritorialweb.com.ar\/web\/wp-json\/wp\/v2\/posts\/81188\/revisions"}],"predecessor-version":[{"id":81191,"href":"http:\/\/elterritorialweb.com.ar\/web\/wp-json\/wp\/v2\/posts\/81188\/revisions\/81191"}],"wp:featuredmedia":[{"embeddable":true,"href":"http:\/\/elterritorialweb.com.ar\/web\/wp-json\/wp\/v2\/media\/81189"}],"wp:attachment":[{"href":"http:\/\/elterritorialweb.com.ar\/web\/wp-json\/wp\/v2\/media?parent=81188"}],"wp:term":[{"taxonomy":"category","embeddable":true,"href":"http:\/\/elterritorialweb.com.ar\/web\/wp-json\/wp\/v2\/categories?post=81188"},{"taxonomy":"post_tag","embeddable":true,"href":"http:\/\/elterritorialweb.com.ar\/web\/wp-json\/wp\/v2\/tags?post=81188"}],"curies":[{"name":"wp","href":"https:\/\/api.w.org\/{rel}","templated":true}]}}