{"id":81193,"date":"2026-01-09T02:25:39","date_gmt":"2026-01-09T02:25:39","guid":{"rendered":"https:\/\/elterritorialweb.com.ar\/web\/?p=81193"},"modified":"2026-01-09T02:32:37","modified_gmt":"2026-01-09T02:32:37","slug":"fuentes-superviso-un-operativo-integral-de-limpieza-y-desmalezamiento-en-la-avenida-aguirre","status":"publish","type":"post","link":"http:\/\/elterritorialweb.com.ar\/web\/fuentes-superviso-un-operativo-integral-de-limpieza-y-desmalezamiento-en-la-avenida-aguirre\/","title":{"rendered":"FUENTES SUPERVIS\u00d3 UN OPERATIVO INTEGRAL DE LIMPIEZA Y DESMALEZAMIENTO EN LA AVENIDA AGUIRRE"},"content":{"rendered":"\n<p>Acompa\u00f1ada por vecinos y frentistas, la intendente de la ciudad, Ing. <strong>Norma Fuentes<\/strong>, supervis\u00f3 un amplio <strong>operativo de limpieza integral realizado sobre la avenida Aguirre<\/strong>, en el sector comprendido entre las calles Libertad y Antenor \u00c1lvarez.<\/p>\n\n\n\n<p>Durante la intervenci\u00f3n, empleados de las \u00e1reas operativas municipales llevaron adelante <strong>tareas de desmalezamiento, poda y retiro de vegetaci\u00f3n del desag\u00fce, <\/strong>en el marco del programa de mantenimiento urbano que complementa las labores habituales de barrido y limpieza que se ejecutan de manera permanente en los distintos barrios.<\/p>\n\n\n\n<p><em>\u201cAnte las intensas lluvias y la alta humedad propias de esta \u00e9poca, reforzamos los trabajos de corte de maleza y retiro de residuos de este importante canal, donde intervenimos numerosas veces a lo largo del a\u00f1o para dejarlo en buenas condiciones\u201d, <\/em>se\u00f1al\u00f3 la jefa comunal.<\/p>\n\n\n\n<p>Asimismo, <strong>Fuentes<\/strong> destac\u00f3 que operativos similares se realizan en las avenidas m\u00e1s transitadas de la ciudad, especialmente en aquellas que cumplen la funci\u00f3n de desag\u00fce, con el fin de garantizar un adecuado escurrimiento del agua durante la temporada de abundantes precipitaciones.<\/p>\n\n\n\n<p>En ese sentido, la intendente solicit\u00f3 la colaboraci\u00f3n de la comunidad y recomend\u00f3 no arrojar residuos ni elementos a los desag\u00fces, ya que pueden generar obstrucciones y complicaciones en el normal funcionamiento de los canales pluviales.<\/p>\n\n\n\n<p>Finalmente, remarc\u00f3 que estos trabajos se desarrollan de manera constante tambi\u00e9n en los espacios verdes de la ciudad, los cuales reciben una importante concurrencia de vecinos durante el verano, que disfrutan de actividades recreativas y al aire libre.<\/p>\n","protected":false},"excerpt":{"rendered":"<p>Las tareas se desarrollaron en el tramo comprendido entre Libertad y Antenor \u00c1lvarez, con el objetivo de garantizar el correcto escurrimiento del agua y mantener la higiene urbana.<\/p>\n","protected":false},"author":2,"featured_media":81194,"comment_status":"open","ping_status":"open","sticky":false,"template":"","format":"standard","meta":{"om_disable_all_campaigns":false,"_monsterinsights_skip_tracking":false,"_monsterinsights_sitenote_active":false,"_monsterinsights_sitenote_note":"","_monsterinsights_sitenote_category":0,"_uf_show_specific_survey":0,"_uf_disable_surveys":false,"jetpack_post_was_ever_published":false,"_jetpack_newsletter_access":"","_jetpack_dont_email_post_to_subs":false,"_jetpack_newsletter_tier_id":0,"_jetpack_memberships_contains_paywalled_content":false,"_jetpack_memberships_contains_paid_content":false,"footnotes":"","jetpack_publicize_message":"","jetpack_publicize_feature_enabled":true,"jetpack_social_post_already_shared":true,"jetpack_social_options":{"image_generator_settings":{"template":"highway","default_image_id":0,"font":"","enabled":false},"version":2}},"categories":[4,21],"tags":[73,116],"class_list":["post-81193","post","type-post","status-publish","format-standard","has-post-thumbnail","hentry","category-destacadas","category-locales","tag-municipalidad-de-la-capital","tag-norma-fuentes"],"aioseo_notices":[],"views":10,"jetpack_publicize_connections":[],"jetpack_featured_media_url":"https:\/\/i0.wp.com\/elterritorialweb.com.ar\/web\/wp-content\/uploads\/2026\/01\/PSX_20260108_151239-scaled.jpg?fit=2560%2C1680","jetpack_sharing_enabled":true,"_links":{"self":[{"href":"http:\/\/elterritorialweb.com.ar\/web\/wp-json\/wp\/v2\/posts\/81193","targetHints":{"allow":["GET"]}}],"collection":[{"href":"http:\/\/elterritorialweb.com.ar\/web\/wp-json\/wp\/v2\/posts"}],"about":[{"href":"http:\/\/elterritorialweb.com.ar\/web\/wp-json\/wp\/v2\/types\/post"}],"author":[{"embeddable":true,"href":"http:\/\/elterritorialweb.com.ar\/web\/wp-json\/wp\/v2\/users\/2"}],"replies":[{"embeddable":true,"href":"http:\/\/elterritorialweb.com.ar\/web\/wp-json\/wp\/v2\/comments?post=81193"}],"version-history":[{"count":2,"href":"http:\/\/elterritorialweb.com.ar\/web\/wp-json\/wp\/v2\/posts\/81193\/revisions"}],"predecessor-version":[{"id":81196,"href":"http:\/\/elterritorialweb.com.ar\/web\/wp-json\/wp\/v2\/posts\/81193\/revisions\/81196"}],"wp:featuredmedia":[{"embeddable":true,"href":"http:\/\/elterritorialweb.com.ar\/web\/wp-json\/wp\/v2\/media\/81194"}],"wp:attachment":[{"href":"http:\/\/elterritorialweb.com.ar\/web\/wp-json\/wp\/v2\/media?parent=81193"}],"wp:term":[{"taxonomy":"category","embeddable":true,"href":"http:\/\/elterritorialweb.com.ar\/web\/wp-json\/wp\/v2\/categories?post=81193"},{"taxonomy":"post_tag","embeddable":true,"href":"http:\/\/elterritorialweb.com.ar\/web\/wp-json\/wp\/v2\/tags?post=81193"}],"curies":[{"name":"wp","href":"https:\/\/api.w.org\/{rel}","templated":true}]}}