{"id":81928,"date":"2026-02-21T14:49:50","date_gmt":"2026-02-21T14:49:50","guid":{"rendered":"https:\/\/elterritorialweb.com.ar\/web\/?p=81928"},"modified":"2026-02-21T14:49:53","modified_gmt":"2026-02-21T14:49:53","slug":"desmantelan-un-vivero-ilegal-de-marihuana-en-una-zona-rural","status":"publish","type":"post","link":"http:\/\/elterritorialweb.com.ar\/web\/desmantelan-un-vivero-ilegal-de-marihuana-en-una-zona-rural\/","title":{"rendered":"\u200bDESMANTELAN UN VIVERO ILEGAL DE MARIHUANA EN UNA ZONA RURAL"},"content":{"rendered":"\n<p>\u200bEn un exitoso operativo derivado de tareas de inteligencia previa, efectivos de la <strong>Direcci\u00f3n General de Drogas Peligrosas<\/strong> desarticularon un centro de cultivo de estupefacientes en una zona rural. El procedimiento fue el resultado de una minuciosa investigaci\u00f3n que permiti\u00f3 recolectar las pruebas necesarias para que la justicia ordenara el allanamiento del inmueble.<\/p>\n\n\n\n<h3 class=\"wp-block-heading\">\u200bEl Operativo y los Hallazgos<\/h3>\n\n\n\n<p>\u200bDurante la incursi\u00f3n en la propiedad, el personal policial constat\u00f3 la existencia de una plantaci\u00f3n de <strong>Cannabis sativa<\/strong>. En total, se secuestraron <strong>63 plantas<\/strong>, las cuales presentaban un desarrollo avanzado con alturas que oscilaban entre los <strong>57 cent\u00edmetros y los 4,50 metros<\/strong>. Las pruebas de campo (narcotest) confirmaron que se trataba de marihuana.<\/p>\n\n\n\n<p>\u200bAdem\u00e1s de la vegetaci\u00f3n, las autoridades incautaron diversos elementos clave para la log\u00edstica del cultivo, tales como:<\/p>\n\n\n\n<ul class=\"wp-block-list\">\n<li>\u200bUn tel\u00e9fono celular.<\/li>\n\n\n\n<li>\u200bHerramientas de corte (tijeras).<\/li>\n\n\n\n<li>\u200bInsumos de mantenimiento (fertilizantes y abono).<\/li>\n\n\n\n<li>\u200bAlambre de acero trenzado para la sujeci\u00f3n de los ejemplares.<\/li>\n<\/ul>\n\n\n\n<h3 class=\"wp-block-heading\">\u200bSituaci\u00f3n Judicial<\/h3>\n\n\n\n<p>\u200bComo resultado del despliegue, un <strong>hombre de 43 a\u00f1os<\/strong> con domicilio en el lugar fue detenido y trasladado a la sede policial. El sospechoso qued\u00f3 bajo custodia y a disposici\u00f3n de la autoridad judicial competente bajo los cargos de infracci\u00f3n a la Ley de Estupefacientes.<\/p>\n\n\n\n<p>\u200bActualmente, las fuerzas de seguridad contin\u00faan con las actuaciones de rigor para determinar el alcance de la red de distribuci\u00f3n vinculada a este vivero clandestino.<\/p>\n","protected":false},"excerpt":{"rendered":"<p>Tras una exhaustiva investigaci\u00f3n, la Direcci\u00f3n General de Drogas Peligrosas incaut\u00f3 63 plantas de gran porte y detuvo a un hombre de 43 a\u00f1os vinculado a la actividad il\u00edcita.<\/p>\n","protected":false},"author":2,"featured_media":81929,"comment_status":"open","ping_status":"open","sticky":false,"template":"","format":"standard","meta":{"om_disable_all_campaigns":false,"_monsterinsights_skip_tracking":false,"_monsterinsights_sitenote_active":false,"_monsterinsights_sitenote_note":"","_monsterinsights_sitenote_category":0,"_uf_show_specific_survey":0,"_uf_disable_surveys":false,"jetpack_post_was_ever_published":false,"_jetpack_newsletter_access":"","_jetpack_dont_email_post_to_subs":false,"_jetpack_newsletter_tier_id":0,"_jetpack_memberships_contains_paywalled_content":false,"_jetpack_memberships_contains_paid_content":false,"footnotes":"","jetpack_publicize_message":"","jetpack_publicize_feature_enabled":true,"jetpack_social_post_already_shared":true,"jetpack_social_options":{"image_generator_settings":{"template":"highway","default_image_id":0,"font":"","enabled":false},"version":2}},"categories":[4,36],"tags":[604],"class_list":["post-81928","post","type-post","status-publish","format-standard","has-post-thumbnail","hentry","category-destacadas","category-policiales","tag-policia-de-la-provincia-de-santiago-del-estero"],"aioseo_notices":[],"views":7,"jetpack_publicize_connections":[],"jetpack_featured_media_url":"https:\/\/i0.wp.com\/elterritorialweb.com.ar\/web\/wp-content\/uploads\/2026\/02\/FB_IMG_1771684038493.jpg?fit=1280%2C720","jetpack_sharing_enabled":true,"_links":{"self":[{"href":"http:\/\/elterritorialweb.com.ar\/web\/wp-json\/wp\/v2\/posts\/81928","targetHints":{"allow":["GET"]}}],"collection":[{"href":"http:\/\/elterritorialweb.com.ar\/web\/wp-json\/wp\/v2\/posts"}],"about":[{"href":"http:\/\/elterritorialweb.com.ar\/web\/wp-json\/wp\/v2\/types\/post"}],"author":[{"embeddable":true,"href":"http:\/\/elterritorialweb.com.ar\/web\/wp-json\/wp\/v2\/users\/2"}],"replies":[{"embeddable":true,"href":"http:\/\/elterritorialweb.com.ar\/web\/wp-json\/wp\/v2\/comments?post=81928"}],"version-history":[{"count":1,"href":"http:\/\/elterritorialweb.com.ar\/web\/wp-json\/wp\/v2\/posts\/81928\/revisions"}],"predecessor-version":[{"id":81930,"href":"http:\/\/elterritorialweb.com.ar\/web\/wp-json\/wp\/v2\/posts\/81928\/revisions\/81930"}],"wp:featuredmedia":[{"embeddable":true,"href":"http:\/\/elterritorialweb.com.ar\/web\/wp-json\/wp\/v2\/media\/81929"}],"wp:attachment":[{"href":"http:\/\/elterritorialweb.com.ar\/web\/wp-json\/wp\/v2\/media?parent=81928"}],"wp:term":[{"taxonomy":"category","embeddable":true,"href":"http:\/\/elterritorialweb.com.ar\/web\/wp-json\/wp\/v2\/categories?post=81928"},{"taxonomy":"post_tag","embeddable":true,"href":"http:\/\/elterritorialweb.com.ar\/web\/wp-json\/wp\/v2\/tags?post=81928"}],"curies":[{"name":"wp","href":"https:\/\/api.w.org\/{rel}","templated":true}]}}