{"id":82347,"date":"2026-03-03T11:23:32","date_gmt":"2026-03-03T11:23:32","guid":{"rendered":"https:\/\/elterritorialweb.com.ar\/web\/?p=82347"},"modified":"2026-03-03T11:23:34","modified_gmt":"2026-03-03T11:23:34","slug":"el-superior-tribunal-actualizo-el-valor-de-la-unidad-arancelaria-para-abogados","status":"publish","type":"post","link":"http:\/\/elterritorialweb.com.ar\/web\/el-superior-tribunal-actualizo-el-valor-de-la-unidad-arancelaria-para-abogados\/","title":{"rendered":"\u200bEL SUPERIOR TRIBUNAL ACTUALIZ\u00d3 EL VALOR DE LA UNIDAD ARANCELARIA PARA ABOGADOS"},"content":{"rendered":"\n<p>\u200bEl Superior Tribunal de Justicia de Santiago del Estero (STJ) emiti\u00f3 una nueva acordada mediante la cual se oficializa la actualizaci\u00f3n del valor de la <strong>Unidad de Medida Arancelaria (UMA)<\/strong>. Esta medida impacta directamente en la regulaci\u00f3n de honorarios de los abogados y procuradores que ejercen en toda la provincia.<\/p>\n\n\n\n<p>\u200bDe acuerdo con lo establecido por la <strong>Sala de Superintendencia<\/strong>, la actualizaci\u00f3n responde a lo dispuesto por la <strong>Ley Provincial N\u00ba 7381<\/strong>, marco normativo que rige la fijaci\u00f3n de los estipendios profesionales en la jurisdicci\u00f3n santiague\u00f1a.<\/p>\n\n\n\n<h3 class=\"wp-block-heading\">\u200bEl c\u00e1lculo del nuevo monto<\/h3>\n\n\n\n<p>\u200bLa determinaci\u00f3n del valor se basa estrictamente en el <strong>art\u00edculo 15<\/strong> de la mencionada ley. En su resoluci\u00f3n, el Alto Cuerpo consider\u00f3 pertinente establecer el valor de la UMA en <strong>$ 86.350<\/strong>.<\/p>\n\n\n\n<p>\u200bPara arribar a esta cifra, se aplica una f\u00f3rmula t\u00e9cnica preestablecida: el monto debe ser equivalente al <strong>3% de la asignaci\u00f3n total<\/strong> que percibe un juez de primera instancia. De esta manera, el honorario profesional mantiene una correlaci\u00f3n directa con las remuneraciones del Poder Judicial, buscando preservar el car\u00e1cter alimentario de los ingresos de los letrados.<\/p>\n\n\n\n<h3 class=\"wp-block-heading\">\u200bAlcance de la medida<\/h3>\n\n\n\n<p>\u200bCon esta actualizaci\u00f3n, todos los procesos judiciales que requieran la regulaci\u00f3n de honorarios a partir de la fecha deber\u00e1n ajustarse al nuevo valor de la unidad. Esta herramienta resulta fundamental para dar previsibilidad a la labor profesional y garantizar que los honorarios no queden desfasados frente a las actualizaciones salariales del sector p\u00fablico judicial.<\/p>\n","protected":false},"excerpt":{"rendered":"<p>\u200bLa Sala de Superintendencia fij\u00f3 el nuevo monto de la UMA en $ 86.350, tras aplicar el c\u00e1lculo porcentual sobre los haberes de un juez de primera instancia.<\/p>\n","protected":false},"author":2,"featured_media":82348,"comment_status":"open","ping_status":"open","sticky":false,"template":"","format":"standard","meta":{"om_disable_all_campaigns":false,"_monsterinsights_skip_tracking":false,"_monsterinsights_sitenote_active":false,"_monsterinsights_sitenote_note":"","_monsterinsights_sitenote_category":0,"_uf_show_specific_survey":0,"_uf_disable_surveys":false,"jetpack_post_was_ever_published":false,"_jetpack_newsletter_access":"","_jetpack_dont_email_post_to_subs":false,"_jetpack_newsletter_tier_id":0,"_jetpack_memberships_contains_paywalled_content":false,"_jetpack_memberships_contains_paid_content":false,"footnotes":"","jetpack_publicize_message":"","jetpack_publicize_feature_enabled":true,"jetpack_social_post_already_shared":true,"jetpack_social_options":{"image_generator_settings":{"template":"highway","default_image_id":0,"font":"","enabled":false},"version":2}},"categories":[4,38],"tags":[1639,1164,61],"class_list":["post-82347","post","type-post","status-publish","format-standard","has-post-thumbnail","hentry","category-destacadas","category-judiciales","tag-abogados","tag-aranceles","tag-poder-judicial"],"aioseo_notices":[],"views":24,"jetpack_publicize_connections":[],"jetpack_featured_media_url":"https:\/\/i0.wp.com\/elterritorialweb.com.ar\/web\/wp-content\/uploads\/2026\/03\/UMA.jpg?fit=733%2C605","jetpack_sharing_enabled":true,"_links":{"self":[{"href":"http:\/\/elterritorialweb.com.ar\/web\/wp-json\/wp\/v2\/posts\/82347","targetHints":{"allow":["GET"]}}],"collection":[{"href":"http:\/\/elterritorialweb.com.ar\/web\/wp-json\/wp\/v2\/posts"}],"about":[{"href":"http:\/\/elterritorialweb.com.ar\/web\/wp-json\/wp\/v2\/types\/post"}],"author":[{"embeddable":true,"href":"http:\/\/elterritorialweb.com.ar\/web\/wp-json\/wp\/v2\/users\/2"}],"replies":[{"embeddable":true,"href":"http:\/\/elterritorialweb.com.ar\/web\/wp-json\/wp\/v2\/comments?post=82347"}],"version-history":[{"count":1,"href":"http:\/\/elterritorialweb.com.ar\/web\/wp-json\/wp\/v2\/posts\/82347\/revisions"}],"predecessor-version":[{"id":82349,"href":"http:\/\/elterritorialweb.com.ar\/web\/wp-json\/wp\/v2\/posts\/82347\/revisions\/82349"}],"wp:featuredmedia":[{"embeddable":true,"href":"http:\/\/elterritorialweb.com.ar\/web\/wp-json\/wp\/v2\/media\/82348"}],"wp:attachment":[{"href":"http:\/\/elterritorialweb.com.ar\/web\/wp-json\/wp\/v2\/media?parent=82347"}],"wp:term":[{"taxonomy":"category","embeddable":true,"href":"http:\/\/elterritorialweb.com.ar\/web\/wp-json\/wp\/v2\/categories?post=82347"},{"taxonomy":"post_tag","embeddable":true,"href":"http:\/\/elterritorialweb.com.ar\/web\/wp-json\/wp\/v2\/tags?post=82347"}],"curies":[{"name":"wp","href":"https:\/\/api.w.org\/{rel}","templated":true}]}}