{"id":82350,"date":"2026-03-03T11:31:22","date_gmt":"2026-03-03T11:31:22","guid":{"rendered":"https:\/\/elterritorialweb.com.ar\/web\/?p=82350"},"modified":"2026-03-03T11:34:45","modified_gmt":"2026-03-03T11:34:45","slug":"la-unse-mantiene-abiertas-las-inscripciones-para-la-escuela-de-artes-y-oficios-2026","status":"publish","type":"post","link":"http:\/\/elterritorialweb.com.ar\/web\/la-unse-mantiene-abiertas-las-inscripciones-para-la-escuela-de-artes-y-oficios-2026\/","title":{"rendered":"\u200bLA UNSE MANTIENE ABIERTAS LAS INSCRIPCIONES PARA LA ESCUELA DE ARTES Y OFICIOS 2026"},"content":{"rendered":"\n<p>\u200bLa Escuela de Artes y Oficios de la <strong>Universidad Nacional de Santiago del Estero (UNSE)<\/strong> confirm\u00f3 que contin\u00faa vigente el periodo de inscripci\u00f3n para su ciclo acad\u00e9mico 2026. La propuesta, dise\u00f1ada tanto para j\u00f3venes como para adultos, busca brindar herramientas concretas en disciplinas art\u00edsticas y t\u00e9cnicas que respondan a las demandas actuales del mercado de trabajo.<\/p>\n\n\n\n<h3 class=\"wp-block-heading\">\u200bFormaci\u00f3n t\u00e9cnica y art\u00edstica<\/h3>\n\n\n\n<p>\u200bCon el <strong>inicio de clases programado para el 7 de marzo<\/strong>, la oferta educativa se destaca por su versatilidad, combinando modalidades presenciales y virtuales. Entre los trayectos formativos con mayor demanda se encuentran:<\/p>\n\n\n\n<ul class=\"wp-block-list\">\n<li>\u200b<strong>Oficios e Infraestructura:<\/strong> Instalaciones el\u00e9ctricas, soldadura y herrer\u00eda, reparaci\u00f3n de refrigeraci\u00f3n (heladeras y aires acondicionados) y construcci\u00f3n en seco.<\/li>\n\n\n\n<li>\u200b<strong>Est\u00e9tica y Tendencias:<\/strong> Barber\u00eda, peluquer\u00eda y marroquiner\u00eda.<\/li>\n\n\n\n<li>\u200b<strong>Dise\u00f1o y Automotor:<\/strong> Dise\u00f1o de muebles en melamina y cursos especializados en el sector automotriz.<\/li>\n\n\n\n<li>\u200b<strong>Expresi\u00f3n Cultural:<\/strong> Talleres de pintura, m\u00fasica y danza.<\/li>\n<\/ul>\n\n\n\n<h3 class=\"wp-block-heading\">\u200bEducaci\u00f3n y compromiso social<\/h3>\n\n\n\n<p>\u200bM\u00e1s all\u00e1 de los oficios tradicionales, la instituci\u00f3n incorpora capacitaciones estrat\u00e9gicas para el \u00e1mbito docente y social. Se destacan cursos sobre el <strong>abordaje de la violencia<\/strong>, resoluci\u00f3n de conflictos en el aula, educaci\u00f3n vial y nuevas estrategias did\u00e1cticas, todos con el respaldo de la calidad educativa que caracteriza a la UNSE.<\/p>\n\n\n\n<blockquote class=\"wp-block-quote is-layout-flow wp-block-quote-is-layout-flow\">\n<p>\u200b\u00bbLa certificaci\u00f3n universitaria garantiza un compromiso social que fortalece las posibilidades reales de inserci\u00f3n en el mundo laboral\u00bb, se\u00f1alaron desde la direcci\u00f3n de la Escuela.<\/p>\n<\/blockquote>\n\n\n\n<h3 class=\"wp-block-heading\">\u200bInformaci\u00f3n para interesados<\/h3>\n\n\n\n<p>\u200bPara facilitar el acceso, la Escuela ha dispuesto m\u00faltiples canales de atenci\u00f3n y sedes f\u00edsicas:<\/p>\n\n\n\n<figure class=\"wp-block-table\"><table class=\"has-fixed-layout\"><tbody><tr><th>Canal de Atenci\u00f3n<\/th><th>Ubicaci\u00f3n \/ Contacto<\/th><th>Horarios<\/th><\/tr><tr><td>Sede Central<\/td><td>Belgrano Sur 1912<\/td><td>8 a 12 y 16 a 20 hs<\/td><\/tr><tr><td>Sede Zanj\u00f3n<\/td><td>Ruta 9 km 1125<\/td><td>8 a 12 y 16 a 20 hs<\/td><\/tr><tr><td>WhatsApp<\/td><td>3854-082772<\/td><td>Consultas generales<\/td><\/tr><tr><td>Web<\/td><td>P\u00e1gina de autogesti\u00f3n UNSE<\/td><td>24 horas<\/td><\/tr><\/tbody><\/table><\/figure>\n\n\n\n<p>Con esta renovaci\u00f3n de su oferta, la UNSE reafirma su rol como motor de capacitaci\u00f3n y perfeccionamiento para la comunidad santiague\u00f1a durante este 2026.<\/p>\n","protected":false},"excerpt":{"rendered":"<p>Con una amplia oferta que incluye desde oficios t\u00e9cnicos hasta formaci\u00f3n pedag\u00f3gica, la instituci\u00f3n apuesta a la inserci\u00f3n laboral r\u00e1pida y la certificaci\u00f3n universitaria.<\/p>\n","protected":false},"author":2,"featured_media":82351,"comment_status":"open","ping_status":"open","sticky":false,"template":"","format":"standard","meta":{"om_disable_all_campaigns":false,"_monsterinsights_skip_tracking":false,"_monsterinsights_sitenote_active":false,"_monsterinsights_sitenote_note":"","_monsterinsights_sitenote_category":0,"_uf_show_specific_survey":0,"_uf_disable_surveys":false,"jetpack_post_was_ever_published":false,"_jetpack_newsletter_access":"","_jetpack_dont_email_post_to_subs":false,"_jetpack_newsletter_tier_id":0,"_jetpack_memberships_contains_paywalled_content":false,"_jetpack_memberships_contains_paid_content":false,"footnotes":"","jetpack_publicize_message":"","jetpack_publicize_feature_enabled":true,"jetpack_social_post_already_shared":true,"jetpack_social_options":{"image_generator_settings":{"template":"highway","default_image_id":0,"font":"","enabled":false},"version":2}},"categories":[4,19],"tags":[611,74],"class_list":["post-82350","post","type-post","status-publish","format-standard","has-post-thumbnail","hentry","category-destacadas","category-educacion","tag-escuela-de-arte-y-oficios","tag-unse"],"aioseo_notices":[],"views":19,"jetpack_publicize_connections":[],"jetpack_featured_media_url":"https:\/\/i0.wp.com\/elterritorialweb.com.ar\/web\/wp-content\/uploads\/2026\/03\/UnseEscuelaArtes3.jpg?fit=1280%2C814","jetpack_sharing_enabled":true,"_links":{"self":[{"href":"http:\/\/elterritorialweb.com.ar\/web\/wp-json\/wp\/v2\/posts\/82350","targetHints":{"allow":["GET"]}}],"collection":[{"href":"http:\/\/elterritorialweb.com.ar\/web\/wp-json\/wp\/v2\/posts"}],"about":[{"href":"http:\/\/elterritorialweb.com.ar\/web\/wp-json\/wp\/v2\/types\/post"}],"author":[{"embeddable":true,"href":"http:\/\/elterritorialweb.com.ar\/web\/wp-json\/wp\/v2\/users\/2"}],"replies":[{"embeddable":true,"href":"http:\/\/elterritorialweb.com.ar\/web\/wp-json\/wp\/v2\/comments?post=82350"}],"version-history":[{"count":3,"href":"http:\/\/elterritorialweb.com.ar\/web\/wp-json\/wp\/v2\/posts\/82350\/revisions"}],"predecessor-version":[{"id":82354,"href":"http:\/\/elterritorialweb.com.ar\/web\/wp-json\/wp\/v2\/posts\/82350\/revisions\/82354"}],"wp:featuredmedia":[{"embeddable":true,"href":"http:\/\/elterritorialweb.com.ar\/web\/wp-json\/wp\/v2\/media\/82351"}],"wp:attachment":[{"href":"http:\/\/elterritorialweb.com.ar\/web\/wp-json\/wp\/v2\/media?parent=82350"}],"wp:term":[{"taxonomy":"category","embeddable":true,"href":"http:\/\/elterritorialweb.com.ar\/web\/wp-json\/wp\/v2\/categories?post=82350"},{"taxonomy":"post_tag","embeddable":true,"href":"http:\/\/elterritorialweb.com.ar\/web\/wp-json\/wp\/v2\/tags?post=82350"}],"curies":[{"name":"wp","href":"https:\/\/api.w.org\/{rel}","templated":true}]}}