{"id":82355,"date":"2026-03-03T11:40:38","date_gmt":"2026-03-03T11:40:38","guid":{"rendered":"https:\/\/elterritorialweb.com.ar\/web\/?p=82355"},"modified":"2026-03-03T11:40:39","modified_gmt":"2026-03-03T11:40:39","slug":"femicidios-en-santiago-del-estero-es-la-punta-de-un-iceberg-de-violencias-estructurales","status":"publish","type":"post","link":"http:\/\/elterritorialweb.com.ar\/web\/femicidios-en-santiago-del-estero-es-la-punta-de-un-iceberg-de-violencias-estructurales\/","title":{"rendered":"FEMICIDIOS EN SANTIAGO DEL ESTERO: \u201cES LA PUNTA DE UN ICEBERG DE VIOLENCIAS ESTRUCTURALES\u201d"},"content":{"rendered":"\n<p>\u200bEl recrudecimiento de la violencia de g\u00e9nero en Santiago del Estero durante el \u00faltimo mes ha vuelto a encender las alarmas en la sociedad y la academia. Para la <strong>Dra. Cecilia Canevari<\/strong>, investigadora del INDES e integrante del Grupo G\u00e9neros, Pol\u00edtica y Derechos de la Universidad Nacional de Santiago del Estero (UNSE), estos cr\u00edmenes no son hechos aislados, sino la manifestaci\u00f3n m\u00e1s extrema de una problem\u00e1tica arraigada.<\/p>\n\n\n\n<p>\u200b\u201cCada caso es un golpe, una batalla perdida en el intento de construir relaciones m\u00e1s justas\u201d, se\u00f1al\u00f3 Canevari. Seg\u00fan los relevamientos que su equipo realiza desde hace m\u00e1s de una d\u00e9cada, la provincia mantiene hist\u00f3ricamente una de las <strong>tasas de femicidios m\u00e1s altas del pa\u00eds<\/strong> en proporci\u00f3n a su poblaci\u00f3n. \u201cEs una verg\u00fcenza nacional\u201d, sentenci\u00f3 la especialista.<\/p>\n\n\n\n<p>La investigadora enfatiz\u00f3 que no se trata de \u00abpeleas entre pares\u00bb, sino de una <strong>desigualdad estructural de poder<\/strong>. \u201cSon relaciones atravesadas por mandatos de masculinidad que legitiman el control y la violencia como respuesta ante la p\u00e9rdida del dominio sobre la otra persona\u201d, explic\u00f3.<\/p>\n\n\n\n<h3 class=\"wp-block-heading\">\u200bLa vulnerabilidad en el interior<\/h3>\n\n\n\n<p>\u200bAl analizar la distribuci\u00f3n geogr\u00e1fica de los casos, Canevari advirti\u00f3 que, si bien las cifras en zonas rurales son proporcionales a su poblaci\u00f3n, los obst\u00e1culos para las v\u00edctimas son mayores.<\/p>\n\n\n\n<blockquote class=\"wp-block-quote is-layout-flow wp-block-quote-is-layout-flow\">\n<p>\u200b\u201cEn los pueblos peque\u00f1os, la proximidad con el agresor y la falta de recursos institucionales dificultan la denuncia. La distancia f\u00edsica hacia los centros de justicia se convierte en una barrera de desprotecci\u00f3n\u201d, sostuvo.<\/p>\n<\/blockquote>\n\n\n\n<h3 class=\"wp-block-heading\">\u200bEl desaf\u00edo educativo y social<\/h3>\n\n\n\n<p>\u200bDesde la <strong>UNSE<\/strong>, la doctora destac\u00f3 la importancia de las aulas como espacios para desmontar estructuras patriarcales, aunque reconoci\u00f3 que es necesario profundizar los contenidos de g\u00e9nero en todas las carreras. Hizo especial hincapi\u00e9 en la necesidad de trabajar con los varones para revisar los mandatos que impulsan la violencia ante la frustraci\u00f3n.<\/p>\n\n\n\n<p>\u200bFinalmente, la especialista hizo un llamado a la acci\u00f3n pol\u00edtica y social:<\/p>\n\n\n\n<ul class=\"wp-block-list\">\n<li>\u200b<strong>Presupuesto real:<\/strong> Pol\u00edticas sostenidas en el tiempo.<\/li>\n\n\n\n<li>\u200b<strong>Participaci\u00f3n ciudadana:<\/strong> Mantener la visibilidad del reclamo en las calles.<\/li>\n\n\n\n<li>\u200b<strong>Compromiso institucional:<\/strong> Decisiones pol\u00edticas acordes a la gravedad de la situaci\u00f3n.<\/li>\n<\/ul>\n\n\n\n<p>\u200b\u201cEs necesario dar un mensaje claro: estas violencias requieren compromiso y pol\u00edticas que no se agoten en la emergencia\u201d, concluy\u00f3.<\/p>\n\n\n\n<p><\/p>\n","protected":false},"excerpt":{"rendered":"<p>Tras un febrero cr\u00edtico, la Dra. Cecilia Canevari (UNSE) analiza la trama de desigualdad y los mandatos de masculinidad que sostienen las altas tasas de violencia de g\u00e9nero en la provincia.<\/p>\n","protected":false},"author":2,"featured_media":82356,"comment_status":"open","ping_status":"open","sticky":false,"template":"","format":"standard","meta":{"om_disable_all_campaigns":false,"_monsterinsights_skip_tracking":false,"_monsterinsights_sitenote_active":false,"_monsterinsights_sitenote_note":"","_monsterinsights_sitenote_category":0,"_uf_show_specific_survey":0,"_uf_disable_surveys":false,"jetpack_post_was_ever_published":false,"_jetpack_newsletter_access":"","_jetpack_dont_email_post_to_subs":false,"_jetpack_newsletter_tier_id":0,"_jetpack_memberships_contains_paywalled_content":false,"_jetpack_memberships_contains_paid_content":false,"footnotes":"","jetpack_publicize_message":"","jetpack_publicize_feature_enabled":true,"jetpack_social_post_already_shared":true,"jetpack_social_options":{"image_generator_settings":{"template":"highway","default_image_id":0,"font":"","enabled":false},"version":2}},"categories":[4,21],"tags":[1640,72],"class_list":["post-82355","post","type-post","status-publish","format-standard","has-post-thumbnail","hentry","category-destacadas","category-locales","tag-femicidios","tag-santiagodel-estero"],"aioseo_notices":[],"views":11,"jetpack_publicize_connections":[],"jetpack_featured_media_url":"https:\/\/i0.wp.com\/elterritorialweb.com.ar\/web\/wp-content\/uploads\/2026\/03\/CeciliaCanevari.jpg?fit=2048%2C1365","jetpack_sharing_enabled":true,"_links":{"self":[{"href":"http:\/\/elterritorialweb.com.ar\/web\/wp-json\/wp\/v2\/posts\/82355","targetHints":{"allow":["GET"]}}],"collection":[{"href":"http:\/\/elterritorialweb.com.ar\/web\/wp-json\/wp\/v2\/posts"}],"about":[{"href":"http:\/\/elterritorialweb.com.ar\/web\/wp-json\/wp\/v2\/types\/post"}],"author":[{"embeddable":true,"href":"http:\/\/elterritorialweb.com.ar\/web\/wp-json\/wp\/v2\/users\/2"}],"replies":[{"embeddable":true,"href":"http:\/\/elterritorialweb.com.ar\/web\/wp-json\/wp\/v2\/comments?post=82355"}],"version-history":[{"count":1,"href":"http:\/\/elterritorialweb.com.ar\/web\/wp-json\/wp\/v2\/posts\/82355\/revisions"}],"predecessor-version":[{"id":82357,"href":"http:\/\/elterritorialweb.com.ar\/web\/wp-json\/wp\/v2\/posts\/82355\/revisions\/82357"}],"wp:featuredmedia":[{"embeddable":true,"href":"http:\/\/elterritorialweb.com.ar\/web\/wp-json\/wp\/v2\/media\/82356"}],"wp:attachment":[{"href":"http:\/\/elterritorialweb.com.ar\/web\/wp-json\/wp\/v2\/media?parent=82355"}],"wp:term":[{"taxonomy":"category","embeddable":true,"href":"http:\/\/elterritorialweb.com.ar\/web\/wp-json\/wp\/v2\/categories?post=82355"},{"taxonomy":"post_tag","embeddable":true,"href":"http:\/\/elterritorialweb.com.ar\/web\/wp-json\/wp\/v2\/tags?post=82355"}],"curies":[{"name":"wp","href":"https:\/\/api.w.org\/{rel}","templated":true}]}}