{"id":82364,"date":"2026-03-03T11:48:03","date_gmt":"2026-03-03T11:48:03","guid":{"rendered":"https:\/\/elterritorialweb.com.ar\/web\/?p=82364"},"modified":"2026-03-03T11:48:31","modified_gmt":"2026-03-03T11:48:31","slug":"la-municipalidad-convoco-al-acto-de-opcion-de-cargos-para-jardines-de-infantes","status":"publish","type":"post","link":"http:\/\/elterritorialweb.com.ar\/web\/la-municipalidad-convoco-al-acto-de-opcion-de-cargos-para-jardines-de-infantes\/","title":{"rendered":"LA MUNICIPALIDAD CONVOC\u00d3 AL ACTO DE OPCI\u00d3N DE CARGOS PARA JARDINES DE INFANTES"},"content":{"rendered":"\n<p>\u200bLa Municipalidad de la Capital, a trav\u00e9s del \u00e1rea de Supervisi\u00f3n de Jardines de Infantes, inform\u00f3 la realizaci\u00f3n de un nuevo acto de opci\u00f3n de cargos destinados a cubrir vacantes de <strong>interinatos y suplencias<\/strong>. La cita tendr\u00e1 lugar este <strong>mi\u00e9rcoles 4 de marzo, a partir de las 8:30 horas<\/strong>, en las instalaciones del \u00d3valo del Parque Sur.<\/p>\n\n\n\n<h3 class=\"wp-block-heading\">\u200bDetalles del Orden de M\u00e9rito<\/h3>\n\n\n\n<p>\u200bLa convocatoria se rige bajo los Listados de Orden de M\u00e9rito (L.O.M.) vigentes, segmentados de la siguiente manera:<\/p>\n\n\n\n<ul class=\"wp-block-list\">\n<li>\u200b<strong>Maestras de Secci\u00f3n (sin cargo titular):<\/strong> Desde el Orden de M\u00e9rito N\u00b0 00, puntaje 124,78 (L.O.M. 2026).<\/li>\n\n\n\n<li>\u200b<strong>Educaci\u00f3n F\u00edsica (sin cargo titular):<\/strong> Desde el Orden de M\u00e9rito N\u00b0 00, puntaje 95,84 (L.O.M. 2026).<\/li>\n\n\n\n<li>\u200b<strong>Jard\u00edn N\u00b0 27 \u201cPapa Francisco\u201d:<\/strong> Desde el Orden de M\u00e9rito N\u00b0 13, puntaje 21,04 (L.O.M. 2025 &#8211; Inscripci\u00f3n Extraordinaria).<\/li>\n<\/ul>\n\n\n\n<h3 class=\"wp-block-heading\">\u200bCargos Disponibles<\/h3>\n\n\n\n<p>\u200bSe ofrecer\u00e1n vacantes en diversos establecimientos y turnos, detallados a continuaci\u00f3n:<\/p>\n\n\n\n<figure class=\"wp-block-table\"><table class=\"has-fixed-layout\"><tbody><tr><th>Especialidad<\/th><th>Cantidad y Condici\u00f3n<\/th><th>Jardines y Turnos<\/th><\/tr><tr><td>Maestras Celadoras<\/td><td>4 cargos (3 Interinos, 1 Suplente)<\/td><td>Jardines N\u00b0 10, 11 y 17.<\/td><\/tr><tr><td>Educaci\u00f3n F\u00edsica<\/td><td>1 cargo (Suplente)<\/td><td>Jard\u00edn N\u00b0 19 (Turnos Ma\u00f1ana y Tarde).<\/td><\/tr><tr><td>Maestras de Secci\u00f3n<\/td><td>21 cargos (Interinos y Suplentes)<\/td><td>Jardines N\u00b0 3, 8, 10, 11, 12, 16, 17, 18, 19, 21, 22, 23, 24 y 27.<\/td><\/tr><\/tbody><\/table><\/figure>\n\n\n\n<h3 class=\"wp-block-heading\">Requisitos Obligatorios<\/h3>\n\n\n\n<p>\u200bLos docentes interesados deber\u00e1n presentarse con la siguiente documentaci\u00f3n:<\/p>\n\n\n\n<ol class=\"wp-block-list\">\n<li>\u200b<strong>Apto M\u00e9dico<\/strong> (original y copia).<\/li>\n\n\n\n<li>\u200b<strong>Declaraci\u00f3n Jurada Municipal<\/strong> de cargos y horarios (emitida por Supervisi\u00f3n). El formulario puede descargarse previamente de forma online.<\/li>\n\n\n\n<li>\u200bCumplimiento de los <strong>Art\u00edculos 16\u00b0 (I y III) y 17\u00b0 de la Ordenanza N\u00b0 547\/75<\/strong> del Estatuto del Docente Municipal.<\/li>\n<\/ol>\n","protected":false},"excerpt":{"rendered":"<p>El \u00e1rea de Supervisi\u00f3n de los Jardines de Infantes Municipales de la Capital anunci\u00f3 que el proceso para cubrir interinatos y suplencias se llevar\u00e1 a cabo este mi\u00e9rcoles 4 de marzo en el Parque Sur.<\/p>\n","protected":false},"author":2,"featured_media":82362,"comment_status":"open","ping_status":"open","sticky":false,"template":"","format":"standard","meta":{"om_disable_all_campaigns":false,"_monsterinsights_skip_tracking":false,"_monsterinsights_sitenote_active":false,"_monsterinsights_sitenote_note":"","_monsterinsights_sitenote_category":0,"_uf_show_specific_survey":0,"_uf_disable_surveys":false,"jetpack_post_was_ever_published":false,"_jetpack_newsletter_access":"","_jetpack_dont_email_post_to_subs":false,"_jetpack_newsletter_tier_id":0,"_jetpack_memberships_contains_paywalled_content":false,"_jetpack_memberships_contains_paid_content":false,"footnotes":"","jetpack_publicize_message":"","jetpack_publicize_feature_enabled":true,"jetpack_social_post_already_shared":true,"jetpack_social_options":{"image_generator_settings":{"template":"highway","default_image_id":0,"font":"","enabled":false},"version":2}},"categories":[4,19],"tags":[313,73],"class_list":["post-82364","post","type-post","status-publish","format-standard","has-post-thumbnail","hentry","category-destacadas","category-educacion","tag-jardines-de-infantes-municipales","tag-municipalidad-de-la-capital"],"aioseo_notices":[],"views":10,"jetpack_publicize_connections":[],"jetpack_featured_media_url":"https:\/\/i0.wp.com\/elterritorialweb.com.ar\/web\/wp-content\/uploads\/2026\/03\/cargo.jpeg?fit=1071%2C1428","jetpack_sharing_enabled":true,"_links":{"self":[{"href":"http:\/\/elterritorialweb.com.ar\/web\/wp-json\/wp\/v2\/posts\/82364","targetHints":{"allow":["GET"]}}],"collection":[{"href":"http:\/\/elterritorialweb.com.ar\/web\/wp-json\/wp\/v2\/posts"}],"about":[{"href":"http:\/\/elterritorialweb.com.ar\/web\/wp-json\/wp\/v2\/types\/post"}],"author":[{"embeddable":true,"href":"http:\/\/elterritorialweb.com.ar\/web\/wp-json\/wp\/v2\/users\/2"}],"replies":[{"embeddable":true,"href":"http:\/\/elterritorialweb.com.ar\/web\/wp-json\/wp\/v2\/comments?post=82364"}],"version-history":[{"count":1,"href":"http:\/\/elterritorialweb.com.ar\/web\/wp-json\/wp\/v2\/posts\/82364\/revisions"}],"predecessor-version":[{"id":82365,"href":"http:\/\/elterritorialweb.com.ar\/web\/wp-json\/wp\/v2\/posts\/82364\/revisions\/82365"}],"wp:featuredmedia":[{"embeddable":true,"href":"http:\/\/elterritorialweb.com.ar\/web\/wp-json\/wp\/v2\/media\/82362"}],"wp:attachment":[{"href":"http:\/\/elterritorialweb.com.ar\/web\/wp-json\/wp\/v2\/media?parent=82364"}],"wp:term":[{"taxonomy":"category","embeddable":true,"href":"http:\/\/elterritorialweb.com.ar\/web\/wp-json\/wp\/v2\/categories?post=82364"},{"taxonomy":"post_tag","embeddable":true,"href":"http:\/\/elterritorialweb.com.ar\/web\/wp-json\/wp\/v2\/tags?post=82364"}],"curies":[{"name":"wp","href":"https:\/\/api.w.org\/{rel}","templated":true}]}}