{"id":82366,"date":"2026-03-03T11:57:07","date_gmt":"2026-03-03T11:57:07","guid":{"rendered":"https:\/\/elterritorialweb.com.ar\/web\/?p=82366"},"modified":"2026-03-03T11:57:09","modified_gmt":"2026-03-03T11:57:09","slug":"alerta-por-tormentas-y-alta-humedad-en-santiago-del-estero","status":"publish","type":"post","link":"http:\/\/elterritorialweb.com.ar\/web\/alerta-por-tormentas-y-alta-humedad-en-santiago-del-estero\/","title":{"rendered":"ALERTA POR TORMENTAS Y ALTA HUMEDAD EN SANTIAGO DEL ESTERO"},"content":{"rendered":"\n<p>\u200bUna jornada de marcada inestabilidad clim\u00e1tica atraviesa hoy la capital santiague\u00f1a. Con una temperatura actual de <strong>23\u00b0C<\/strong> y una atm\u00f3sfera cargada con un <strong>81% de humedad<\/strong>, la ciudad experimenta condiciones de \u00abpesadez\u00bb clim\u00e1tica t\u00edpicas de los frentes de baja presi\u00f3n que afectan a la regi\u00f3n central y norte del pa\u00eds.<\/p>\n\n\n\n<h3 class=\"wp-block-heading\">\u200bDetalles del Reporte Meteorol\u00f3gico<\/h3>\n\n\n\n<p>\u200bDe acuerdo al \u00faltimo informe oficial, el cielo permanece mayormente cubierto, registr\u00e1ndose fen\u00f3menos de <strong>tormentas sin precipitaci\u00f3n<\/strong> inmediata, aunque el pron\u00f3stico indica que esta condici\u00f3n podr\u00eda cambiar en las pr\u00f3ximas horas.<\/p>\n\n\n\n<p><\/p>\n","protected":false},"excerpt":{"rendered":"<p>La \u00abMadre de Ciudades\u00bb amaneci\u00f3 bajo un manto de inestabilidad con un 81% de humedad y r\u00e1fagas del sudeste, mientras el Servicio Meteorol\u00f3gico Nacional advierte por el desarrollo de tormentas el\u00e9ctricas.<\/p>\n","protected":false},"author":2,"featured_media":81073,"comment_status":"open","ping_status":"open","sticky":false,"template":"","format":"standard","meta":{"om_disable_all_campaigns":false,"_monsterinsights_skip_tracking":false,"_monsterinsights_sitenote_active":false,"_monsterinsights_sitenote_note":"","_monsterinsights_sitenote_category":0,"_uf_show_specific_survey":0,"_uf_disable_surveys":false,"jetpack_post_was_ever_published":false,"_jetpack_newsletter_access":"","_jetpack_dont_email_post_to_subs":false,"_jetpack_newsletter_tier_id":0,"_jetpack_memberships_contains_paywalled_content":false,"_jetpack_memberships_contains_paid_content":false,"footnotes":"","jetpack_publicize_message":"","jetpack_publicize_feature_enabled":true,"jetpack_social_post_already_shared":true,"jetpack_social_options":{"image_generator_settings":{"template":"highway","default_image_id":0,"font":"","enabled":false},"version":2}},"categories":[4,21],"tags":[1123,1124,1031],"class_list":["post-82366","post","type-post","status-publish","format-standard","has-post-thumbnail","hentry","category-destacadas","category-locales","tag-clima","tag-datos-del-tiempo","tag-servicio-meteorologico-nacional"],"aioseo_notices":[],"views":9,"jetpack_publicize_connections":[],"jetpack_featured_media_url":"https:\/\/i0.wp.com\/elterritorialweb.com.ar\/web\/wp-content\/uploads\/2025\/12\/IMG-20251227-WA0004.jpg?fit=1600%2C1146","jetpack_sharing_enabled":true,"_links":{"self":[{"href":"http:\/\/elterritorialweb.com.ar\/web\/wp-json\/wp\/v2\/posts\/82366","targetHints":{"allow":["GET"]}}],"collection":[{"href":"http:\/\/elterritorialweb.com.ar\/web\/wp-json\/wp\/v2\/posts"}],"about":[{"href":"http:\/\/elterritorialweb.com.ar\/web\/wp-json\/wp\/v2\/types\/post"}],"author":[{"embeddable":true,"href":"http:\/\/elterritorialweb.com.ar\/web\/wp-json\/wp\/v2\/users\/2"}],"replies":[{"embeddable":true,"href":"http:\/\/elterritorialweb.com.ar\/web\/wp-json\/wp\/v2\/comments?post=82366"}],"version-history":[{"count":1,"href":"http:\/\/elterritorialweb.com.ar\/web\/wp-json\/wp\/v2\/posts\/82366\/revisions"}],"predecessor-version":[{"id":82367,"href":"http:\/\/elterritorialweb.com.ar\/web\/wp-json\/wp\/v2\/posts\/82366\/revisions\/82367"}],"wp:featuredmedia":[{"embeddable":true,"href":"http:\/\/elterritorialweb.com.ar\/web\/wp-json\/wp\/v2\/media\/81073"}],"wp:attachment":[{"href":"http:\/\/elterritorialweb.com.ar\/web\/wp-json\/wp\/v2\/media?parent=82366"}],"wp:term":[{"taxonomy":"category","embeddable":true,"href":"http:\/\/elterritorialweb.com.ar\/web\/wp-json\/wp\/v2\/categories?post=82366"},{"taxonomy":"post_tag","embeddable":true,"href":"http:\/\/elterritorialweb.com.ar\/web\/wp-json\/wp\/v2\/tags?post=82366"}],"curies":[{"name":"wp","href":"https:\/\/api.w.org\/{rel}","templated":true}]}}