{"id":82373,"date":"2026-03-03T13:16:16","date_gmt":"2026-03-03T13:16:16","guid":{"rendered":"https:\/\/elterritorialweb.com.ar\/web\/?p=82373"},"modified":"2026-03-03T13:23:55","modified_gmt":"2026-03-03T13:23:55","slug":"el-gobierno-provincial-pone-en-marcha-la-opcion-de-cargos-2026-a-traves-del-consejo-virtual","status":"publish","type":"post","link":"http:\/\/elterritorialweb.com.ar\/web\/el-gobierno-provincial-pone-en-marcha-la-opcion-de-cargos-2026-a-traves-del-consejo-virtual\/","title":{"rendered":"\u200bEL GOBIERNO PROVINCIAL PONE EN MARCHA LA OPCI\u00d3N DE CARGOS 2026 A TRAV\u00c9S DEL CONSEJO VIRTUAL"},"content":{"rendered":"\n<p><a href=\"https:\/\/www.youtube.com\/live\/8KXgeO0VtAs?si=gYzbAgCBa-k8IvBa\" title=\"HACE CLIC AQU\u00cd Y MIRA EN VIVO LA JORNADA\"><strong>HACE CLIC Y MIRA EN VIVO LA JORNADA<\/strong><\/a><\/p>\n\n\n\n<p>\u200bLa provincia da un paso decisivo en la modernizaci\u00f3n de su sistema educativo. Este martes, desde las 8:45 en las instalaciones del F\u00f3rum, el gobernador El\u00edas Su\u00e1rez preside el lanzamiento oficial de la <strong>Opci\u00f3n de Cargos 2026<\/strong>. La iniciativa se implementa a trav\u00e9s de la plataforma digital <strong>\u201cConsejo Virtual\u201d<\/strong>, una herramienta clave para agilizar los procesos administrativos del sector.<\/p>\n\n\n\n<p>\u200bEl evento cuenta con la participaci\u00f3n de la c\u00fapula del Ministerio de Educaci\u00f3n, Ciencia y Tecnolog\u00eda, integrantes del Gabinete provincial, intendentes, comisionados municipales y referentes gremiales de la Mesa de Di\u00e1logo y Trabajo Docente. Durante el encuentro, se presentan de manera formal las pautas que rigen el proceso concursal para el pr\u00f3ximo ciclo lectivo.<\/p>\n\n\n\n<p>\u200bEn este contexto, el mandatario tambi\u00e9n lidera la <strong>\u201cJornada de Capacitaci\u00f3n sobre Manejo e Interacci\u00f3n con el Consejo Virtual\u201d<\/strong>. Esta instancia busca profundizar el conocimiento de los educadores sobre el uso t\u00e9cnico de la plataforma y el marco normativo vigente. Con una concurrencia estimada de mil docentes en forma presencial, la jornada se extiende a toda la provincia mediante una transmisi\u00f3n en vivo v\u00eda <em>streaming<\/em>, permitiendo una participaci\u00f3n federal y simult\u00e1nea.<\/p>\n\n\n\n<p>\u200bLa capacitaci\u00f3n se divide en dos bloques estrat\u00e9gicos:<\/p>\n\n\n\n<ol class=\"wp-block-list\">\n<li>\u200b<strong>Aspectos Legales:<\/strong> An\u00e1lisis detallado de las Pautas de Opci\u00f3n.<\/li>\n\n\n\n<li>\u200b<strong>Abordaje Pr\u00e1ctico:<\/strong> Entrenamiento en el manejo de las herramientas digitales del sistema.<\/li>\n<\/ol>\n\n\n\n<p>\u200bEste nuevo proceso concursal se consolida como un sistema <strong>100% online<\/strong>, incorporando actualizaciones tecnol\u00f3gicas que aseguran agilidad y transparencia. Con esta pol\u00edtica p\u00fablica, el Gobierno provincial reafirma su compromiso con la innovaci\u00f3n y la igualdad de oportunidades, brindando a los docentes un mecanismo moderno que garantiza el acceso a los cargos en condiciones de absoluta claridad.<\/p>\n\n\n\n<p>\u200b<\/p>\n\n\n\n<p><\/p>\n","protected":false},"excerpt":{"rendered":"<p>El gobernador El\u00edas Su\u00e1rez encabeza el acto oficial de modernizaci\u00f3n educativa que permite a los docentes acceder a cargos de forma 100% digital, garantizando mayor transparencia y equidad en el sistema.<\/p>\n","protected":false},"author":2,"featured_media":82374,"comment_status":"open","ping_status":"open","sticky":false,"template":"","format":"standard","meta":{"om_disable_all_campaigns":false,"_monsterinsights_skip_tracking":false,"_monsterinsights_sitenote_active":false,"_monsterinsights_sitenote_note":"","_monsterinsights_sitenote_category":0,"_uf_show_specific_survey":0,"_uf_disable_surveys":false,"jetpack_post_was_ever_published":false,"_jetpack_newsletter_access":"","_jetpack_dont_email_post_to_subs":false,"_jetpack_newsletter_tier_id":0,"_jetpack_memberships_contains_paywalled_content":false,"_jetpack_memberships_contains_paid_content":false,"footnotes":"","jetpack_publicize_message":"","jetpack_publicize_feature_enabled":true,"jetpack_social_post_already_shared":true,"jetpack_social_options":{"image_generator_settings":{"template":"highway","default_image_id":0,"font":"","enabled":false},"version":2}},"categories":[4,19],"tags":[],"class_list":["post-82373","post","type-post","status-publish","format-standard","has-post-thumbnail","hentry","category-destacadas","category-educacion"],"aioseo_notices":[],"views":32,"jetpack_publicize_connections":[],"jetpack_featured_media_url":"https:\/\/i0.wp.com\/elterritorialweb.com.ar\/web\/wp-content\/uploads\/2026\/03\/Screenshot_20260303_101303_YouTube.jpg?fit=1841%2C1080","jetpack_sharing_enabled":true,"_links":{"self":[{"href":"http:\/\/elterritorialweb.com.ar\/web\/wp-json\/wp\/v2\/posts\/82373","targetHints":{"allow":["GET"]}}],"collection":[{"href":"http:\/\/elterritorialweb.com.ar\/web\/wp-json\/wp\/v2\/posts"}],"about":[{"href":"http:\/\/elterritorialweb.com.ar\/web\/wp-json\/wp\/v2\/types\/post"}],"author":[{"embeddable":true,"href":"http:\/\/elterritorialweb.com.ar\/web\/wp-json\/wp\/v2\/users\/2"}],"replies":[{"embeddable":true,"href":"http:\/\/elterritorialweb.com.ar\/web\/wp-json\/wp\/v2\/comments?post=82373"}],"version-history":[{"count":2,"href":"http:\/\/elterritorialweb.com.ar\/web\/wp-json\/wp\/v2\/posts\/82373\/revisions"}],"predecessor-version":[{"id":82377,"href":"http:\/\/elterritorialweb.com.ar\/web\/wp-json\/wp\/v2\/posts\/82373\/revisions\/82377"}],"wp:featuredmedia":[{"embeddable":true,"href":"http:\/\/elterritorialweb.com.ar\/web\/wp-json\/wp\/v2\/media\/82374"}],"wp:attachment":[{"href":"http:\/\/elterritorialweb.com.ar\/web\/wp-json\/wp\/v2\/media?parent=82373"}],"wp:term":[{"taxonomy":"category","embeddable":true,"href":"http:\/\/elterritorialweb.com.ar\/web\/wp-json\/wp\/v2\/categories?post=82373"},{"taxonomy":"post_tag","embeddable":true,"href":"http:\/\/elterritorialweb.com.ar\/web\/wp-json\/wp\/v2\/tags?post=82373"}],"curies":[{"name":"wp","href":"https:\/\/api.w.org\/{rel}","templated":true}]}}