{"id":82399,"date":"2026-03-04T12:09:25","date_gmt":"2026-03-04T12:09:25","guid":{"rendered":"https:\/\/elterritorialweb.com.ar\/web\/?p=82399"},"modified":"2026-03-04T12:09:27","modified_gmt":"2026-03-04T12:09:27","slug":"la-intendente-fuentes-dispuso-la-continuidad-del-boleto-estudiantil-gratuito-para-el-nivel-primario","status":"publish","type":"post","link":"http:\/\/elterritorialweb.com.ar\/web\/la-intendente-fuentes-dispuso-la-continuidad-del-boleto-estudiantil-gratuito-para-el-nivel-primario\/","title":{"rendered":"\u200bLA INTENDENTE FUENTES DISPUSO LA CONTINUIDAD DEL BOLETO ESTUDIANTIL GRATUITO PARA EL NIVEL PRIMARIO"},"content":{"rendered":"\n<p>\u200b\u200bEn un contexto marcado por los desaf\u00edos econ\u00f3micos y la reestructuraci\u00f3n de los costos del transporte p\u00fablico, la intendente de la Capital, <strong>Ing. Norma Fuentes<\/strong>, oficializ\u00f3 este mi\u00e9rcoles la continuidad del <strong>Boleto Estudiantil Gratuito<\/strong> destinado al nivel primario.<\/p>\n\n\n\n<p>\u200bA trav\u00e9s de la firma del decreto correspondiente, se garantiza que los alumnos regulares de establecimientos educativos \u2014tanto de gesti\u00f3n p\u00fablica como privada\u2014 puedan hacer uso del transporte urbano de pasajeros sin costo alguno durante todo el ciclo lectivo 2026.<\/p>\n\n\n\n<h3 class=\"wp-block-heading\">\u200bEl rol del Estado municipal ante el ajuste nacional<\/h3>\n\n\n\n<p>\u200bEl decreto destaca que la decisi\u00f3n se fundamenta en la necesidad de proteger el acceso a la educaci\u00f3n frente a la ausencia de partidas presupuestarias nacionales. Seg\u00fan los considerandos de la medida:<\/p>\n\n\n\n<blockquote class=\"wp-block-quote is-layout-flow wp-block-quote-is-layout-flow\">\n<p>\u200b\u00bbEl Estado Nacional no env\u00eda el subsidio al transporte, lo que ha ocasionado la readecuaci\u00f3n de la tarifa en la ciudad y hace necesario continuar con este programa para garantizar la inclusi\u00f3n y permanencia escolar\u00bb.<\/p>\n<\/blockquote>\n\n\n\n<h3 class=\"wp-block-heading\">\u200bDetalles de la implementaci\u00f3n<\/h3>\n\n\n\n<p>\u200bLa Direcci\u00f3n de Tr\u00e1nsito y Transporte de la Capital ya ha procedido a notificar a las empresas prestatarias del servicio para asegurar la aplicaci\u00f3n inmediata de la gratuidad.<\/p>\n\n\n\n<ul class=\"wp-block-list\">\n<li>\u200b<strong>Alcance:<\/strong> 100% del valor de la tarifa del boleto.<\/li>\n\n\n\n<li>\u200b<strong>Beneficiarios:<\/strong> Alumnos regulares de nivel primario (p\u00fablicos y privados).<\/li>\n\n\n\n<li>\u200b<strong>Vigencia:<\/strong> Ciclo lectivo 2026.<\/li>\n\n\n\n<li>\u200b<strong>Control:<\/strong> La Direcci\u00f3n de Tr\u00e1nsito ser\u00e1 el organismo encargado de fiscalizar que las l\u00edneas de colectivos cumplan con el beneficio.<\/li>\n<\/ul>\n\n\n\n<p>\u200bCon esta pol\u00edtica, el municipio refuerza su compromiso con la educaci\u00f3n b\u00e1sica formal, entendiendo el transporte como un eslab\u00f3n clave para asegurar que ning\u00fan ni\u00f1o o ni\u00f1a vea interrumpida su trayectoria escolar por motivos econ\u00f3micos.<\/p>\n\n\n\n<p><\/p>\n","protected":false},"excerpt":{"rendered":"<p>La medida alcanza a alumnos de instituciones p\u00fablicas y privadas de la Capital para el ciclo lectivo 2026. El municipio busca mitigar el impacto de la quita de subsidios nacionales en la econom\u00eda familiar.<\/p>\n","protected":false},"author":2,"featured_media":82400,"comment_status":"open","ping_status":"open","sticky":false,"template":"","format":"standard","meta":{"om_disable_all_campaigns":false,"_monsterinsights_skip_tracking":false,"_monsterinsights_sitenote_active":false,"_monsterinsights_sitenote_note":"","_monsterinsights_sitenote_category":0,"_uf_show_specific_survey":0,"_uf_disable_surveys":false,"jetpack_post_was_ever_published":false,"_jetpack_newsletter_access":"","_jetpack_dont_email_post_to_subs":false,"_jetpack_newsletter_tier_id":0,"_jetpack_memberships_contains_paywalled_content":false,"_jetpack_memberships_contains_paid_content":false,"footnotes":"","jetpack_publicize_message":"","jetpack_publicize_feature_enabled":true,"jetpack_social_post_already_shared":true,"jetpack_social_options":{"image_generator_settings":{"template":"highway","default_image_id":0,"font":"","enabled":false},"version":2}},"categories":[4,21],"tags":[1249,73,116],"class_list":["post-82399","post","type-post","status-publish","format-standard","has-post-thumbnail","hentry","category-destacadas","category-locales","tag-boleto-estudiantil","tag-municipalidad-de-la-capital","tag-norma-fuentes"],"aioseo_notices":[],"views":11,"jetpack_publicize_connections":[],"jetpack_featured_media_url":"https:\/\/i0.wp.com\/elterritorialweb.com.ar\/web\/wp-content\/uploads\/2026\/03\/boleto.jpeg?fit=1280%2C853","jetpack_sharing_enabled":true,"_links":{"self":[{"href":"http:\/\/elterritorialweb.com.ar\/web\/wp-json\/wp\/v2\/posts\/82399","targetHints":{"allow":["GET"]}}],"collection":[{"href":"http:\/\/elterritorialweb.com.ar\/web\/wp-json\/wp\/v2\/posts"}],"about":[{"href":"http:\/\/elterritorialweb.com.ar\/web\/wp-json\/wp\/v2\/types\/post"}],"author":[{"embeddable":true,"href":"http:\/\/elterritorialweb.com.ar\/web\/wp-json\/wp\/v2\/users\/2"}],"replies":[{"embeddable":true,"href":"http:\/\/elterritorialweb.com.ar\/web\/wp-json\/wp\/v2\/comments?post=82399"}],"version-history":[{"count":1,"href":"http:\/\/elterritorialweb.com.ar\/web\/wp-json\/wp\/v2\/posts\/82399\/revisions"}],"predecessor-version":[{"id":82401,"href":"http:\/\/elterritorialweb.com.ar\/web\/wp-json\/wp\/v2\/posts\/82399\/revisions\/82401"}],"wp:featuredmedia":[{"embeddable":true,"href":"http:\/\/elterritorialweb.com.ar\/web\/wp-json\/wp\/v2\/media\/82400"}],"wp:attachment":[{"href":"http:\/\/elterritorialweb.com.ar\/web\/wp-json\/wp\/v2\/media?parent=82399"}],"wp:term":[{"taxonomy":"category","embeddable":true,"href":"http:\/\/elterritorialweb.com.ar\/web\/wp-json\/wp\/v2\/categories?post=82399"},{"taxonomy":"post_tag","embeddable":true,"href":"http:\/\/elterritorialweb.com.ar\/web\/wp-json\/wp\/v2\/tags?post=82399"}],"curies":[{"name":"wp","href":"https:\/\/api.w.org\/{rel}","templated":true}]}}