{"id":82432,"date":"2026-03-04T16:03:22","date_gmt":"2026-03-04T16:03:22","guid":{"rendered":"https:\/\/elterritorialweb.com.ar\/web\/?p=82432"},"modified":"2026-03-04T16:03:24","modified_gmt":"2026-03-04T16:03:24","slug":"conversatorio-sobre-la-alimentacion-de-la-mujer-y-su-rol-como-pilar-de-la-familia","status":"publish","type":"post","link":"http:\/\/elterritorialweb.com.ar\/web\/conversatorio-sobre-la-alimentacion-de-la-mujer-y-su-rol-como-pilar-de-la-familia\/","title":{"rendered":"CONVERSATORIO SOBRE LA ALIMENTACI\u00d3N DE LA MUJER Y SU ROL COMO PILAR DE LA FAMILIA"},"content":{"rendered":"\n<p>\u200b\u200bEl \u00e1rea de <strong>Nutrici\u00f3n del Ministerio de Desarrollo Social<\/strong> de la provincia anunci\u00f3 la realizaci\u00f3n del conversatorio <strong>\u201cLa alimentaci\u00f3n de la mujer y su rol como pilar fundamental de la familia\u201d<\/strong>. El evento tendr\u00e1 lugar este <strong>jueves 5, a partir de las 9:00<\/strong>, en el sal\u00f3n auditorio del Concejo Deliberante de la Capital.<\/p>\n\n\n\n<p>\u200bLa iniciativa, impulsada por el subsecretario de Desarrollo Social, <strong>Ramiro Banco<\/strong>, y la nutricionista del \u00e1rea de Pol\u00edtica Alimentaria, <strong>Raquel Carranza<\/strong>, busca promover el bienestar integral y el empoderamiento femenino en el marco de las actividades conmemorativas del mes.<\/p>\n\n\n\n<h3 class=\"wp-block-heading\">\u200bUn enfoque integral de la salud femenina<\/h3>\n\n\n\n<p>\u200bEl subsecretario Banco subray\u00f3 la relevancia de la mujer dentro de la comunidad y la importancia de generar espacios que aborden el bienestar personal y familiar. Al respecto, inst\u00f3 a las vecinas a sumarse a esta propuesta que contar\u00e1 con el respaldo y la visi\u00f3n de profesionales especializados.<\/p>\n\n\n\n<p>\u200bPor su parte, la licenciada Raquel Carranza detall\u00f3 los ejes tem\u00e1ticos del encuentro:<\/p>\n\n\n\n<ul class=\"wp-block-list\">\n<li>\u200b<strong>Gesti\u00f3n de h\u00e1bitos:<\/strong> El papel de la mujer como eje central en la administraci\u00f3n de la alimentaci\u00f3n familiar.<\/li>\n\n\n\n<li>\u200b<strong>Bienestar emocional:<\/strong> C\u00f3mo generar y multiplicar h\u00e1bitos emocionales saludables en el hogar.<\/li>\n\n\n\n<li>\u200b<strong>Etapas biol\u00f3gicas:<\/strong> An\u00e1lisis de la nutrici\u00f3n desde la pubertad, pasando por el embarazo y la lactancia, hasta la menopausia.<\/li>\n<\/ul>\n\n\n\n<p><\/p>\n","protected":false},"excerpt":{"rendered":"<p>El Ministerio de Desarrollo Social invita a una jornada de salud y empoderamiento este jueves en el Concejo Deliberante de la Capital.<\/p>\n","protected":false},"author":2,"featured_media":82433,"comment_status":"open","ping_status":"open","sticky":false,"template":"","format":"standard","meta":{"om_disable_all_campaigns":false,"_monsterinsights_skip_tracking":false,"_monsterinsights_sitenote_active":false,"_monsterinsights_sitenote_note":"","_monsterinsights_sitenote_category":0,"_uf_show_specific_survey":0,"_uf_disable_surveys":false,"jetpack_post_was_ever_published":false,"_jetpack_newsletter_access":"","_jetpack_dont_email_post_to_subs":false,"_jetpack_newsletter_tier_id":0,"_jetpack_memberships_contains_paywalled_content":false,"_jetpack_memberships_contains_paid_content":false,"footnotes":"","jetpack_publicize_message":"","jetpack_publicize_feature_enabled":true,"jetpack_social_post_already_shared":true,"jetpack_social_options":{"image_generator_settings":{"template":"highway","default_image_id":0,"font":"","enabled":false},"version":2}},"categories":[4,3],"tags":[287],"class_list":["post-82432","post","type-post","status-publish","format-standard","has-post-thumbnail","hentry","category-destacadas","category-salud","tag-ministerio-de-salud-de-santiago-del-estero"],"aioseo_notices":[],"views":10,"jetpack_publicize_connections":[],"jetpack_featured_media_url":"https:\/\/i0.wp.com\/elterritorialweb.com.ar\/web\/wp-content\/uploads\/2026\/03\/IMG-20260304-WA0021.jpg?fit=1600%2C1066","jetpack_sharing_enabled":true,"_links":{"self":[{"href":"http:\/\/elterritorialweb.com.ar\/web\/wp-json\/wp\/v2\/posts\/82432","targetHints":{"allow":["GET"]}}],"collection":[{"href":"http:\/\/elterritorialweb.com.ar\/web\/wp-json\/wp\/v2\/posts"}],"about":[{"href":"http:\/\/elterritorialweb.com.ar\/web\/wp-json\/wp\/v2\/types\/post"}],"author":[{"embeddable":true,"href":"http:\/\/elterritorialweb.com.ar\/web\/wp-json\/wp\/v2\/users\/2"}],"replies":[{"embeddable":true,"href":"http:\/\/elterritorialweb.com.ar\/web\/wp-json\/wp\/v2\/comments?post=82432"}],"version-history":[{"count":1,"href":"http:\/\/elterritorialweb.com.ar\/web\/wp-json\/wp\/v2\/posts\/82432\/revisions"}],"predecessor-version":[{"id":82434,"href":"http:\/\/elterritorialweb.com.ar\/web\/wp-json\/wp\/v2\/posts\/82432\/revisions\/82434"}],"wp:featuredmedia":[{"embeddable":true,"href":"http:\/\/elterritorialweb.com.ar\/web\/wp-json\/wp\/v2\/media\/82433"}],"wp:attachment":[{"href":"http:\/\/elterritorialweb.com.ar\/web\/wp-json\/wp\/v2\/media?parent=82432"}],"wp:term":[{"taxonomy":"category","embeddable":true,"href":"http:\/\/elterritorialweb.com.ar\/web\/wp-json\/wp\/v2\/categories?post=82432"},{"taxonomy":"post_tag","embeddable":true,"href":"http:\/\/elterritorialweb.com.ar\/web\/wp-json\/wp\/v2\/tags?post=82432"}],"curies":[{"name":"wp","href":"https:\/\/api.w.org\/{rel}","templated":true}]}}