{"id":82720,"date":"2026-03-16T02:48:09","date_gmt":"2026-03-16T02:48:09","guid":{"rendered":"https:\/\/elterritorialweb.com.ar\/web\/?p=82720"},"modified":"2026-03-16T02:48:12","modified_gmt":"2026-03-16T02:48:12","slug":"el-operativo-de-asistencia-se-extiende-al-interior-tras-las-crecidas-del-rio-dulce","status":"publish","type":"post","link":"http:\/\/elterritorialweb.com.ar\/web\/el-operativo-de-asistencia-se-extiende-al-interior-tras-las-crecidas-del-rio-dulce\/","title":{"rendered":"EL OPERATIVO DE ASISTENCIA SE EXTIENDE AL INTERIOR TRAS LAS CRECIDAS DEL R\u00cdO DULCE"},"content":{"rendered":"\n<p>\u200b\u200bEn el marco de las acciones de emergencia por el avance de las aguas, el Gobierno provincial ha desplegado un operativo integral que trasciende los l\u00edmites de Capital y La Banda. Durante las \u00faltimas 48 horas, brigadas de <strong>Defensa Civil<\/strong> y el ministerio de <strong>Desarrollo Social<\/strong> profundizaron el acompa\u00f1amiento directo en las zonas rurales m\u00e1s cr\u00edticas del interior santiague\u00f1o.<\/p>\n\n\n\n<h3 class=\"wp-block-heading\">\u200bRelevamiento en territorio<\/h3>\n\n\n\n<p>\u200bLas tareas de asistencia se concentraron con especial \u00e9nfasis en los parajes de:<\/p>\n\n\n\n<ul class=\"wp-block-list\">\n<li>\u200b<strong>Punta Pozo<\/strong><\/li>\n\n\n\n<li>\u200b<strong>Toro Pan<\/strong><\/li>\n\n\n\n<li>\u200b<strong>Los Peralta<\/strong><\/li>\n\n\n\n<li>\u200b<strong>Los Tolozas<\/strong><\/li>\n<\/ul>\n\n\n\n<p>\u200bEn estas localidades, el personal t\u00e9cnico realiz\u00f3 entrevistas individuales con los vecinos para evaluar los da\u00f1os materiales y las necesidades sanitarias de cada n\u00facleo familiar. Asimismo, se report\u00f3 una <strong>fuerte presencia institucional en Villa Salavina<\/strong>, donde el monitoreo de los caudales es constante debido a la vulnerabilidad geogr\u00e1fica de la zona.<\/p>\n\n\n\n<figure class=\"wp-block-image size-full\"><a href=\"https:\/\/i0.wp.com\/elterritorialweb.com.ar\/web\/wp-content\/uploads\/2026\/03\/IMG-20260315-WA0048.jpg\"><img data-recalc-dims=\"1\" decoding=\"async\" width=\"640\" height=\"456\" data-src=\"https:\/\/i0.wp.com\/elterritorialweb.com.ar\/web\/wp-content\/uploads\/2026\/03\/IMG-20260315-WA0048.jpg?resize=640%2C456\" alt=\"\" class=\"wp-image-82722 lazyload\" data-srcset=\"https:\/\/i0.wp.com\/elterritorialweb.com.ar\/web\/wp-content\/uploads\/2026\/03\/IMG-20260315-WA0048.jpg?w=912 912w, https:\/\/i0.wp.com\/elterritorialweb.com.ar\/web\/wp-content\/uploads\/2026\/03\/IMG-20260315-WA0048.jpg?resize=300%2C214 300w, https:\/\/i0.wp.com\/elterritorialweb.com.ar\/web\/wp-content\/uploads\/2026\/03\/IMG-20260315-WA0048.jpg?resize=768%2C547 768w\" data-sizes=\"(max-width: 640px) 100vw, 640px\" src=\"data:image\/svg+xml;base64,PHN2ZyB3aWR0aD0iMSIgaGVpZ2h0PSIxIiB4bWxucz0iaHR0cDovL3d3dy53My5vcmcvMjAwMC9zdmciPjwvc3ZnPg==\" style=\"--smush-placeholder-width: 640px; --smush-placeholder-aspect-ratio: 640\/456;\" \/><\/a><\/figure>\n\n\n\n<h3 class=\"wp-block-heading\">\u200bFamilias en riesgo<\/h3>\n\n\n\n<p>\u200bSeg\u00fan los informes preliminares, se estima que al menos <strong>60 familias se encuentran en una situaci\u00f3n de riesgo potencial<\/strong>. Ante este escenario, las autoridades confirmaron que el monitoreo ser\u00e1 permanente durante las pr\u00f3ximas jornadas.<\/p>\n\n\n\n<blockquote class=\"wp-block-quote is-layout-flow wp-block-quote-is-layout-flow\">\n<p>\u200b\u00bbEl objetivo es brindar respuestas inmediatas y asegurar que ninguna familia quede aislada o sin la asistencia b\u00e1sica necesaria ante la contingencia clim\u00e1tica\u00bb, se\u00f1alaron fuentes del operativo.<\/p>\n<\/blockquote>\n\n\n\n<p>\u200bLas tareas de log\u00edstica y entrega de suministros continuar\u00e1n activas mientras persista el alerta, manteniendo una comunicaci\u00f3n fluida con las comisiones municipales para coordinar posibles evacuaciones si el nivel del r\u00edo sigue en ascenso.<\/p>\n\n\n\n<p><\/p>\n","protected":false},"excerpt":{"rendered":"<p>Equipos de Defensa Civil y Desarrollo Social intensifican los relevamientos en parajes rurales para asistir a m\u00e1s de 60 familias en situaci\u00f3n de riesgo por el temporal.<\/p>\n","protected":false},"author":2,"featured_media":82721,"comment_status":"open","ping_status":"open","sticky":false,"template":"","format":"standard","meta":{"om_disable_all_campaigns":false,"_monsterinsights_skip_tracking":false,"_monsterinsights_sitenote_active":false,"_monsterinsights_sitenote_note":"","_monsterinsights_sitenote_category":0,"_uf_show_specific_survey":0,"_uf_disable_surveys":false,"jetpack_post_was_ever_published":false,"_jetpack_newsletter_access":"","_jetpack_dont_email_post_to_subs":false,"_jetpack_newsletter_tier_id":0,"_jetpack_memberships_contains_paywalled_content":false,"_jetpack_memberships_contains_paid_content":false,"footnotes":"","jetpack_publicize_message":"","jetpack_publicize_feature_enabled":true,"jetpack_social_post_already_shared":true,"jetpack_social_options":{"image_generator_settings":{"template":"highway","default_image_id":0,"font":"","enabled":false},"version":2}},"categories":[4,35],"tags":[],"class_list":["post-82720","post","type-post","status-publish","format-standard","has-post-thumbnail","hentry","category-destacadas","category-interior"],"aioseo_notices":[],"views":6,"jetpack_publicize_connections":[],"jetpack_featured_media_url":"https:\/\/i0.wp.com\/elterritorialweb.com.ar\/web\/wp-content\/uploads\/2026\/03\/IMG-20260315-WA0049.jpg?fit=912%2C650","jetpack_sharing_enabled":true,"_links":{"self":[{"href":"http:\/\/elterritorialweb.com.ar\/web\/wp-json\/wp\/v2\/posts\/82720","targetHints":{"allow":["GET"]}}],"collection":[{"href":"http:\/\/elterritorialweb.com.ar\/web\/wp-json\/wp\/v2\/posts"}],"about":[{"href":"http:\/\/elterritorialweb.com.ar\/web\/wp-json\/wp\/v2\/types\/post"}],"author":[{"embeddable":true,"href":"http:\/\/elterritorialweb.com.ar\/web\/wp-json\/wp\/v2\/users\/2"}],"replies":[{"embeddable":true,"href":"http:\/\/elterritorialweb.com.ar\/web\/wp-json\/wp\/v2\/comments?post=82720"}],"version-history":[{"count":1,"href":"http:\/\/elterritorialweb.com.ar\/web\/wp-json\/wp\/v2\/posts\/82720\/revisions"}],"predecessor-version":[{"id":82723,"href":"http:\/\/elterritorialweb.com.ar\/web\/wp-json\/wp\/v2\/posts\/82720\/revisions\/82723"}],"wp:featuredmedia":[{"embeddable":true,"href":"http:\/\/elterritorialweb.com.ar\/web\/wp-json\/wp\/v2\/media\/82721"}],"wp:attachment":[{"href":"http:\/\/elterritorialweb.com.ar\/web\/wp-json\/wp\/v2\/media?parent=82720"}],"wp:term":[{"taxonomy":"category","embeddable":true,"href":"http:\/\/elterritorialweb.com.ar\/web\/wp-json\/wp\/v2\/categories?post=82720"},{"taxonomy":"post_tag","embeddable":true,"href":"http:\/\/elterritorialweb.com.ar\/web\/wp-json\/wp\/v2\/tags?post=82720"}],"curies":[{"name":"wp","href":"https:\/\/api.w.org\/{rel}","templated":true}]}}