{"id":82727,"date":"2026-03-16T02:55:24","date_gmt":"2026-03-16T02:55:24","guid":{"rendered":"https:\/\/elterritorialweb.com.ar\/web\/?p=82727"},"modified":"2026-03-16T03:00:45","modified_gmt":"2026-03-16T03:00:45","slug":"mitre-rescato-un-empate-agonico-ante-ciudad-de-bolivar-en-el-castiglione","status":"publish","type":"post","link":"http:\/\/elterritorialweb.com.ar\/web\/mitre-rescato-un-empate-agonico-ante-ciudad-de-bolivar-en-el-castiglione\/","title":{"rendered":"MITRE RESCAT\u00d3 UN EMPATE AG\u00d3NICO ANTE CIUDAD DE BOL\u00cdVAR EN EL CASTIGLIONE"},"content":{"rendered":"\n<p>\u200b\u200bEn una tarde de domingo cargada de tensi\u00f3n en el Estadio Dres. Jos\u00e9 y Antonio Castiglione, el <strong>Club Atl\u00e9tico Mitre<\/strong> no pudo reencontrarse con el triunfo pero logr\u00f3 salvar un punto clave ante el <strong>Club Ciudad de Bol\u00edvar<\/strong>. El encuentro, v\u00e1lido por la quinta jornada de la Zona A, mostr\u00f3 a un local protagonista pero falto de punter\u00eda frente a un rival que golpe\u00f3 en el momento justo.<\/p>\n\n\n\n<p>\u200bLa visita se puso en ventaja a los 38 minutos del primer tiempo gracias a una definici\u00f3n de <strong>Guillermo S\u00e1nchez<\/strong>, quien aprovech\u00f3 una desatenci\u00f3n defensiva para silenciar el estadio santiague\u00f1o. A partir de all\u00ed, el equipo de Carlos Mayor busc\u00f3 por todas las v\u00edas, moviendo el banco de suplentes para refrescar el ataque.<\/p>\n\n\n\n<figure class=\"wp-block-image size-large\"><a href=\"https:\/\/i0.wp.com\/elterritorialweb.com.ar\/web\/wp-content\/uploads\/2026\/03\/IMG-20260315-WA0059-scaled.jpg\"><img data-recalc-dims=\"1\" decoding=\"async\" width=\"640\" height=\"427\" data-src=\"https:\/\/i0.wp.com\/elterritorialweb.com.ar\/web\/wp-content\/uploads\/2026\/03\/IMG-20260315-WA0059.jpg?resize=640%2C427\" alt=\"\" class=\"wp-image-82730 lazyload\" data-srcset=\"https:\/\/i0.wp.com\/elterritorialweb.com.ar\/web\/wp-content\/uploads\/2026\/03\/IMG-20260315-WA0059-scaled.jpg?resize=1024%2C683 1024w, https:\/\/i0.wp.com\/elterritorialweb.com.ar\/web\/wp-content\/uploads\/2026\/03\/IMG-20260315-WA0059-scaled.jpg?resize=300%2C200 300w, https:\/\/i0.wp.com\/elterritorialweb.com.ar\/web\/wp-content\/uploads\/2026\/03\/IMG-20260315-WA0059-scaled.jpg?resize=768%2C512 768w, https:\/\/i0.wp.com\/elterritorialweb.com.ar\/web\/wp-content\/uploads\/2026\/03\/IMG-20260315-WA0059-scaled.jpg?resize=1536%2C1024 1536w, https:\/\/i0.wp.com\/elterritorialweb.com.ar\/web\/wp-content\/uploads\/2026\/03\/IMG-20260315-WA0059-scaled.jpg?resize=2048%2C1365 2048w, https:\/\/i0.wp.com\/elterritorialweb.com.ar\/web\/wp-content\/uploads\/2026\/03\/IMG-20260315-WA0059-scaled.jpg?w=1280 1280w, https:\/\/i0.wp.com\/elterritorialweb.com.ar\/web\/wp-content\/uploads\/2026\/03\/IMG-20260315-WA0059-scaled.jpg?w=1920 1920w\" data-sizes=\"(max-width: 640px) 100vw, 640px\" src=\"data:image\/svg+xml;base64,PHN2ZyB3aWR0aD0iMSIgaGVpZ2h0PSIxIiB4bWxucz0iaHR0cDovL3d3dy53My5vcmcvMjAwMC9zdmciPjwvc3ZnPg==\" style=\"--smush-placeholder-width: 640px; --smush-placeholder-aspect-ratio: 640\/427;\" \/><\/a><\/figure>\n\n\n\n<p>\u200bLa insistencia tuvo su premio reci\u00e9n a los 44 minutos del complemento. <strong>Gustavo Fern\u00e1ndez<\/strong>, quien hab\u00eda ingresado desde el banco, captur\u00f3 una pelota en el \u00e1rea y decret\u00f3 el 1 a 1 definitivo, desatando el desahogo de la parcialidad local. Con este resultado, Mitre se ubica en la <strong>11\u00b0 posici\u00f3n con 5 unidades<\/strong>.<\/p>\n\n\n\n<h3 class=\"wp-block-heading\">\u200bLO QUE VIENE<\/h3>\n\n\n\n<p>\u200bEl \u00abAurinegro\u00bb deber\u00e1 dar vuelta la p\u00e1gina r\u00e1pidamente y trabajar en la efectividad. Su pr\u00f3ximo compromiso ser\u00e1 el <strong>s\u00e1bado 21 de marzo a las 16:00 hs<\/strong>, cuando visite al <strong>Club Defensores de Belgrano<\/strong> en Buenos Aires, con el objetivo de sumar de a tres para escalar posiciones en la tabla.<\/p>\n\n\n\n<figure class=\"wp-block-image size-large\"><a href=\"https:\/\/i0.wp.com\/elterritorialweb.com.ar\/web\/wp-content\/uploads\/2026\/03\/IMG-20260315-WA0060-scaled.jpg\"><img data-recalc-dims=\"1\" decoding=\"async\" width=\"640\" height=\"427\" data-src=\"https:\/\/i0.wp.com\/elterritorialweb.com.ar\/web\/wp-content\/uploads\/2026\/03\/IMG-20260315-WA0060.jpg?resize=640%2C427\" alt=\"\" class=\"wp-image-82729 lazyload\" data-srcset=\"https:\/\/i0.wp.com\/elterritorialweb.com.ar\/web\/wp-content\/uploads\/2026\/03\/IMG-20260315-WA0060-scaled.jpg?resize=1024%2C683 1024w, https:\/\/i0.wp.com\/elterritorialweb.com.ar\/web\/wp-content\/uploads\/2026\/03\/IMG-20260315-WA0060-scaled.jpg?resize=300%2C200 300w, https:\/\/i0.wp.com\/elterritorialweb.com.ar\/web\/wp-content\/uploads\/2026\/03\/IMG-20260315-WA0060-scaled.jpg?resize=768%2C512 768w, https:\/\/i0.wp.com\/elterritorialweb.com.ar\/web\/wp-content\/uploads\/2026\/03\/IMG-20260315-WA0060-scaled.jpg?resize=1536%2C1024 1536w, https:\/\/i0.wp.com\/elterritorialweb.com.ar\/web\/wp-content\/uploads\/2026\/03\/IMG-20260315-WA0060-scaled.jpg?resize=2048%2C1365 2048w, https:\/\/i0.wp.com\/elterritorialweb.com.ar\/web\/wp-content\/uploads\/2026\/03\/IMG-20260315-WA0060-scaled.jpg?w=1280 1280w, https:\/\/i0.wp.com\/elterritorialweb.com.ar\/web\/wp-content\/uploads\/2026\/03\/IMG-20260315-WA0060-scaled.jpg?w=1920 1920w\" data-sizes=\"(max-width: 640px) 100vw, 640px\" src=\"data:image\/svg+xml;base64,PHN2ZyB3aWR0aD0iMSIgaGVpZ2h0PSIxIiB4bWxucz0iaHR0cDovL3d3dy53My5vcmcvMjAwMC9zdmciPjwvc3ZnPg==\" style=\"--smush-placeholder-width: 640px; --smush-placeholder-aspect-ratio: 640\/427;\" \/><\/a><\/figure>\n\n\n\n<h3 class=\"wp-block-heading\">\u200bS\u00cdNTESIS DEL PARTIDO<\/h3>\n\n\n\n<p><strong>CLUB ATL\u00c9TICO MITRE (1):<\/strong> Ignacio Pietrobono; Iv\u00e1n Antunes, Mart\u00edn Rodr\u00edguez, Brian Mieres y Daniel Abello; Juan Alesandroni, Enzo Avaro, Claudio Salto y Santiago Rosales; Marcos Machado y Franco Ferrari. <strong>DT:<\/strong> Carlos Mayor.<\/p>\n\n\n\n<p>\u200b<strong>CLUB CIUDAD DE BOL\u00cdVAR (1):<\/strong> Agust\u00edn Rufinetti; Santiago Navarro, Emanuel Cuello, Agust\u00edn Paredes y Federico Peralta; Cristian Vega, Guillermo S\u00e1nchez, Facundo Mucignat y Arnaldo Gonz\u00e1lez; Khalil Caraballo y Alex D\u00edaz. <strong>DT:<\/strong> Diego Funes.<\/p>\n\n\n\n<ul class=\"wp-block-list\">\n<li><strong>Goles:<\/strong> PT 38&#8242; Guillermo S\u00e1nchez (CB); ST 44&#8242; Gustavo Fern\u00e1ndez (M).<\/li>\n\n\n\n<li>\u200b<strong>\u00c1rbitro:<\/strong> Juan Nebiatti (Regular).<\/li>\n\n\n\n<li>\u200b<strong>Estadio:<\/strong> Dres. Jos\u00e9 y Antonio Castiglione.<\/li>\n\n\n\n<li>\u200b<strong>Incidencias:<\/strong> Mitre agot\u00f3 variantes buscando el empate, destacando el ingreso de Fern\u00e1ndez y Z\u00e1rate para potenciar la ofensiva.<\/li>\n<\/ul>\n","protected":false},"excerpt":{"rendered":"<p>El \u00abAurinegro\u00bb igual\u00f3 1 a 1 frente al conjunto bonaerense por la quinta fecha de la Primera Nacional. Tras ir en desventaja casi todo el encuentro, el ingresado Gustavo Fern\u00e1ndez sell\u00f3 la paridad a un minuto del final.<\/p>\n","protected":false},"author":2,"featured_media":82728,"comment_status":"open","ping_status":"open","sticky":false,"template":"","format":"standard","meta":{"om_disable_all_campaigns":false,"_monsterinsights_skip_tracking":false,"_monsterinsights_sitenote_active":false,"_monsterinsights_sitenote_note":"","_monsterinsights_sitenote_category":0,"_uf_show_specific_survey":0,"_uf_disable_surveys":false,"jetpack_post_was_ever_published":false,"_jetpack_newsletter_access":"","_jetpack_dont_email_post_to_subs":false,"_jetpack_newsletter_tier_id":0,"_jetpack_memberships_contains_paywalled_content":false,"_jetpack_memberships_contains_paid_content":false,"footnotes":"","jetpack_publicize_message":"","jetpack_publicize_feature_enabled":true,"jetpack_social_post_already_shared":true,"jetpack_social_options":{"image_generator_settings":{"template":"highway","default_image_id":0,"font":"","enabled":false},"version":2}},"categories":[6,4],"tags":[1209,102,94],"class_list":["post-82727","post","type-post","status-publish","format-standard","has-post-thumbnail","hentry","category-deportes","category-destacadas","tag-ciudad-bolivar","tag-club-atletico-mitre","tag-primera-nacional"],"aioseo_notices":[],"views":5,"jetpack_publicize_connections":[],"jetpack_featured_media_url":"https:\/\/i0.wp.com\/elterritorialweb.com.ar\/web\/wp-content\/uploads\/2026\/03\/IMG-20260315-WA0057-scaled.jpg?fit=2560%2C1706","jetpack_sharing_enabled":true,"_links":{"self":[{"href":"http:\/\/elterritorialweb.com.ar\/web\/wp-json\/wp\/v2\/posts\/82727","targetHints":{"allow":["GET"]}}],"collection":[{"href":"http:\/\/elterritorialweb.com.ar\/web\/wp-json\/wp\/v2\/posts"}],"about":[{"href":"http:\/\/elterritorialweb.com.ar\/web\/wp-json\/wp\/v2\/types\/post"}],"author":[{"embeddable":true,"href":"http:\/\/elterritorialweb.com.ar\/web\/wp-json\/wp\/v2\/users\/2"}],"replies":[{"embeddable":true,"href":"http:\/\/elterritorialweb.com.ar\/web\/wp-json\/wp\/v2\/comments?post=82727"}],"version-history":[{"count":7,"href":"http:\/\/elterritorialweb.com.ar\/web\/wp-json\/wp\/v2\/posts\/82727\/revisions"}],"predecessor-version":[{"id":82740,"href":"http:\/\/elterritorialweb.com.ar\/web\/wp-json\/wp\/v2\/posts\/82727\/revisions\/82740"}],"wp:featuredmedia":[{"embeddable":true,"href":"http:\/\/elterritorialweb.com.ar\/web\/wp-json\/wp\/v2\/media\/82728"}],"wp:attachment":[{"href":"http:\/\/elterritorialweb.com.ar\/web\/wp-json\/wp\/v2\/media?parent=82727"}],"wp:term":[{"taxonomy":"category","embeddable":true,"href":"http:\/\/elterritorialweb.com.ar\/web\/wp-json\/wp\/v2\/categories?post=82727"},{"taxonomy":"post_tag","embeddable":true,"href":"http:\/\/elterritorialweb.com.ar\/web\/wp-json\/wp\/v2\/tags?post=82727"}],"curies":[{"name":"wp","href":"https:\/\/api.w.org\/{rel}","templated":true}]}}