{"id":82742,"date":"2026-03-16T13:36:21","date_gmt":"2026-03-16T13:36:21","guid":{"rendered":"https:\/\/elterritorialweb.com.ar\/web\/?p=82742"},"modified":"2026-03-16T13:36:23","modified_gmt":"2026-03-16T13:36:23","slug":"noelia-pace-presenta-su-experiencia-de-mediumnidad-en-las-termas-de-rio-hondo","status":"publish","type":"post","link":"http:\/\/elterritorialweb.com.ar\/web\/noelia-pace-presenta-su-experiencia-de-mediumnidad-en-las-termas-de-rio-hondo\/","title":{"rendered":"NOELIA PACE PRESENTA SU EXPERIENCIA DE MEDIUMNIDAD EN LAS TERMAS DE R\u00cdO HONDO"},"content":{"rendered":"\n<p>\u200bLa ciudad de Las Termas de R\u00edo Hondo se prepara para recibir una propuesta que combina lo sensible con lo desconocido. Noelia Pace, la primera m\u00e9dium en llevar sus encuentros de comunicaci\u00f3n espiritual a los escenarios teatrales, presentar\u00e1 su aclamado espect\u00e1culo <strong>\u201cMediumnidad\u201d<\/strong>. La cita tendr\u00e1 lugar el <strong>s\u00e1bado 16 de mayo, a las 20:30 horas<\/strong>, en las instalaciones del Centro Cultural General San Mart\u00edn.<\/p>\n\n\n\n<p>\u200bPace, quien gan\u00f3 gran notoriedad tras sus precisas predicciones sobre la final del Mundial de F\u00fatbol y su resonante paso por el podcast <em>La Cruda<\/em> de Migue Granados, regresa a Santiago del Estero con un formato que busca transformar la visi\u00f3n sobre la muerte. Seg\u00fan explica la propia protagonista, sus sesiones abiertas no solo ofrecen herramientas de conexi\u00f3n individual y grupal, sino que funcionan como un espacio de sanaci\u00f3n.<\/p>\n\n\n\n<blockquote class=\"wp-block-quote is-layout-flow wp-block-quote-is-layout-flow\">\n<p>\u200b\u00bbSoy feliz brindando mi don a aquellos que quieren saber qu\u00e9 pas\u00f3 con sus seres queridos, en qu\u00e9 plano se encuentran o si hay pedidos de disculpas y afecto para alivianar a los que seguimos vivos\u00bb, se\u00f1ala la m\u00e9dium.<\/p>\n<\/blockquote>\n\n\n\n<p>\u200bDesde marzo de 2023, la gira de Pace ha cosechado \u00e9xitos en plazas exigentes como Montevideo y Capital Federal, extendi\u00e9ndose ahora por todo el interior del pa\u00eds y Latinoam\u00e9rica. El evento se presenta como una oportunidad para que el p\u00fablico local explore la astrolog\u00eda y los dones sobrenaturales en una dimensi\u00f3n de conexi\u00f3n profunda que trasciende los l\u00edmites de lo tangible.<\/p>\n\n\n\n<h3 class=\"wp-block-heading\">\u200bDetalles del evento<\/h3>\n\n\n\n<ul class=\"wp-block-list\">\n<li>\u200b<strong>Fecha:<\/strong> S\u00e1bado 16 de mayo.<\/li>\n\n\n\n<li>\u200b<strong>Hora:<\/strong> 20:30 hs.<\/li>\n\n\n\n<li>\u200b<strong>Lugar:<\/strong> Centro Cultural Gral. San Mart\u00edn (Termas de R\u00edo Hondo).<\/li>\n\n\n\n<li>\u200b<strong>Entradas:<\/strong> Disponibles a trav\u00e9s de la plataforma Entradashow.com.<\/li>\n<\/ul>\n","protected":false},"excerpt":{"rendered":"<p>La reconocida vidente y tarotista llegar\u00e1 al Centro Cultural San Mart\u00edn el pr\u00f3ximo 16 de mayo. Propone un encuentro interactivo para conectar con el plano espiritual y sanar v\u00ednculos con seres queridos.<\/p>\n","protected":false},"author":2,"featured_media":82468,"comment_status":"open","ping_status":"open","sticky":false,"template":"","format":"standard","meta":{"om_disable_all_campaigns":false,"_monsterinsights_skip_tracking":false,"_monsterinsights_sitenote_active":false,"_monsterinsights_sitenote_note":"","_monsterinsights_sitenote_category":0,"_uf_show_specific_survey":0,"_uf_disable_surveys":false,"jetpack_post_was_ever_published":false,"_jetpack_newsletter_access":"","_jetpack_dont_email_post_to_subs":false,"_jetpack_newsletter_tier_id":0,"_jetpack_memberships_contains_paywalled_content":false,"_jetpack_memberships_contains_paid_content":false,"footnotes":"","jetpack_publicize_message":"","jetpack_publicize_feature_enabled":true,"jetpack_social_post_already_shared":true,"jetpack_social_options":{"image_generator_settings":{"template":"highway","default_image_id":0,"font":"","enabled":false},"version":2}},"categories":[4,20],"tags":[784],"class_list":["post-82742","post","type-post","status-publish","format-standard","has-post-thumbnail","hentry","category-destacadas","category-especysociales","tag-noelia-pace"],"aioseo_notices":[],"views":22,"jetpack_publicize_connections":[],"jetpack_featured_media_url":"https:\/\/i0.wp.com\/elterritorialweb.com.ar\/web\/wp-content\/uploads\/2026\/03\/IMG-20260306-WA0026.jpg?fit=1338%2C1058","jetpack_sharing_enabled":true,"_links":{"self":[{"href":"http:\/\/elterritorialweb.com.ar\/web\/wp-json\/wp\/v2\/posts\/82742","targetHints":{"allow":["GET"]}}],"collection":[{"href":"http:\/\/elterritorialweb.com.ar\/web\/wp-json\/wp\/v2\/posts"}],"about":[{"href":"http:\/\/elterritorialweb.com.ar\/web\/wp-json\/wp\/v2\/types\/post"}],"author":[{"embeddable":true,"href":"http:\/\/elterritorialweb.com.ar\/web\/wp-json\/wp\/v2\/users\/2"}],"replies":[{"embeddable":true,"href":"http:\/\/elterritorialweb.com.ar\/web\/wp-json\/wp\/v2\/comments?post=82742"}],"version-history":[{"count":1,"href":"http:\/\/elterritorialweb.com.ar\/web\/wp-json\/wp\/v2\/posts\/82742\/revisions"}],"predecessor-version":[{"id":82743,"href":"http:\/\/elterritorialweb.com.ar\/web\/wp-json\/wp\/v2\/posts\/82742\/revisions\/82743"}],"wp:featuredmedia":[{"embeddable":true,"href":"http:\/\/elterritorialweb.com.ar\/web\/wp-json\/wp\/v2\/media\/82468"}],"wp:attachment":[{"href":"http:\/\/elterritorialweb.com.ar\/web\/wp-json\/wp\/v2\/media?parent=82742"}],"wp:term":[{"taxonomy":"category","embeddable":true,"href":"http:\/\/elterritorialweb.com.ar\/web\/wp-json\/wp\/v2\/categories?post=82742"},{"taxonomy":"post_tag","embeddable":true,"href":"http:\/\/elterritorialweb.com.ar\/web\/wp-json\/wp\/v2\/tags?post=82742"}],"curies":[{"name":"wp","href":"https:\/\/api.w.org\/{rel}","templated":true}]}}