{"id":84146,"date":"2026-05-02T01:51:28","date_gmt":"2026-05-02T01:51:28","guid":{"rendered":"https:\/\/elterritorialweb.com.ar\/web\/?p=84146"},"modified":"2026-05-02T01:51:29","modified_gmt":"2026-05-02T01:51:29","slug":"emotiva-muestra-de-fe-en-la-parroquia-san-juan-diego","status":"publish","type":"post","link":"http:\/\/elterritorialweb.com.ar\/web\/emotiva-muestra-de-fe-en-la-parroquia-san-juan-diego\/","title":{"rendered":"EMOTIVA MUESTRA DE FE EN LA PARROQUIA SAN JUAN DIEGO"},"content":{"rendered":"\n<p>\u200bCon una profunda impronta espiritual y una gran convocatoria, el <strong>Padre Jos\u00e9 Eugenio Hoyos<\/strong> lleg\u00f3 a Santiago del Estero con la mision de evangelizar a los fieles. El sacerdote, nacido en Buga y referente internacional de la Renovaci\u00f3n Carism\u00e1tica, comenz\u00f3 su recorrido en nuestra provincia con un mensaje de esperanza y sanaci\u00f3n f\u00edsica y espiritual bajo el lema: <em>\u00abDios sigue trabajando en tu vida\u00bb<\/em>.<\/p>\n\n\n\n<figure class=\"wp-block-image size-large\"><a href=\"https:\/\/i0.wp.com\/elterritorialweb.com.ar\/web\/wp-content\/uploads\/2026\/05\/1000416584.jpg?ssl=1\"><img data-recalc-dims=\"1\" decoding=\"async\" width=\"640\" height=\"446\" data-src=\"https:\/\/i0.wp.com\/elterritorialweb.com.ar\/web\/wp-content\/uploads\/2026\/05\/1000416584-1024x713.jpg?resize=640%2C446&#038;ssl=1\" alt=\"\" class=\"wp-image-84148 lazyload\" data-srcset=\"https:\/\/i0.wp.com\/elterritorialweb.com.ar\/web\/wp-content\/uploads\/2026\/05\/1000416584.jpg?resize=1024%2C713 1024w, https:\/\/i0.wp.com\/elterritorialweb.com.ar\/web\/wp-content\/uploads\/2026\/05\/1000416584.jpg?resize=300%2C209 300w, https:\/\/i0.wp.com\/elterritorialweb.com.ar\/web\/wp-content\/uploads\/2026\/05\/1000416584.jpg?resize=768%2C535 768w, https:\/\/i0.wp.com\/elterritorialweb.com.ar\/web\/wp-content\/uploads\/2026\/05\/1000416584.jpg?w=1080 1080w\" data-sizes=\"(max-width: 640px) 100vw, 640px\" src=\"data:image\/svg+xml;base64,PHN2ZyB3aWR0aD0iMSIgaGVpZ2h0PSIxIiB4bWxucz0iaHR0cDovL3d3dy53My5vcmcvMjAwMC9zdmciPjwvc3ZnPg==\" style=\"--smush-placeholder-width: 640px; --smush-placeholder-aspect-ratio: 640\/446;\" \/><\/a><\/figure>\n\n\n\n<h3 class=\"wp-block-heading\">\u200bUna jornada de fe en San Juan Diego<\/h3>\n\n\n\n<p>En su primera jornada estuvo en la Parroquia San Juan Diego, ubicada en el barrio Saint Germain. Donde celebr\u00f3 una emotiva <strong>Misa por los Enfermos<\/strong>. Durante la ceremonia, el Padre Hoyos \u2014conocido por su labor en la Di\u00f3cesis de Arlington y su carisma con la comunidad hispana\u2014 dedic\u00f3 un espacio central a la oraci\u00f3n por la salud y la liberaci\u00f3n de los presentes.<\/p>\n\n\n\n<figure class=\"wp-block-image size-large\"><a href=\"https:\/\/i0.wp.com\/elterritorialweb.com.ar\/web\/wp-content\/uploads\/2026\/05\/1000416594.jpg?ssl=1\"><img data-recalc-dims=\"1\" decoding=\"async\" width=\"640\" height=\"403\" data-src=\"https:\/\/i0.wp.com\/elterritorialweb.com.ar\/web\/wp-content\/uploads\/2026\/05\/1000416594-1024x644.jpg?resize=640%2C403&#038;ssl=1\" alt=\"\" class=\"wp-image-84149 lazyload\" data-srcset=\"https:\/\/i0.wp.com\/elterritorialweb.com.ar\/web\/wp-content\/uploads\/2026\/05\/1000416594.jpg?resize=1024%2C644 1024w, https:\/\/i0.wp.com\/elterritorialweb.com.ar\/web\/wp-content\/uploads\/2026\/05\/1000416594.jpg?resize=300%2C189 300w, https:\/\/i0.wp.com\/elterritorialweb.com.ar\/web\/wp-content\/uploads\/2026\/05\/1000416594.jpg?resize=768%2C483 768w, https:\/\/i0.wp.com\/elterritorialweb.com.ar\/web\/wp-content\/uploads\/2026\/05\/1000416594.jpg?resize=1536%2C967 1536w, https:\/\/i0.wp.com\/elterritorialweb.com.ar\/web\/wp-content\/uploads\/2026\/05\/1000416594.jpg?resize=540%2C340 540w, https:\/\/i0.wp.com\/elterritorialweb.com.ar\/web\/wp-content\/uploads\/2026\/05\/1000416594.jpg?w=1600 1600w, https:\/\/i0.wp.com\/elterritorialweb.com.ar\/web\/wp-content\/uploads\/2026\/05\/1000416594.jpg?w=1280 1280w\" data-sizes=\"(max-width: 640px) 100vw, 640px\" src=\"data:image\/svg+xml;base64,PHN2ZyB3aWR0aD0iMSIgaGVpZ2h0PSIxIiB4bWxucz0iaHR0cDovL3d3dy53My5vcmcvMjAwMC9zdmciPjwvc3ZnPg==\" style=\"--smush-placeholder-width: 640px; --smush-placeholder-aspect-ratio: 640\/403;\" \/><\/a><\/figure>\n\n\n\n<h3 class=\"wp-block-heading\">\u200bEl impacto de una misi\u00f3n internacional<\/h3>\n\n\n\n<p>\u200bA lo largo de su recorrido, el presb\u00edtero destaca la importancia de la oraci\u00f3n comunitaria para sostener esta labor de evangelizaci\u00f3n. Antes de iniciar sus compromisos, el Padre Hoyos hab\u00eda solicitado el apoyo de los fieles: <em>\u00abPor favor ap\u00f3yanos con tus oraciones por esta nueva Misi\u00f3n de Evangelizaci\u00f3n, Sanaci\u00f3n y bendici\u00f3n\u00bb<\/em>, un pedido que fue respondido con una masiva asistencia en cada lugar donde ofreci\u00f3 la Eucarist\u00eda por las intenciones del pueblo.<\/p>\n\n\n\n<figure class=\"wp-block-image size-large\"><a href=\"https:\/\/i0.wp.com\/elterritorialweb.com.ar\/web\/wp-content\/uploads\/2026\/05\/1000416580.jpg?ssl=1\"><img data-recalc-dims=\"1\" decoding=\"async\" width=\"640\" height=\"681\" data-src=\"https:\/\/i0.wp.com\/elterritorialweb.com.ar\/web\/wp-content\/uploads\/2026\/05\/1000416580-963x1024.jpg?resize=640%2C681&#038;ssl=1\" alt=\"\" class=\"wp-image-84150 lazyload\" data-srcset=\"https:\/\/i0.wp.com\/elterritorialweb.com.ar\/web\/wp-content\/uploads\/2026\/05\/1000416580.jpg?resize=963%2C1024 963w, https:\/\/i0.wp.com\/elterritorialweb.com.ar\/web\/wp-content\/uploads\/2026\/05\/1000416580.jpg?resize=282%2C300 282w, https:\/\/i0.wp.com\/elterritorialweb.com.ar\/web\/wp-content\/uploads\/2026\/05\/1000416580.jpg?resize=768%2C817 768w, https:\/\/i0.wp.com\/elterritorialweb.com.ar\/web\/wp-content\/uploads\/2026\/05\/1000416580.jpg?resize=1024%2C1089 1024w, https:\/\/i0.wp.com\/elterritorialweb.com.ar\/web\/wp-content\/uploads\/2026\/05\/1000416580.jpg?w=1080 1080w\" data-sizes=\"(max-width: 640px) 100vw, 640px\" src=\"data:image\/svg+xml;base64,PHN2ZyB3aWR0aD0iMSIgaGVpZ2h0PSIxIiB4bWxucz0iaHR0cDovL3d3dy53My5vcmcvMjAwMC9zdmciPjwvc3ZnPg==\" style=\"--smush-placeholder-width: 640px; --smush-placeholder-aspect-ratio: 640\/681;\" \/><\/a><\/figure>\n\n\n\n<p>\u200bLa visita del Padre Hoyos deja una huella profunda en las comunidades locales, reafirmando su prestigio como predicador internacional y su compromiso con los m\u00e1s necesitados. Su presencia se suma as\u00ed a sus constantes giras por Am\u00e9rica Latina y Estados Unidos, consolidando una vez m\u00e1s su apostolado centrado en el poder transformador de la fe.<\/p>\n\n\n\n<p><\/p>\n","protected":false},"excerpt":{"rendered":"<p>El reconocido l\u00edder carism\u00e1tico colombiano Padre Jos\u00e9 Eugenio Hoyos presidi\u00f3 la misa de sanaci\u00f3n este viernes 1 de mayo, ante una multitud donde hubo muestra de mucha fe entre los fieles.<\/p>\n","protected":false},"author":2,"featured_media":84147,"comment_status":"open","ping_status":"open","sticky":false,"template":"","format":"standard","meta":{"om_disable_all_campaigns":false,"_monsterinsights_skip_tracking":false,"_monsterinsights_sitenote_active":false,"_monsterinsights_sitenote_note":"","_monsterinsights_sitenote_category":0,"_uf_show_specific_survey":0,"_uf_disable_surveys":false,"jetpack_post_was_ever_published":false,"_jetpack_newsletter_access":"","_jetpack_dont_email_post_to_subs":false,"_jetpack_newsletter_tier_id":0,"_jetpack_memberships_contains_paywalled_content":false,"_jetpack_memberships_contains_paid_content":false,"footnotes":"","jetpack_publicize_message":"","jetpack_publicize_feature_enabled":true,"jetpack_social_post_already_shared":true,"jetpack_social_options":{"image_generator_settings":{"template":"highway","default_image_id":0,"font":"","enabled":false},"version":2}},"categories":[21],"tags":[],"class_list":["post-84146","post","type-post","status-publish","format-standard","has-post-thumbnail","hentry","category-locales"],"aioseo_notices":[],"views":20,"jetpack_publicize_connections":[],"jetpack_featured_media_url":"https:\/\/i0.wp.com\/elterritorialweb.com.ar\/web\/wp-content\/uploads\/2026\/05\/Screenshot_20260501_221559_Instagram.jpg?fit=1080%2C1013","jetpack_sharing_enabled":true,"_links":{"self":[{"href":"http:\/\/elterritorialweb.com.ar\/web\/wp-json\/wp\/v2\/posts\/84146","targetHints":{"allow":["GET"]}}],"collection":[{"href":"http:\/\/elterritorialweb.com.ar\/web\/wp-json\/wp\/v2\/posts"}],"about":[{"href":"http:\/\/elterritorialweb.com.ar\/web\/wp-json\/wp\/v2\/types\/post"}],"author":[{"embeddable":true,"href":"http:\/\/elterritorialweb.com.ar\/web\/wp-json\/wp\/v2\/users\/2"}],"replies":[{"embeddable":true,"href":"http:\/\/elterritorialweb.com.ar\/web\/wp-json\/wp\/v2\/comments?post=84146"}],"version-history":[{"count":1,"href":"http:\/\/elterritorialweb.com.ar\/web\/wp-json\/wp\/v2\/posts\/84146\/revisions"}],"predecessor-version":[{"id":84151,"href":"http:\/\/elterritorialweb.com.ar\/web\/wp-json\/wp\/v2\/posts\/84146\/revisions\/84151"}],"wp:featuredmedia":[{"embeddable":true,"href":"http:\/\/elterritorialweb.com.ar\/web\/wp-json\/wp\/v2\/media\/84147"}],"wp:attachment":[{"href":"http:\/\/elterritorialweb.com.ar\/web\/wp-json\/wp\/v2\/media?parent=84146"}],"wp:term":[{"taxonomy":"category","embeddable":true,"href":"http:\/\/elterritorialweb.com.ar\/web\/wp-json\/wp\/v2\/categories?post=84146"},{"taxonomy":"post_tag","embeddable":true,"href":"http:\/\/elterritorialweb.com.ar\/web\/wp-json\/wp\/v2\/tags?post=84146"}],"curies":[{"name":"wp","href":"https:\/\/api.w.org\/{rel}","templated":true}]}}