{"id":10001,"date":"2020-08-25T23:42:51","date_gmt":"2020-08-25T23:42:51","guid":{"rendered":"http:\/\/elterritorialweb.com.ar\/web\/?p=10001"},"modified":"2020-08-25T23:42:52","modified_gmt":"2020-08-25T23:42:52","slug":"el-gobernador-zamora-saludo-a-la-policia-en-su-aniversario","status":"publish","type":"post","link":"https:\/\/elterritorialweb.com.ar\/web\/el-gobernador-zamora-saludo-a-la-policia-en-su-aniversario\/","title":{"rendered":"EL GOBERNADOR ZAMORA SALUDO A LA POLIC\u00cdA EN SU ANIVERSARIO"},"content":{"rendered":"\n<p>El mandatario provincial, emiti\u00f3 un emotivo mensaje de agradecimiento a la polic\u00eda en su 68\u00b0 aniversario de su creaci\u00f3n. <\/p>\n\n\n\n<p><em>\u00abEn el 68\u00b0 aniversario de la creaci\u00f3n de la Polic\u00eda de la Provincia de Santiago del Estero, mi saludo y agradecimiento por el enorme trabajo que realizan en pos de la seguridad de todos, y en el redoblado esfuerzo, ante esta pandemia, que los encuentra sin descanso ni festejos en este nuevo cumplea\u00f1os, abocada a m\u00faltiples tareas en el extenso territorio provincial en beneficio de todos los santiague\u00f1os!!!\u00bb. Feliz d\u00eda a la familia policial !!!<\/em><\/p>\n","protected":false},"excerpt":{"rendered":"<p>El mandatario provincial, emiti\u00f3 un emotivo mensaje de agradecimiento a la polic\u00eda en su 68\u00b0&#8230;<\/p>\n","protected":false},"author":2,"featured_media":10002,"comment_status":"open","ping_status":"open","sticky":false,"template":"","format":"standard","meta":{"om_disable_all_campaigns":false,"_monsterinsights_skip_tracking":false,"_monsterinsights_sitenote_active":false,"_monsterinsights_sitenote_note":"","_monsterinsights_sitenote_category":0,"_uf_show_specific_survey":0,"_uf_disable_surveys":false,"jetpack_post_was_ever_published":false,"_jetpack_newsletter_access":"","_jetpack_dont_email_post_to_subs":false,"_jetpack_newsletter_tier_id":0,"_jetpack_memberships_contains_paywalled_content":false,"_jetpack_memberships_contains_paid_content":false,"footnotes":"","jetpack_publicize_message":"","jetpack_publicize_feature_enabled":true,"jetpack_social_post_already_shared":false,"jetpack_social_options":{"image_generator_settings":{"template":"highway","default_image_id":0,"font":"","enabled":false},"version":2}},"categories":[21],"tags":[],"class_list":["post-10001","post","type-post","status-publish","format-standard","has-post-thumbnail","hentry","category-locales"],"aioseo_notices":[],"views":6,"jetpack_publicize_connections":[],"jetpack_featured_media_url":"https:\/\/i0.wp.com\/elterritorialweb.com.ar\/web\/wp-content\/uploads\/2020\/08\/zamora-saluda-a-lapolicia.jpg?fit=960%2C609&ssl=1","jetpack_sharing_enabled":true,"_links":{"self":[{"href":"https:\/\/elterritorialweb.com.ar\/web\/wp-json\/wp\/v2\/posts\/10001","targetHints":{"allow":["GET"]}}],"collection":[{"href":"https:\/\/elterritorialweb.com.ar\/web\/wp-json\/wp\/v2\/posts"}],"about":[{"href":"https:\/\/elterritorialweb.com.ar\/web\/wp-json\/wp\/v2\/types\/post"}],"author":[{"embeddable":true,"href":"https:\/\/elterritorialweb.com.ar\/web\/wp-json\/wp\/v2\/users\/2"}],"replies":[{"embeddable":true,"href":"https:\/\/elterritorialweb.com.ar\/web\/wp-json\/wp\/v2\/comments?post=10001"}],"version-history":[{"count":2,"href":"https:\/\/elterritorialweb.com.ar\/web\/wp-json\/wp\/v2\/posts\/10001\/revisions"}],"predecessor-version":[{"id":10004,"href":"https:\/\/elterritorialweb.com.ar\/web\/wp-json\/wp\/v2\/posts\/10001\/revisions\/10004"}],"wp:featuredmedia":[{"embeddable":true,"href":"https:\/\/elterritorialweb.com.ar\/web\/wp-json\/wp\/v2\/media\/10002"}],"wp:attachment":[{"href":"https:\/\/elterritorialweb.com.ar\/web\/wp-json\/wp\/v2\/media?parent=10001"}],"wp:term":[{"taxonomy":"category","embeddable":true,"href":"https:\/\/elterritorialweb.com.ar\/web\/wp-json\/wp\/v2\/categories?post=10001"},{"taxonomy":"post_tag","embeddable":true,"href":"https:\/\/elterritorialweb.com.ar\/web\/wp-json\/wp\/v2\/tags?post=10001"}],"curies":[{"name":"wp","href":"https:\/\/api.w.org\/{rel}","templated":true}]}}