{"id":10005,"date":"2020-08-26T00:46:54","date_gmt":"2020-08-26T00:46:54","guid":{"rendered":"http:\/\/elterritorialweb.com.ar\/web\/?p=10005"},"modified":"2020-08-26T01:03:29","modified_gmt":"2020-08-26T01:03:29","slug":"covid-19-en-santiago-se-confirmaron-38-nuevos-casos-en-la-provincia","status":"publish","type":"post","link":"https:\/\/elterritorialweb.com.ar\/web\/covid-19-en-santiago-se-confirmaron-38-nuevos-casos-en-la-provincia\/","title":{"rendered":"COVID-19 EN SANTIAGO: SE CONFIRMARON 38 NUEVOS CASOS EN LA PROVINCIA"},"content":{"rendered":"\n<p>26 corresponden a Capital y Banda, 1 a Brea Pozo, 4 a Forres, 5 a Fern\u00e1ndez, 1 a El Charco, y 1 a El Mojon.  Sobre 355 muestras procesadas. <\/p>\n\n\n\n<figure><iframe data-src=\"https:\/\/www.facebook.com\/plugins\/post.php?href=https%3A%2F%2Fwww.facebook.com%2FzamoraSDE%2Fposts%2F3081725651947335&amp;width=500\" width=\"500\" height=\"293\" src=\"data:image\/svg+xml;base64,PHN2ZyB3aWR0aD0iMSIgaGVpZ2h0PSIxIiB4bWxucz0iaHR0cDovL3d3dy53My5vcmcvMjAwMC9zdmciPjwvc3ZnPg==\" class=\"lazyload\" data-load-mode=\"1\"><\/iframe><\/figure>\n\n\n\n<p><\/p>\n\n\n\n<p><strong>REPORTE DIARIO DEL MINISTERIO DE SALUD DE LA PROVINCIA<\/strong><\/p>\n\n\n\n<p>Hasta la fecha finalizaron el aislamiento preventivo obligatorio mil novecientos cincuenta y uno (1951) personas.<br>Se encuentran en seguimiento epidemiol\u00f3gico veintiuno (21) santiague\u00f1os con antecedente de viaje.<br>Finalizaron hasta hoy el aislamiento preventivo obligatorio cuatrocientos cincuenta y cinco (455) personas que tuvieron contacto estrecho de casos confirmados<br><strong>Se recuperaron el d\u00eda de hoy once (11) casos confirmados<\/strong>, por lo que son ciento cuarenta y seis (146) los casos recuperados en la provincia<br><strong>Se confirmaron treinta y ocho (38) casos el d\u00eda de hoy, distribuidos de la siguiente manera: 18 en Capital; 1 en Mojones (Depto Capital); 8 en Banda; 1 en Brea Pozo; 4 en Forres; 5 en Fern\u00e1ndez; 1 en el Charco TRH<\/strong><br>Se produjo el fallecimiento de un hombre de 43 a\u00f1os de la ciudad de La Banda que estaba internado en la Unidad de Terapia Intensiva del Hospital Independencia.<br>Permanecen activos quinientos treinta y siete (537) casos en la provincia. Desde el inicio de la pandemia se confirmaron seiscientos ochenta y siete (687) casos en total.<br>Hay diez mil cincuenta y uno (10.051) casos descartados a la fecha.<\/p>\n\n\n\n<p><strong>Se declar\u00f3 la transmisi\u00f3n comunitaria en el conglomerado Capital Banda lo que implica que todos los ciudadanos deben extremar las medidas de prevenci\u00f3n.<\/strong><\/p>\n\n\n\n<p><strong>RECOMENDACIONES SANITARIAS<\/strong><\/p>\n\n\n\n<p>Se recuerda que TODAS las personas que son contacto estrecho de casos positivos que DEBEN realizar un AISLAMIENTO SANITARIO OBLIGATORIO por 14 d\u00edas en su domicilio, aunque no presenten s\u00edntomas e independendientemente si fueron hisopados y su resultado fue no detectable (negativo).<br>Durante el aislamiento sanitario las personas no pueden salir de su hogar ni recibir visitas y deben cumplir con las medidas de prevenci\u00f3n indicadas por las autoridades sanitarias.<br>Ante la presencia de fiebre mayor o igual a 37,5\u00b0 y s\u00edntomas respiratorios como tos, dolor de garganta, dificultad para respirar, adem\u00e1s de falta de gusto y olfato de reciente aparici\u00f3n, y tambi\u00e9n cefalea, diarrea y\/o v\u00f3mitos o al haber estado en contacto con un caso confirmado, se insta a la poblaci\u00f3n a que haga un contacto de inmediato con el sistema de salud comunic\u00e1ndose al 107 y evite el contacto social<br>Tambi\u00e9n se recuerda que se realiza el hisopado a los contactos estrechos de casos positivos que presenten s\u00edntomas o que tengan factores de riesgo (mayores de 60 a\u00f1os, embarazadas, inmunocomprometidos, enfermos oncologicos o dializados)<br>Recordemos continuar respetando las medidas de distancia f\u00edsica\u00a0y lavarnos frecuentemente las manos con agua y jab\u00f3n.<br>Si necesitamos salir usemos el barbijo\u00a0correctamente sin tocarlo\u00a0ni tocarnos la cara.<\/p>\n\n\n\n<p><\/p>\n\n\n\n<figure class=\"wp-block-image\"><img decoding=\"async\" data-src=\"https:\/\/scontent.fsde1-1.fna.fbcdn.net\/v\/t1.0-9\/118535121_1373895342805004_4241286846445100440_n.jpg?_nc_cat=103&amp;_nc_sid=110474&amp;_nc_ohc=I7t-_DtY6LQAX9PgM0a&amp;_nc_ht=scontent.fsde1-1.fna&amp;oh=7e37a0731051c660b2df27d1b728fdec&amp;oe=5F6960DB\" alt=\"La imagen puede contener: texto que dice &quot;OVID-19 25 de Agosto del 2020 REPORTE DIARIO Muestras procesadas 355 Recuperados del d\u00eda Positivos del d\u00eda 11 38 Total positivos activos Total recuperados 537 146 Total acumulado Viajeros en seguimiento 21 687 Finalizaron aislamiento obligatorio 1951 Fallecidos hoy Contacto estrecho que finaliz\u00f3 aislamiento obligatorio 1 Casos descartados totales 10.051 455 Total Fallecidos 4 Ministerio Salud SANTHAG DEL ESTERO SANTiaGo Besentnoartes&quot;\" src=\"data:image\/svg+xml;base64,PHN2ZyB3aWR0aD0iMSIgaGVpZ2h0PSIxIiB4bWxucz0iaHR0cDovL3d3dy53My5vcmcvMjAwMC9zdmciPjwvc3ZnPg==\" class=\"lazyload\" \/><\/figure>\n","protected":false},"excerpt":{"rendered":"<p>26 corresponden a Capital y Banda, 1 a Brea Pozo, 4 a Forres, 5 a&#8230;<\/p>\n","protected":false},"author":2,"featured_media":10006,"comment_status":"open","ping_status":"open","sticky":false,"template":"","format":"standard","meta":{"om_disable_all_campaigns":false,"_monsterinsights_skip_tracking":false,"_monsterinsights_sitenote_active":false,"_monsterinsights_sitenote_note":"","_monsterinsights_sitenote_category":0,"_uf_show_specific_survey":0,"_uf_disable_surveys":false,"jetpack_post_was_ever_published":false,"_jetpack_newsletter_access":"","_jetpack_dont_email_post_to_subs":false,"_jetpack_newsletter_tier_id":0,"_jetpack_memberships_contains_paywalled_content":false,"_jetpack_memberships_contains_paid_content":false,"footnotes":"","jetpack_publicize_message":"","jetpack_publicize_feature_enabled":true,"jetpack_social_post_already_shared":false,"jetpack_social_options":{"image_generator_settings":{"template":"highway","default_image_id":0,"font":"","enabled":false},"version":2}},"categories":[3],"tags":[],"class_list":["post-10005","post","type-post","status-publish","format-standard","has-post-thumbnail","hentry","category-salud"],"aioseo_notices":[],"views":4,"jetpack_publicize_connections":[],"jetpack_featured_media_url":"https:\/\/i0.wp.com\/elterritorialweb.com.ar\/web\/wp-content\/uploads\/2020\/08\/NUEVOS-CASOS-19-DE-AGOSTO-1.jpg?fit=470%2C269&ssl=1","jetpack_sharing_enabled":true,"_links":{"self":[{"href":"https:\/\/elterritorialweb.com.ar\/web\/wp-json\/wp\/v2\/posts\/10005","targetHints":{"allow":["GET"]}}],"collection":[{"href":"https:\/\/elterritorialweb.com.ar\/web\/wp-json\/wp\/v2\/posts"}],"about":[{"href":"https:\/\/elterritorialweb.com.ar\/web\/wp-json\/wp\/v2\/types\/post"}],"author":[{"embeddable":true,"href":"https:\/\/elterritorialweb.com.ar\/web\/wp-json\/wp\/v2\/users\/2"}],"replies":[{"embeddable":true,"href":"https:\/\/elterritorialweb.com.ar\/web\/wp-json\/wp\/v2\/comments?post=10005"}],"version-history":[{"count":2,"href":"https:\/\/elterritorialweb.com.ar\/web\/wp-json\/wp\/v2\/posts\/10005\/revisions"}],"predecessor-version":[{"id":10012,"href":"https:\/\/elterritorialweb.com.ar\/web\/wp-json\/wp\/v2\/posts\/10005\/revisions\/10012"}],"wp:featuredmedia":[{"embeddable":true,"href":"https:\/\/elterritorialweb.com.ar\/web\/wp-json\/wp\/v2\/media\/10006"}],"wp:attachment":[{"href":"https:\/\/elterritorialweb.com.ar\/web\/wp-json\/wp\/v2\/media?parent=10005"}],"wp:term":[{"taxonomy":"category","embeddable":true,"href":"https:\/\/elterritorialweb.com.ar\/web\/wp-json\/wp\/v2\/categories?post=10005"},{"taxonomy":"post_tag","embeddable":true,"href":"https:\/\/elterritorialweb.com.ar\/web\/wp-json\/wp\/v2\/tags?post=10005"}],"curies":[{"name":"wp","href":"https:\/\/api.w.org\/{rel}","templated":true}]}}