{"id":10008,"date":"2020-08-26T00:52:23","date_gmt":"2020-08-26T00:52:23","guid":{"rendered":"http:\/\/elterritorialweb.com.ar\/web\/?p=10008"},"modified":"2020-08-26T00:52:25","modified_gmt":"2020-08-26T00:52:25","slug":"8-771-nuevos-casos-de-covid-19-en-24-horas-con-un-total-de-359-638-infectados-en-el-pais","status":"publish","type":"post","link":"https:\/\/elterritorialweb.com.ar\/web\/8-771-nuevos-casos-de-covid-19-en-24-horas-con-un-total-de-359-638-infectados-en-el-pais\/","title":{"rendered":"8.771 NUEVOS CASOS DE COVID-19 EN 24 HORAS, CON UN TOTAL DE 359.638 INFECTADOS EN EL PA\u00cdS"},"content":{"rendered":"\n<p>Otras 198 personas murieron y 8.771 fueron diagnosticados con coronavirus en las \u00faltimas 24 horas en la Argentina, con lo que suman 7.563 los fallecidos y 359.638 los contagiados desde el inicio de la pandemia, inform\u00f3 hoy el Ministerio de Salud.<\/p>\n\n\n\n<p>La cartera sanitaria indic\u00f3 que son 1.990 los internados en unidades de terapia intensiva, con un porcentaje de ocupaci\u00f3n de camas de adultos de 58,3% en el pa\u00eds y del 66,5% en la \u00c1rea Metropolitana Buenos Aires.<\/p>\n\n\n\n<p>Un 75,50% (6.623 personas) de los infectados de hoy (8.771) corresponden a la Ciudad y a la provincia de Buenos Aires.<\/p>\n\n\n\n<p>De los 359.638 contagiados, el 73,18% (263.202) recibi\u00f3 el alta.<\/p>\n\n\n\n<p>El reporte vespertino consign\u00f3 que murieron 93 hombres, 55 residentes en la provincia de Buenos Aires; 14 en la Ciudad de Buenos Aires; 1 en la provincia de Chaco; 2 en la provincia de C\u00f3rdoba; 1 en la provincia de Entre R\u00edos; 8 en la provincia de Jujuy; 1 en la provincia de La Pampa; 3 en la provincia de La Rioja; 2 en la provincia de R\u00edo Negro; 2 en la provincia de Salta; 2 en la provincia de Santa Fe; 1 en la provincia de Santiago del Estero y 1 en la provincia de Tucum\u00e1n.<\/p>\n\n\n\n<p>Adem\u00e1s 69 mujeres: 41 residentes en la provincia de Buenos Aires; 16 en la Ciudad de Buenos Aires; 1 en la provincia de C\u00f3rdoba; 1 en la provincia de Entre R\u00edos; 2 en la provincia de Jujuy; 3 en la provincia de La Rioja; 1 en la provincia de R\u00edo Negro; 3 en la provincia de Santa Fe y 1 en la provincia de Santiago del Estero.<\/p>\n\n\n\n<p>Se aclar\u00f3 que una persona de sexo masculino de 66 a\u00f1os notificada como fallecida, residente en la provincia de C\u00f3rdoba, fue reclasificada como no fallecida.<\/p>\n\n\n\n<p>El parte matutino inform\u00f3 que fallecieron 23 hombres, 14 residentes en la provincia de Buenos Aires; 3 en la Ciudad de Buenos Aires; 1 en la provincia de Neuqu\u00e9n; 3 en la provincia de Mendoza; 1 en la provincia de R\u00edo Negro; 1 en la provincia de Tierra del Fuego; y 13 mujeres; 11 residentes en la provincia de Buenos Aires; 1 en la provincia de Entre R\u00edos y 1 en la provincia de Mendoza.<\/p>\n\n\n\n<p>Del total de diagnosticados, 1.183 (0,3%) son importados, 87.216 (24,3%) son contactos estrechos de casos confirmados, 219.449 (61%) son casos de circulaci\u00f3n comunitaria y el resto se encuentra en investigaci\u00f3n epidemiol\u00f3gica.<\/p>\n\n\n\n<p>Hoy se registraron en la provincia de Buenos Aires 5.312 casos; en la Ciudad de Buenos Aires, 1.311; en Chaco, 53; en Chubut, 35; en C\u00f3rdoba, 298; en Corrientes, 1; en Entre R\u00edos, 127; en Jujuy, 215; en La Pampa, 1; en La Rioja, 39; en Mendoza, 264; en Misiones, 1; en Neuqu\u00e9n, 122; en R\u00edo Negro, 174; en Salta, 177; en San Juan, 14; en Santa Cruz, 38; en Santa Fe, 356; en Santiago del Estero, 71; Tierra del Fuego, 51; y en Tucum\u00e1n 113.<\/p>\n\n\n\n<p>En tanto, Catamarca no report\u00f3 infectados, mientras que Formosa (-1) y San Luis (-1) registraron n\u00fameros negativos porque se reclasificaron contagios a otras jurisdicciones.<\/p>\n\n\n\n<p>El total de acumulados por distrito indica que la provincia de Buenos Aires suma 223.704 casos; la Ciudad de Buenos Aires, 87.569; Catamarca, 64; Chaco, 4.967; Chubut, 581; C\u00f3rdoba, 6.412; Corrientes, 260; Entre R\u00edos, 2.509; Formosa, 83; Jujuy, 6.838; La Pampa, 194; La Rioja, 1.177; Mendoza, 5.073; Misiones, 59; Neuqu\u00e9n, 2.415; R\u00edo Negro, 4.938; Salta, 2.109; San Juan, 110; San Luis, 40; Santa Cruz, 1.416; Santa Fe, 5.382.; Santiago del Estero, 654; Tierra del Fuego, 1.803; y Tucum\u00e1n, 1.281.<\/p>\n\n\n\n<p>Adem\u00e1s, se incluyen, en Tierra del Fuego, 13 casos en las Islas Malvinas, seg\u00fan informaci\u00f3n de prensa debido a que por la ocupaci\u00f3n ilegal del Reino Unido, Gran Breta\u00f1a e Irlanda del Norte no es posible contar con informaci\u00f3n propia sobre el impacto de la Covid-19 en esa parte del territorio argentino<\/p>\n","protected":false},"excerpt":{"rendered":"<p>INFORMA DEL MINISTERIO DE SALUD DE LA NACION<\/p>\n","protected":false},"author":2,"featured_media":10009,"comment_status":"open","ping_status":"open","sticky":false,"template":"","format":"standard","meta":{"om_disable_all_campaigns":false,"_monsterinsights_skip_tracking":false,"_monsterinsights_sitenote_active":false,"_monsterinsights_sitenote_note":"","_monsterinsights_sitenote_category":0,"_uf_show_specific_survey":0,"_uf_disable_surveys":false,"jetpack_post_was_ever_published":false,"_jetpack_newsletter_access":"","_jetpack_dont_email_post_to_subs":false,"_jetpack_newsletter_tier_id":0,"_jetpack_memberships_contains_paywalled_content":false,"_jetpack_memberships_contains_paid_content":false,"footnotes":"","jetpack_publicize_message":"","jetpack_publicize_feature_enabled":true,"jetpack_social_post_already_shared":false,"jetpack_social_options":{"image_generator_settings":{"template":"highway","default_image_id":0,"font":"","enabled":false},"version":2}},"categories":[3],"tags":[],"class_list":["post-10008","post","type-post","status-publish","format-standard","has-post-thumbnail","hentry","category-salud"],"aioseo_notices":[],"views":0,"jetpack_publicize_connections":[],"jetpack_featured_media_url":"https:\/\/i0.wp.com\/elterritorialweb.com.ar\/web\/wp-content\/uploads\/2020\/08\/NUEVOS-CASOS-25-DE-AGOSTO.jpg?fit=680%2C382&ssl=1","jetpack_sharing_enabled":true,"_links":{"self":[{"href":"https:\/\/elterritorialweb.com.ar\/web\/wp-json\/wp\/v2\/posts\/10008","targetHints":{"allow":["GET"]}}],"collection":[{"href":"https:\/\/elterritorialweb.com.ar\/web\/wp-json\/wp\/v2\/posts"}],"about":[{"href":"https:\/\/elterritorialweb.com.ar\/web\/wp-json\/wp\/v2\/types\/post"}],"author":[{"embeddable":true,"href":"https:\/\/elterritorialweb.com.ar\/web\/wp-json\/wp\/v2\/users\/2"}],"replies":[{"embeddable":true,"href":"https:\/\/elterritorialweb.com.ar\/web\/wp-json\/wp\/v2\/comments?post=10008"}],"version-history":[{"count":1,"href":"https:\/\/elterritorialweb.com.ar\/web\/wp-json\/wp\/v2\/posts\/10008\/revisions"}],"predecessor-version":[{"id":10010,"href":"https:\/\/elterritorialweb.com.ar\/web\/wp-json\/wp\/v2\/posts\/10008\/revisions\/10010"}],"wp:featuredmedia":[{"embeddable":true,"href":"https:\/\/elterritorialweb.com.ar\/web\/wp-json\/wp\/v2\/media\/10009"}],"wp:attachment":[{"href":"https:\/\/elterritorialweb.com.ar\/web\/wp-json\/wp\/v2\/media?parent=10008"}],"wp:term":[{"taxonomy":"category","embeddable":true,"href":"https:\/\/elterritorialweb.com.ar\/web\/wp-json\/wp\/v2\/categories?post=10008"},{"taxonomy":"post_tag","embeddable":true,"href":"https:\/\/elterritorialweb.com.ar\/web\/wp-json\/wp\/v2\/tags?post=10008"}],"curies":[{"name":"wp","href":"https:\/\/api.w.org\/{rel}","templated":true}]}}