{"id":10021,"date":"2020-08-26T15:08:05","date_gmt":"2020-08-26T15:08:05","guid":{"rendered":"http:\/\/elterritorialweb.com.ar\/web\/?p=10021"},"modified":"2020-08-26T15:08:34","modified_gmt":"2020-08-26T15:08:34","slug":"la-comuna-entrego-indumentaria-y-equipos-de-seguridad-a-los-operarios-de-la-direccion-de-electricidad","status":"publish","type":"post","link":"https:\/\/elterritorialweb.com.ar\/web\/la-comuna-entrego-indumentaria-y-equipos-de-seguridad-a-los-operarios-de-la-direccion-de-electricidad\/","title":{"rendered":"LA COMUNA ENTREG\u00d3 INDUMENTARIA Y EQUIPOS DE SEGURIDAD A LOS OPERARIOS DE LA DIRECCI\u00d3N DE ELECTRICIDAD"},"content":{"rendered":"\n<p>La intendente otorg\u00f3 camperas, guantes, chalecos refractarios, anteojos de seguridad, cascos aislados con mentonera, botas de agua, entre otros elementos a los empleados, adem\u00e1s de conos de se\u00f1alizaci\u00f3n que se utilizan para delimitar el \u00e1rea de trabajo y desviar el tr\u00e1nsi<br>\u00abQuiero aprovechar para recordarles a todos el momento que estamos viviendo, exaltando los cuidados con los que venimos trabajando y consolidando el concepto de burbuja laboral, que nos permite seguir prestando servicios con la seguridad de que nos estamos cuidando entre todos\u00bb, expres\u00f3.<br>La Ing. Fuentes agreg\u00f3 que \u00abes una satisfacci\u00f3n y un compromiso entregar tambi\u00e9n camperas al personal\u201d que realiza sus tareas al aire libre, dentro del programa que tiene la Municipalidad para todas las reparticiones.<br>Adem\u00e1s, la intendente inst\u00f3 a los empleados a continuar respetando los protocolos sanitarios tanto en el \u00e1mbito laboral como en el comunitario para evitar los contagios del Covid \u2013 19, al resaltar el esfuerzo diario porque actualmente el municipio se mantiene operativo con el 60% de su personal, ya que el resto no puede concurrir porque tiene alg\u00fan factor de riesgo en su salud y podr\u00eda complicarse por el coronavirus.<br>Por su parte, el director de Electricidad, Ing. Marcelo Aguilar, indic\u00f3 que la intendente Fuentes cumpli\u00f3 una vez m\u00e1s con la entrega de los equipamientos para seguridad de la planta de Electricidad de este a\u00f1o lo que permite que no solo est\u00e9n identificados sino tambi\u00e9n con los elementos necesarios para desempe\u00f1arse al servicio de los vecinos.<\/p>\n","protected":false},"excerpt":{"rendered":"<p>La jefa comunal, Ing. Norma Fuentes, entreg\u00f3 indumentaria y equipos de seguridad a los operarios de la Direcci\u00f3n de Electricidad, de quienes valor\u00f3 el compromiso por la tarea que desempe\u00f1an en el contexto de la pandemia del coronavirus.<\/p>\n","protected":false},"author":2,"featured_media":10022,"comment_status":"open","ping_status":"open","sticky":false,"template":"","format":"standard","meta":{"om_disable_all_campaigns":false,"_monsterinsights_skip_tracking":false,"_monsterinsights_sitenote_active":false,"_monsterinsights_sitenote_note":"","_monsterinsights_sitenote_category":0,"_uf_show_specific_survey":0,"_uf_disable_surveys":false,"jetpack_post_was_ever_published":false,"_jetpack_newsletter_access":"","_jetpack_dont_email_post_to_subs":false,"_jetpack_newsletter_tier_id":0,"_jetpack_memberships_contains_paywalled_content":false,"_jetpack_memberships_contains_paid_content":false,"footnotes":"","jetpack_publicize_message":"","jetpack_publicize_feature_enabled":true,"jetpack_social_post_already_shared":false,"jetpack_social_options":{"image_generator_settings":{"template":"highway","default_image_id":0,"font":"","enabled":false},"version":2}},"categories":[21],"tags":[],"class_list":["post-10021","post","type-post","status-publish","format-standard","has-post-thumbnail","hentry","category-locales"],"aioseo_notices":[],"views":5,"jetpack_publicize_connections":[],"jetpack_featured_media_url":"https:\/\/i0.wp.com\/elterritorialweb.com.ar\/web\/wp-content\/uploads\/2020\/08\/MUNI-ELECTRICIDAD.jpg?fit=960%2C653&ssl=1","jetpack_sharing_enabled":true,"_links":{"self":[{"href":"https:\/\/elterritorialweb.com.ar\/web\/wp-json\/wp\/v2\/posts\/10021","targetHints":{"allow":["GET"]}}],"collection":[{"href":"https:\/\/elterritorialweb.com.ar\/web\/wp-json\/wp\/v2\/posts"}],"about":[{"href":"https:\/\/elterritorialweb.com.ar\/web\/wp-json\/wp\/v2\/types\/post"}],"author":[{"embeddable":true,"href":"https:\/\/elterritorialweb.com.ar\/web\/wp-json\/wp\/v2\/users\/2"}],"replies":[{"embeddable":true,"href":"https:\/\/elterritorialweb.com.ar\/web\/wp-json\/wp\/v2\/comments?post=10021"}],"version-history":[{"count":1,"href":"https:\/\/elterritorialweb.com.ar\/web\/wp-json\/wp\/v2\/posts\/10021\/revisions"}],"predecessor-version":[{"id":10023,"href":"https:\/\/elterritorialweb.com.ar\/web\/wp-json\/wp\/v2\/posts\/10021\/revisions\/10023"}],"wp:featuredmedia":[{"embeddable":true,"href":"https:\/\/elterritorialweb.com.ar\/web\/wp-json\/wp\/v2\/media\/10022"}],"wp:attachment":[{"href":"https:\/\/elterritorialweb.com.ar\/web\/wp-json\/wp\/v2\/media?parent=10021"}],"wp:term":[{"taxonomy":"category","embeddable":true,"href":"https:\/\/elterritorialweb.com.ar\/web\/wp-json\/wp\/v2\/categories?post=10021"},{"taxonomy":"post_tag","embeddable":true,"href":"https:\/\/elterritorialweb.com.ar\/web\/wp-json\/wp\/v2\/tags?post=10021"}],"curies":[{"name":"wp","href":"https:\/\/api.w.org\/{rel}","templated":true}]}}