{"id":10117,"date":"2020-08-28T18:40:56","date_gmt":"2020-08-28T18:40:56","guid":{"rendered":"http:\/\/elterritorialweb.com.ar\/web\/?p=10117"},"modified":"2020-08-28T18:40:57","modified_gmt":"2020-08-28T18:40:57","slug":"frias-padula-visito-obra-de-refaccion-y-mejoras-del-centro-comercial-en-el-barrio-24-de-septiembre","status":"publish","type":"post","link":"https:\/\/elterritorialweb.com.ar\/web\/frias-padula-visito-obra-de-refaccion-y-mejoras-del-centro-comercial-en-el-barrio-24-de-septiembre\/","title":{"rendered":"FR\u00cdAS: PADULA VISIT\u00d3 OBRA DE REFACCI\u00d3N Y MEJORAS DEL CENTRO COMERCIAL EN EL BARRIO 24 DE SEPTIEMBRE"},"content":{"rendered":"\n<p>FR\u00cdAS<\/p>\n\n\n\n<p>El intendente Dr. Astor An\u00edbal Padula recorri\u00f3 esta ma\u00f1ana, junto a concejales y funcionarios las obras de refacci\u00f3n de las instalaciones del Centro Comercial del Barrio 24 Septiembre, donde pudo dialogar con vecinos y con representantes de la Junta Vecinal del mencionado barrio, interioriz\u00e1ndose de variadas inquietudes y propuestas que tienen las familias y recibiendo el apoyo de las mismas para llevar a cabo las tareas realizadas.<\/p>\n\n\n\n<figure class=\"wp-block-image size-large\"><img data-recalc-dims=\"1\" decoding=\"async\" width=\"640\" height=\"427\" data-src=\"https:\/\/i0.wp.com\/elterritorialweb.com.ar\/web\/wp-content\/uploads\/2020\/08\/PADULA-VISITA-OBRA-EN-EL-BARRIO-24-DE-SEPT-1.jpg?resize=640%2C427\" alt=\"\" class=\"wp-image-10119 lazyload\" data-srcset=\"https:\/\/i0.wp.com\/elterritorialweb.com.ar\/web\/wp-content\/uploads\/2020\/08\/PADULA-VISITA-OBRA-EN-EL-BARRIO-24-DE-SEPT-1.jpg?w=960&amp;ssl=1 960w, https:\/\/i0.wp.com\/elterritorialweb.com.ar\/web\/wp-content\/uploads\/2020\/08\/PADULA-VISITA-OBRA-EN-EL-BARRIO-24-DE-SEPT-1.jpg?resize=300%2C200&amp;ssl=1 300w, https:\/\/i0.wp.com\/elterritorialweb.com.ar\/web\/wp-content\/uploads\/2020\/08\/PADULA-VISITA-OBRA-EN-EL-BARRIO-24-DE-SEPT-1.jpg?resize=768%2C512&amp;ssl=1 768w, https:\/\/i0.wp.com\/elterritorialweb.com.ar\/web\/wp-content\/uploads\/2020\/08\/PADULA-VISITA-OBRA-EN-EL-BARRIO-24-DE-SEPT-1.jpg?resize=675%2C450&amp;ssl=1 675w\" data-sizes=\"(max-width: 640px) 100vw, 640px\" src=\"data:image\/svg+xml;base64,PHN2ZyB3aWR0aD0iMSIgaGVpZ2h0PSIxIiB4bWxucz0iaHR0cDovL3d3dy53My5vcmcvMjAwMC9zdmciPjwvc3ZnPg==\" style=\"--smush-placeholder-width: 640px; --smush-placeholder-aspect-ratio: 640\/427;\" \/><\/figure>\n\n\n\n<p>\u201cVenimos aqu\u00ed con los concejales A\u00edda Tahuil, Sebasti\u00e1n Quieroga y la concejal Luc\u00eda Vald\u00e9z, quien adem\u00e1s es una vecina de este barrio y quien tambi\u00e9n fue nuestro canal para las peticiones de los vecinos. Hoy continuamos trabajando en este barrio, el a\u00f1o pasado remodelamos la Plaza \u201cEmilio Barrionuevo\u201d, y ahora estamos realizando mejoras en un espacio que estaba abandonado y olvidado hace muchos a\u00f1os que es el Centro Comercial del Barrio \u201c24 de Septiembre\u201d manifest\u00f3 el intendente Dr. Astor An\u00edbal Padula.<\/p>\n\n\n\n<p><strong>GUARDIA URBANA MUNICIPAL<\/strong><\/p>\n\n\n\n<p>El jefe comunal resalt\u00f3 que \u201cno s\u00f3lo estamos realizando un nuevo parquizado, caminer\u00edas, iluminaci\u00f3n y embellecimiento del lugar, sino tambi\u00e9n queremos hacer el anuncio que en este lugar vamos a poner en funcionamiento la primera oficina de la Guardia Urbana Municipal. La seguridad es un pedido de los vecinos y vamos a cumplir con ellos.<br>Este lugar recuperado permitir\u00e1 a todos los vecinos poder disfrutar de cada espacio, como lo estamos haciendo en este lugar y decirle a todos los ciudadanos de Fr\u00edas que continuaremos trabajando en todos los barrios de la ciudad\u201d.<\/p>\n\n\n\n<figure class=\"wp-block-image size-large\"><img data-recalc-dims=\"1\" decoding=\"async\" width=\"640\" height=\"427\" data-src=\"https:\/\/i0.wp.com\/elterritorialweb.com.ar\/web\/wp-content\/uploads\/2020\/08\/PADULA-VISITA-OBRA-EN-EL-BARRIO-24-DE-SEPT-2.jpg?resize=640%2C427\" alt=\"\" class=\"wp-image-10120 lazyload\" data-srcset=\"https:\/\/i0.wp.com\/elterritorialweb.com.ar\/web\/wp-content\/uploads\/2020\/08\/PADULA-VISITA-OBRA-EN-EL-BARRIO-24-DE-SEPT-2.jpg?w=960&amp;ssl=1 960w, https:\/\/i0.wp.com\/elterritorialweb.com.ar\/web\/wp-content\/uploads\/2020\/08\/PADULA-VISITA-OBRA-EN-EL-BARRIO-24-DE-SEPT-2.jpg?resize=300%2C200&amp;ssl=1 300w, https:\/\/i0.wp.com\/elterritorialweb.com.ar\/web\/wp-content\/uploads\/2020\/08\/PADULA-VISITA-OBRA-EN-EL-BARRIO-24-DE-SEPT-2.jpg?resize=768%2C512&amp;ssl=1 768w, https:\/\/i0.wp.com\/elterritorialweb.com.ar\/web\/wp-content\/uploads\/2020\/08\/PADULA-VISITA-OBRA-EN-EL-BARRIO-24-DE-SEPT-2.jpg?resize=675%2C450&amp;ssl=1 675w\" data-sizes=\"(max-width: 640px) 100vw, 640px\" src=\"data:image\/svg+xml;base64,PHN2ZyB3aWR0aD0iMSIgaGVpZ2h0PSIxIiB4bWxucz0iaHR0cDovL3d3dy53My5vcmcvMjAwMC9zdmciPjwvc3ZnPg==\" style=\"--smush-placeholder-width: 640px; --smush-placeholder-aspect-ratio: 640\/427;\" \/><\/figure>\n\n\n\n<p>Por su parte, la concejal Prof. Luc\u00eda Vald\u00e9z manifest\u00f3 su alegr\u00eda por las obras que se que se est\u00e1n haciendo en el barrio.<br>\u201cEste es un lugar que estuvo hist\u00f3ricamente abandonado. Ac\u00e1 pasaron diferentes gobiernos municipales donde pedimos siempre, la pavimentaci\u00f3n de la calle Esqui\u00fa desde Pellegrini a \u201c1\u00ba de Mayo, nunca tuvimos respuestas. Pedimos por el mejoramiento de la zona y tampoco la tuvimos. Felizmente, hoy, puedo decir como vecina y concejal que me siento enormemente complacida de ver que se nos ha escuchado y se ha puesto la mirada en este sector de la ciudad. Realmente ser\u00e1 beneficioso para much\u00edsima gente y la Guardia Urbana Municipal seguro que contribuir\u00e1 con la seguridad del barrio. Aprovecho adem\u00e1s para pedirle a los vecinos del barrio que nos organicemos, porque esto debe ser un trabajo en conjunto y con la sumatoria de esfuerzos siempre se logran mejores resultados\u201d.<\/p>\n\n\n\n<p>El intendente recorri\u00f3 adem\u00e1s otros sectores de este barrio inmediatos a las obras del Centro Comercial, por ejemplo la Plaza hasta calle Pellegrini y las edificios funciona la Banda de M\u00fasica Municipal, la Subsede de la UNSE, la Capilla San Cayetano y la Comisar\u00eda del Menor y la Mujer.<\/p>\n\n\n\n<p>El objetivo de los trabajos que se llevan a cabo en este barrio es poder terminarlos en el mes de septiembre y ponerlos a disposici\u00f3n para el aprovechamiento de todas las familias del sector noroeste de la ciudad de Fr\u00edas.<\/p>\n","protected":false},"excerpt":{"rendered":"<p>MUNICIPALIDAD DE FR\u00cdAS<\/p>\n","protected":false},"author":2,"featured_media":10118,"comment_status":"open","ping_status":"open","sticky":false,"template":"","format":"standard","meta":{"om_disable_all_campaigns":false,"_monsterinsights_skip_tracking":false,"_monsterinsights_sitenote_active":false,"_monsterinsights_sitenote_note":"","_monsterinsights_sitenote_category":0,"_uf_show_specific_survey":0,"_uf_disable_surveys":false,"jetpack_post_was_ever_published":false,"_jetpack_newsletter_access":"","_jetpack_dont_email_post_to_subs":false,"_jetpack_newsletter_tier_id":0,"_jetpack_memberships_contains_paywalled_content":false,"_jetpack_memberships_contains_paid_content":false,"footnotes":"","jetpack_publicize_message":"","jetpack_publicize_feature_enabled":true,"jetpack_social_post_already_shared":false,"jetpack_social_options":{"image_generator_settings":{"template":"highway","default_image_id":0,"font":"","enabled":false},"version":2}},"categories":[21],"tags":[],"class_list":["post-10117","post","type-post","status-publish","format-standard","has-post-thumbnail","hentry","category-locales"],"aioseo_notices":[],"views":8,"jetpack_publicize_connections":[],"jetpack_featured_media_url":"https:\/\/i0.wp.com\/elterritorialweb.com.ar\/web\/wp-content\/uploads\/2020\/08\/PADULA-VISITA-OBRA-EN-EL-BARRIO-24-DE-SEPT.jpg?fit=960%2C640&ssl=1","jetpack_sharing_enabled":true,"_links":{"self":[{"href":"https:\/\/elterritorialweb.com.ar\/web\/wp-json\/wp\/v2\/posts\/10117","targetHints":{"allow":["GET"]}}],"collection":[{"href":"https:\/\/elterritorialweb.com.ar\/web\/wp-json\/wp\/v2\/posts"}],"about":[{"href":"https:\/\/elterritorialweb.com.ar\/web\/wp-json\/wp\/v2\/types\/post"}],"author":[{"embeddable":true,"href":"https:\/\/elterritorialweb.com.ar\/web\/wp-json\/wp\/v2\/users\/2"}],"replies":[{"embeddable":true,"href":"https:\/\/elterritorialweb.com.ar\/web\/wp-json\/wp\/v2\/comments?post=10117"}],"version-history":[{"count":1,"href":"https:\/\/elterritorialweb.com.ar\/web\/wp-json\/wp\/v2\/posts\/10117\/revisions"}],"predecessor-version":[{"id":10121,"href":"https:\/\/elterritorialweb.com.ar\/web\/wp-json\/wp\/v2\/posts\/10117\/revisions\/10121"}],"wp:featuredmedia":[{"embeddable":true,"href":"https:\/\/elterritorialweb.com.ar\/web\/wp-json\/wp\/v2\/media\/10118"}],"wp:attachment":[{"href":"https:\/\/elterritorialweb.com.ar\/web\/wp-json\/wp\/v2\/media?parent=10117"}],"wp:term":[{"taxonomy":"category","embeddable":true,"href":"https:\/\/elterritorialweb.com.ar\/web\/wp-json\/wp\/v2\/categories?post=10117"},{"taxonomy":"post_tag","embeddable":true,"href":"https:\/\/elterritorialweb.com.ar\/web\/wp-json\/wp\/v2\/tags?post=10117"}],"curies":[{"name":"wp","href":"https:\/\/api.w.org\/{rel}","templated":true}]}}