{"id":10122,"date":"2020-08-28T18:48:25","date_gmt":"2020-08-28T18:48:25","guid":{"rendered":"http:\/\/elterritorialweb.com.ar\/web\/?p=10122"},"modified":"2020-08-28T18:48:26","modified_gmt":"2020-08-28T18:48:26","slug":"el-intendente-mirolo-participo-del-primer-encuentro-nacional-de-gobiernos-locales","status":"publish","type":"post","link":"https:\/\/elterritorialweb.com.ar\/web\/el-intendente-mirolo-participo-del-primer-encuentro-nacional-de-gobiernos-locales\/","title":{"rendered":"EL INTENDENTE MIROLO PARTICIP\u00d3 DEL PRIMER ENCUENTRO NACIONAL DE GOBIERNOS LOCALES"},"content":{"rendered":"\n<p>LA BANDA<\/p>\n\n\n\n<p>El mandatario bande\u00f1o fue uno de los invitados especiales a la videoconferencia que cont\u00f3 con la presencia del ministro de Trabajo, Empleo y Seguridad, Claudio Moroni; adem\u00e1s del presidente de la Federaci\u00f3n Argentina de Municipios (FAM), Javier Noguera, y del secretario ejecutivo de la Federaci\u00f3n Latinoamericana de Municipios, Ciudades y Asociaciones de Gobiernos Locales, Sergio Arredondo.<\/p>\n\n\n\n<p>Junto con Mirolo estuvieron los intendentes de Bariloche (R\u00edo Negro), Gustavo Gennuso; de Ca\u00f1ada de G\u00f3mez (Santa Fe), Stella Cl\u00e9rici; de Nogol\u00ed (San Luis), Claudia Pinelli, y de Malvinas Argentinas (Buenos Aires), Leonardo Nardini.<\/p>\n\n\n\n<p>Seg\u00fan explic\u00f3 el intendente de La Banda, \u201cesta convocatoria busca involucrar los diferentes municipios argentinos en tiempos de pandemia y compartir experiencias, ofreciendo nuevas respuestas a un pensar global a trav\u00e9s de un actuar local\u201d, motivo por el cual destac\u00f3 la presencia de la Federaci\u00f3n Latinoamericana de Ciudades, Municipios y Asociaciones Municipalistas, \u201cque acompa\u00f1a este encuentro en el que se busca impulsar reformas institucionales para mejorar el servicio a los ciudadanos\u201d.<\/p>\n\n\n\n<p>Adem\u00e1s, el presidente de FLACMA, Sergio Arredondo, reconoci\u00f3 las experiencias municipales en Argentina por su trabajo de di\u00e1logo articulado entre los diferentes \u00f3rdenes estatales. Adem\u00e1s, las mesas abiertas para construir nuevas pol\u00edticas p\u00fablicas ante esta emergencia mundial, es un precedente de liderazgo a nivel latinoamericano.<\/p>\n\n\n\n<p>En su exposici\u00f3n, Mirolo hizo un repaso de todo el trabajo que se viene realizando en La Banda, donde mencion\u00f3 la tarea de la Oficina de Empleo Municipal que ofrece talleres y capacitaci\u00f3n para generar fuentes genuinas de trabajo en espacios p\u00fablicos y privados. Tambi\u00e9n destac\u00f3 el impulso a los emprendedores a trav\u00e9s de programas de asistencia con equipamiento y asesor\u00eda.<\/p>\n\n\n\n<p>Todo esto sin desatender las prestaciones b\u00e1sicas de la comuna, como la higiene, el ordenamiento y la ejecuci\u00f3n de obras de infraestructura como pavimentaci\u00f3n, arbolado, iluminaci\u00f3n, entre otras.<\/p>\n","protected":false},"excerpt":{"rendered":"<p>El intendente Pablo Mirolo particip\u00f3 este viernes del Primer Encuentro Nacional de Gobiernos Locales, organizado en el marco de las Mesas Abiertas para el Trabajo y el Empleo.<\/p>\n","protected":false},"author":2,"featured_media":10123,"comment_status":"open","ping_status":"open","sticky":false,"template":"","format":"standard","meta":{"om_disable_all_campaigns":false,"_monsterinsights_skip_tracking":false,"_monsterinsights_sitenote_active":false,"_monsterinsights_sitenote_note":"","_monsterinsights_sitenote_category":0,"_uf_show_specific_survey":0,"_uf_disable_surveys":false,"jetpack_post_was_ever_published":false,"_jetpack_newsletter_access":"","_jetpack_dont_email_post_to_subs":false,"_jetpack_newsletter_tier_id":0,"_jetpack_memberships_contains_paywalled_content":false,"_jetpack_memberships_contains_paid_content":false,"footnotes":"","jetpack_publicize_message":"","jetpack_publicize_feature_enabled":true,"jetpack_social_post_already_shared":false,"jetpack_social_options":{"image_generator_settings":{"template":"highway","default_image_id":0,"font":"","enabled":false},"version":2}},"categories":[21],"tags":[],"class_list":["post-10122","post","type-post","status-publish","format-standard","has-post-thumbnail","hentry","category-locales"],"aioseo_notices":[],"views":5,"jetpack_publicize_connections":[],"jetpack_featured_media_url":"https:\/\/i0.wp.com\/elterritorialweb.com.ar\/web\/wp-content\/uploads\/2020\/08\/MIROLO-VIDEOCONFERENCIA.jpeg?fit=1030%2C773&ssl=1","jetpack_sharing_enabled":true,"_links":{"self":[{"href":"https:\/\/elterritorialweb.com.ar\/web\/wp-json\/wp\/v2\/posts\/10122","targetHints":{"allow":["GET"]}}],"collection":[{"href":"https:\/\/elterritorialweb.com.ar\/web\/wp-json\/wp\/v2\/posts"}],"about":[{"href":"https:\/\/elterritorialweb.com.ar\/web\/wp-json\/wp\/v2\/types\/post"}],"author":[{"embeddable":true,"href":"https:\/\/elterritorialweb.com.ar\/web\/wp-json\/wp\/v2\/users\/2"}],"replies":[{"embeddable":true,"href":"https:\/\/elterritorialweb.com.ar\/web\/wp-json\/wp\/v2\/comments?post=10122"}],"version-history":[{"count":1,"href":"https:\/\/elterritorialweb.com.ar\/web\/wp-json\/wp\/v2\/posts\/10122\/revisions"}],"predecessor-version":[{"id":10124,"href":"https:\/\/elterritorialweb.com.ar\/web\/wp-json\/wp\/v2\/posts\/10122\/revisions\/10124"}],"wp:featuredmedia":[{"embeddable":true,"href":"https:\/\/elterritorialweb.com.ar\/web\/wp-json\/wp\/v2\/media\/10123"}],"wp:attachment":[{"href":"https:\/\/elterritorialweb.com.ar\/web\/wp-json\/wp\/v2\/media?parent=10122"}],"wp:term":[{"taxonomy":"category","embeddable":true,"href":"https:\/\/elterritorialweb.com.ar\/web\/wp-json\/wp\/v2\/categories?post=10122"},{"taxonomy":"post_tag","embeddable":true,"href":"https:\/\/elterritorialweb.com.ar\/web\/wp-json\/wp\/v2\/tags?post=10122"}],"curies":[{"name":"wp","href":"https:\/\/api.w.org\/{rel}","templated":true}]}}