{"id":10125,"date":"2020-08-28T22:11:25","date_gmt":"2020-08-28T22:11:25","guid":{"rendered":"http:\/\/elterritorialweb.com.ar\/web\/?p=10125"},"modified":"2020-08-28T22:29:33","modified_gmt":"2020-08-28T22:29:33","slug":"fernandez-abogo-por-un-pais-mas-federal-y-destaco-el-acompanamiento-de-los-24-gobernadores","status":"publish","type":"post","link":"https:\/\/elterritorialweb.com.ar\/web\/fernandez-abogo-por-un-pais-mas-federal-y-destaco-el-acompanamiento-de-los-24-gobernadores\/","title":{"rendered":"FERN\u00c1NDEZ ABOG\u00d3 POR UN PA\u00cdS \u00abM\u00c1S FEDERAL\u00bb Y DESTAC\u00d3 EL \u00abACOMPA\u00d1AMIENTO\u00bb DE LOS 24 GOBERNADORES"},"content":{"rendered":"\n<p>El jefe de Estado hizo estas declaraciones al anunciar la firma del acuerdo federal para la puesta en marcha de la Hidrov\u00eda Paran\u00e1-Paraguay, en un acto realizado junto a gobernadores en la localidad de Puerto San Mart\u00edn, en la provincia de Santa Fe.<\/p>\n\n\n\n<p>\u00abEs hora que Buenos Aires le d\u00e9 al pa\u00eds todo lo que recibi\u00f3 para hacer un pa\u00eds sin desigualdades y desequilibrios\u201d, dijo el mandatario.<\/p>\n\n\n\n<p>Agreg\u00f3 que lleg\u00f3 el momento de que \u00abArgentina crezca con otra l\u00f3gica, con otro equilibrio y el desarrollo se extienda\u00bb por todo el pa\u00eds, al celebrar que la hidrov\u00eda quede en manos de las provincias.<\/p>\n\n\n\n<p>Participaron del acto, a orillas del r\u00edo Paran\u00e1, los gobernadores Axel Kicillof (Buenos Aires), Omar Perotti (Santa Fe), Gustavo Vald\u00e9s (Corrientes), Gustavo Bordet (Entre R\u00edos), Jorge Capitanich (Chaco), Oscar Herrera Ahuad (Misiones) y Gildo Insfr\u00e1n (Formosa).<\/p>\n\n\n\n<p>\u201cArgentina debe comenzar a funcionar como un pa\u00eds federal y descentralizarse para que el poder est\u00e9 tambi\u00e9n en el interior\u201d, asumi\u00f3.<\/p>\n\n\n\n<p>En este contexto, destac\u00f3 el acompa\u00f1amiento de los 24 gobernadores en momentos \u00abmuy dif\u00edciles\u00bb y asumi\u00f3 que ahora el problema de la pandemia \u00abno es solo del AMBA\u00bb, sino de muchas provincias que vieron crecer sus casos, lo que exige \u00abvolcar la mirada al interior del pa\u00eds\u00bb.<\/p>\n\n\n\n<p>\u00abNo vamos a dejarlos solos\u00bb, remarc\u00f3 el mandatario tras mencionar que los casos en el AMBA han llegado a un amesetamiento y que comenzaron a presentarse casos en provincias del interior del pa\u00eds.<\/p>\n\n\n\n<p>El presidente Fern\u00e1ndez estuvo hoy reunido con el gobernador Kicillof y con el jefe de Gobierno porte\u00f1o Horacio Rodr\u00edguez Larreta, previo al anuncio de la pr\u00f3rroga del aislamiento social, preventivo y obligatorio, en el que las provincias tendr\u00e1n un lugar central debido al crecimiento de casos.<\/p>\n\n\n\n<figure class=\"wp-block-embed-youtube wp-block-embed is-type-video is-provider-youtube wp-embed-aspect-16-9 wp-has-aspect-ratio\"><div class=\"wp-block-embed__wrapper\">\n<iframe title=\"El presidente encabez\u00f3 la firma del Acuerdo Federal de la Hidrov\u00eda Paraguay-Paran\u00e1\" width=\"640\" height=\"360\" data-src=\"https:\/\/www.youtube.com\/embed\/9OIjovoyjQs?feature=oembed\" frameborder=\"0\" allow=\"accelerometer; autoplay; clipboard-write; encrypted-media; gyroscope; picture-in-picture; web-share\" referrerpolicy=\"strict-origin-when-cross-origin\" allowfullscreen src=\"data:image\/svg+xml;base64,PHN2ZyB3aWR0aD0iMSIgaGVpZ2h0PSIxIiB4bWxucz0iaHR0cDovL3d3dy53My5vcmcvMjAwMC9zdmciPjwvc3ZnPg==\" class=\"lazyload\" data-load-mode=\"1\"><\/iframe>\n<\/div><\/figure>\n","protected":false},"excerpt":{"rendered":"<p>El presidente Alberto Fern\u00e1ndez abog\u00f3 por un pa\u00eds \u00abm\u00e1s federal\u00bb, destac\u00f3 el \u00abacompa\u00f1amiento\u00bb de los 24 gobernadores y les dijo que el crecimiento de contagios de coronavirus en las provincias \u00abexige volcar la mirada al interior del pa\u00eds\u00bb.<\/p>\n","protected":false},"author":2,"featured_media":10126,"comment_status":"open","ping_status":"open","sticky":false,"template":"","format":"standard","meta":{"om_disable_all_campaigns":false,"_monsterinsights_skip_tracking":false,"_monsterinsights_sitenote_active":false,"_monsterinsights_sitenote_note":"","_monsterinsights_sitenote_category":0,"_uf_show_specific_survey":0,"_uf_disable_surveys":false,"jetpack_post_was_ever_published":false,"_jetpack_newsletter_access":"","_jetpack_dont_email_post_to_subs":false,"_jetpack_newsletter_tier_id":0,"_jetpack_memberships_contains_paywalled_content":false,"_jetpack_memberships_contains_paid_content":false,"footnotes":"","jetpack_publicize_message":"","jetpack_publicize_feature_enabled":true,"jetpack_social_post_already_shared":false,"jetpack_social_options":{"image_generator_settings":{"template":"highway","default_image_id":0,"font":"","enabled":false},"version":2}},"categories":[18],"tags":[],"class_list":["post-10125","post","type-post","status-publish","format-standard","has-post-thumbnail","hentry","category-politica"],"aioseo_notices":[],"views":3,"jetpack_publicize_connections":[],"jetpack_featured_media_url":"https:\/\/i0.wp.com\/elterritorialweb.com.ar\/web\/wp-content\/uploads\/2020\/08\/2020-08-28-2.png?fit=852%2C479&ssl=1","jetpack_sharing_enabled":true,"_links":{"self":[{"href":"https:\/\/elterritorialweb.com.ar\/web\/wp-json\/wp\/v2\/posts\/10125","targetHints":{"allow":["GET"]}}],"collection":[{"href":"https:\/\/elterritorialweb.com.ar\/web\/wp-json\/wp\/v2\/posts"}],"about":[{"href":"https:\/\/elterritorialweb.com.ar\/web\/wp-json\/wp\/v2\/types\/post"}],"author":[{"embeddable":true,"href":"https:\/\/elterritorialweb.com.ar\/web\/wp-json\/wp\/v2\/users\/2"}],"replies":[{"embeddable":true,"href":"https:\/\/elterritorialweb.com.ar\/web\/wp-json\/wp\/v2\/comments?post=10125"}],"version-history":[{"count":2,"href":"https:\/\/elterritorialweb.com.ar\/web\/wp-json\/wp\/v2\/posts\/10125\/revisions"}],"predecessor-version":[{"id":10128,"href":"https:\/\/elterritorialweb.com.ar\/web\/wp-json\/wp\/v2\/posts\/10125\/revisions\/10128"}],"wp:featuredmedia":[{"embeddable":true,"href":"https:\/\/elterritorialweb.com.ar\/web\/wp-json\/wp\/v2\/media\/10126"}],"wp:attachment":[{"href":"https:\/\/elterritorialweb.com.ar\/web\/wp-json\/wp\/v2\/media?parent=10125"}],"wp:term":[{"taxonomy":"category","embeddable":true,"href":"https:\/\/elterritorialweb.com.ar\/web\/wp-json\/wp\/v2\/categories?post=10125"},{"taxonomy":"post_tag","embeddable":true,"href":"https:\/\/elterritorialweb.com.ar\/web\/wp-json\/wp\/v2\/tags?post=10125"}],"curies":[{"name":"wp","href":"https:\/\/api.w.org\/{rel}","templated":true}]}}