{"id":10129,"date":"2020-08-28T22:49:39","date_gmt":"2020-08-28T22:49:39","guid":{"rendered":"http:\/\/elterritorialweb.com.ar\/web\/?p=10129"},"modified":"2020-08-28T22:50:34","modified_gmt":"2020-08-28T22:50:34","slug":"ofrecimiento-para-la-cobertura-de-cargos-y-horas-catedras-titulares-y-suplentes-para-nivel-secundario-y-superior","status":"publish","type":"post","link":"https:\/\/elterritorialweb.com.ar\/web\/ofrecimiento-para-la-cobertura-de-cargos-y-horas-catedras-titulares-y-suplentes-para-nivel-secundario-y-superior\/","title":{"rendered":"COBERTURA DE CARGOS Y HORAS C\u00c1TEDRAS TITULARES Y SUPLENTES PARA NIVEL SECUNDARIO Y SUPERIOR"},"content":{"rendered":"\n<p>El <strong>Consejo General de Educaci\u00f3n<\/strong> a trav\u00e9s de la <strong>Direcci\u00f3n General de Nivel Secundario y Direcci\u00f3n General de Nivel Superior<\/strong>, informa a los docentes inscriptos y clasificados en Listado de Orden de M\u00e9rito 2020, elaborado por la Junta de Calificaciones y Clasificaciones de Nivel Secundario y de Nivel Superior que, en el marco de las medidas sanitarias establecidas por COVID &#8211; 19, se realizar\u00e1 el <strong>ofrecimiento para la cobertura de cargos y horas c\u00e1tedras titulares y suplentes a partir de las 00.00 hs. del d\u00eda S\u00e1bado 29 y hasta las 23.59 hs. del d\u00eda Domingo 30 de Agosto de 2020<\/strong>. Para\u00a0 dicho acto, los interesados deber\u00e1n ingresar al \u201cCONSEJO VIRTUAL\u201d a trav\u00e9s del portal oficial del Consejo General de Educaci\u00f3n: www.cgesantiago.gob.ar\u00a0 y registrar su opci\u00f3n. Las ofertas para el Nivel Secundario pertenecen a: Colegio Secundario \u201cAntonino Taboada\u201d de Clodomira, Dpto. Banda- Escuela de Comercio \u201cManuel Belgrano\u201d de Fr\u00edas, Dpto. Choya-Colegio Secundario \u201c2 de Abril\u201d de ciudad Capital-Colegio Secundario \u201cDr. Rene Favaloro\u201d de la ciudad de La Banda-Colegio Secundario \u201cJuan Manuel de Rosas\u201d de Real Sayana-Dpto. Avellaneda- Circuito de Itinerancia del Agrupamiento N \u00b0 166 de \u201cVaras Cuchuna\u201d, Dpto.Salavina-Colegio Secundario Agro t\u00e9cnico \u201cQuimili\u201d de Quimil\u00ed, Dpto. Moreno-Escuela Tecnica N\u00b0 7 de Las Termas de Rio Hondo, Dpto. Rio Hondo-Escuela de Especialidades Nocturna N\u00b0 4 \u201cEva Per\u00f3n\u201d de la ciudad Capital- C.E.N.S. N\u00b0 3 de Las Termas de Rio Hondo, Dpto. Rio Hondo-Colegio Secundario \u201cPara Juan XXII\u201d de Los Pirpintos, Dpto. Copo-Colegio Secundario \u201cDomingo F. Sarmiento\u201d de la ciudad Capital- Escuela T\u00e9cnica N\u00b0 1 de la ciudad Capital-C.E.N.S. N\u00b01 de la ciudad Capital y Colegio Secundario \u201cEl Moj\u00f3n\u201d de El Moj\u00f3n, Dpto. Pellegrini-Las ofertas para nivel Superior pertenecen a: E.S.P.E.A. N\u00b0 2 e I.S.P.P. N\u00b0 2 ambos de Fr\u00edas, Dpto. Choya-<\/p>\n","protected":false},"excerpt":{"rendered":"<p>CONSEJO GENERAL DE EDUCACI\u00d3N <\/p>\n","protected":false},"author":2,"featured_media":2607,"comment_status":"open","ping_status":"open","sticky":false,"template":"","format":"standard","meta":{"om_disable_all_campaigns":false,"_monsterinsights_skip_tracking":false,"_monsterinsights_sitenote_active":false,"_monsterinsights_sitenote_note":"","_monsterinsights_sitenote_category":0,"_uf_show_specific_survey":0,"_uf_disable_surveys":false,"jetpack_post_was_ever_published":false,"_jetpack_newsletter_access":"","_jetpack_dont_email_post_to_subs":false,"_jetpack_newsletter_tier_id":0,"_jetpack_memberships_contains_paywalled_content":false,"_jetpack_memberships_contains_paid_content":false,"footnotes":"","jetpack_publicize_message":"","jetpack_publicize_feature_enabled":true,"jetpack_social_post_already_shared":false,"jetpack_social_options":{"image_generator_settings":{"template":"highway","default_image_id":0,"font":"","enabled":false},"version":2}},"categories":[19],"tags":[],"class_list":["post-10129","post","type-post","status-publish","format-standard","has-post-thumbnail","hentry","category-educacion"],"aioseo_notices":[],"views":9,"jetpack_publicize_connections":[],"jetpack_featured_media_url":"https:\/\/i0.wp.com\/elterritorialweb.com.ar\/web\/wp-content\/uploads\/2020\/03\/CONSEJO-GRAL-EDUC.jpg?fit=275%2C183&ssl=1","jetpack_sharing_enabled":true,"_links":{"self":[{"href":"https:\/\/elterritorialweb.com.ar\/web\/wp-json\/wp\/v2\/posts\/10129","targetHints":{"allow":["GET"]}}],"collection":[{"href":"https:\/\/elterritorialweb.com.ar\/web\/wp-json\/wp\/v2\/posts"}],"about":[{"href":"https:\/\/elterritorialweb.com.ar\/web\/wp-json\/wp\/v2\/types\/post"}],"author":[{"embeddable":true,"href":"https:\/\/elterritorialweb.com.ar\/web\/wp-json\/wp\/v2\/users\/2"}],"replies":[{"embeddable":true,"href":"https:\/\/elterritorialweb.com.ar\/web\/wp-json\/wp\/v2\/comments?post=10129"}],"version-history":[{"count":2,"href":"https:\/\/elterritorialweb.com.ar\/web\/wp-json\/wp\/v2\/posts\/10129\/revisions"}],"predecessor-version":[{"id":10131,"href":"https:\/\/elterritorialweb.com.ar\/web\/wp-json\/wp\/v2\/posts\/10129\/revisions\/10131"}],"wp:featuredmedia":[{"embeddable":true,"href":"https:\/\/elterritorialweb.com.ar\/web\/wp-json\/wp\/v2\/media\/2607"}],"wp:attachment":[{"href":"https:\/\/elterritorialweb.com.ar\/web\/wp-json\/wp\/v2\/media?parent=10129"}],"wp:term":[{"taxonomy":"category","embeddable":true,"href":"https:\/\/elterritorialweb.com.ar\/web\/wp-json\/wp\/v2\/categories?post=10129"},{"taxonomy":"post_tag","embeddable":true,"href":"https:\/\/elterritorialweb.com.ar\/web\/wp-json\/wp\/v2\/tags?post=10129"}],"curies":[{"name":"wp","href":"https:\/\/api.w.org\/{rel}","templated":true}]}}