{"id":10132,"date":"2020-08-29T00:21:54","date_gmt":"2020-08-29T00:21:54","guid":{"rendered":"http:\/\/elterritorialweb.com.ar\/web\/?p=10132"},"modified":"2020-08-29T00:22:08","modified_gmt":"2020-08-29T00:22:08","slug":"vacuna-oxford-aseguran-que-las-primeras-dosis-estaran-disponibles-en-abril-del-proximo-ano","status":"publish","type":"post","link":"https:\/\/elterritorialweb.com.ar\/web\/vacuna-oxford-aseguran-que-las-primeras-dosis-estaran-disponibles-en-abril-del-proximo-ano\/","title":{"rendered":"VACUNA OXFORD: ASEGURAN QUE LAS PRIMERAS DOSIS ESTAR\u00c1N DISPONIBLES EN ABRIL DEL PR\u00d3XIMO A\u00d1O"},"content":{"rendered":"\n<p>Hugo Sigman, due\u00f1o del Grupo Insud al que pertenece la empresa mAbxience, y Alfredo Rimoch, director general del laboratorio mexicano Liomont, que liderar\u00e1n la producci\u00f3n de la vacuna contra el coronavirus de la Universidad de Oxford para su distribuci\u00f3n en Latinoam\u00e9rica, aseguraron que las primeras dosis estar\u00e1n disponibles en abril del pr\u00f3ximo a\u00f1o.<\/p>\n\n\n\n<p>\u00abNuestro objetivo es que a partir de marzo empecemos a fabricar el producto terminado, que ser\u00e1 distribuido de manera equitativa de acuerdo a la iniciativa de los gobiernos de Latinoam\u00e9rica y el Caribe\u00bb, dijo Rimoch, quien destac\u00f3 que \u00abde la \u00faltima etapa de venta y distribuci\u00f3n se har\u00e1 cargo AstraZeneca\u00bb, la farmac\u00e9utica sueco-inglesa que fabrica la vacuna de Oxford.<\/p>\n\n\n\n<p>Durante un webinar organizado por Hadassah Internacional denominado \u00abL\u00edderes por la salud y la humanidad\u00bb, del que participaron ambos empresarios,&nbsp;<strong>Sigman<\/strong>&nbsp;asegur\u00f3 que \u00abla vacuna terminar\u00e1 de producirse en marzo y podr\u00e1 comenzar a distribuirse en abril\u00bb.<\/p>\n\n\n\n<p>\u00abCuando la Fundaci\u00f3n Slim y la compa\u00f1\u00eda AstraZeneca nos convocaron, nos propusieron que la vacuna salga casi simult\u00e1neamente con el resto del mundo, ya que si no se fabricaba en Latinoam\u00e9rica y seguramente iba a llegar con seis, ocho o hasta 12 meses despu\u00e9s de haber salido en otras partes del mundo\u00bb, destac\u00f3 Sigman.<\/p>\n\n\n\n<p>A su turno, el director del laboratorio mexicano sostuvo que \u00abesperamos ya tener las primeras dosis de producto terminado alrededor del mes de marzo\u00bb y destac\u00f3 \u00abel trabajo, el reto y el desaf\u00edo tecnol\u00f3gico a alcanzar para que esto se haga una realidad\u00bb.<\/p>\n\n\n\n<p>\u00ab<strong>Estamos trabajando bajo objetivos muy r\u00edgidos, muy intensos, de organizaci\u00f3n en cuanto a preparar la infraestructura de las plantas para echar a andar la transferencia de tecnolog\u00eda que ser\u00e1 organizada desde la compa\u00f1\u00eda AstraZeneca hacia nosotros y arrancar este proceso sin saltar ninguna etapa\u00bb,<\/strong>&nbsp;plante\u00f3.<\/p>\n\n\n\n<p>Sobre este punto Sigman precis\u00f3 que como esta vacuna tendr\u00e1 un precio inferior al resto de las que est\u00e1n en desarrollo -alrededor de 4 d\u00f3lares- porque \u00ab<strong>se opt\u00f3 por una filosof\u00eda no lucrativa por parte del laboratorio<\/strong>, muchos gobiernos van a querer comprarla\u00bb.<\/p>\n\n\n\n<p><strong>\u00abNosotros no vamos a vender la vacuna, la va a vender AstraZeneca mientras dure la pandemia a este precio y s\u00f3lo a Gobiernos. No se va a vender la vacuna a privados\u00bb<\/strong>. sostuvo el empresario argentino.<\/p>\n\n\n\n<p>Asimismo, se\u00f1al\u00f3 que \u00ab<strong>mAbxience se comprometi\u00f3 con AstraZeneca a elaborar un m\u00ednimo de 150 millones y un m\u00e1ximo de 250 millones de dosis que se distribuir\u00e1n en toda Am\u00e9rica Latina, a excepci\u00f3n de Brasil que tiene un convenio particular<\/strong>\u00ab.<\/p>\n\n\n\n<p>\u00ab<strong>Los gobiernos van a vacunar primero a las personas de riesgo: adultos mayores, personal de salud, personas con otras enfermedades y el compromiso que est\u00e1 asumiendo AstraZeneca con todos los gobiernos es cubrir por lo menos el 20% de las necesidades que tienen los pa\u00edses, que es lo que va a permitir cubrir a esta poblaci\u00f3n de mayor riesgo<\/strong>\u00ab, a\u00f1adi\u00f3<\/p>\n\n\n\n<figure class=\"wp-block-embed-twitter wp-block-embed is-type-rich is-provider-twitter\"><div class=\"wp-block-embed__wrapper\">\n<blockquote class=\"twitter-tweet\" data-width=\"550\" data-dnt=\"true\"><p lang=\"es\" dir=\"ltr\">&quot;En el mundo que se viene la solidaridad y el esfuerzo de ayudar a los dem\u00e1s va a ser m\u00e1s necesario que nunca. En este sentido, tenemos una gran responsabilidad de cooperar en lo que podamos\u201d, destac\u00f3 <a href=\"https:\/\/twitter.com\/HugoSigman?ref_src=twsrc%5Etfw\">@HugoSigman<\/a> en &quot;L\u00edderes por la salud y la humanidad&quot; organizado por <a href=\"https:\/\/twitter.com\/Hadassah?ref_src=twsrc%5Etfw\">@Hadassah<\/a> <a href=\"https:\/\/t.co\/PfTNqNYKtf\">pic.twitter.com\/PfTNqNYKtf<\/a><\/p>&mdash; Insud (@Insud_Arg) <a href=\"https:\/\/twitter.com\/Insud_Arg\/status\/1299075474614816775?ref_src=twsrc%5Etfw\">August 27, 2020<\/a><\/blockquote><script async src=\"https:\/\/platform.twitter.com\/widgets.js\" charset=\"utf-8\"><\/script>\n<\/div><\/figure>\n","protected":false},"excerpt":{"rendered":"<p>Hugo Sigman, due\u00f1o del Grupo Insud al que pertenece la empresa mAbxience, y Alfredo Rimoch,&#8230;<\/p>\n","protected":false},"author":2,"featured_media":10133,"comment_status":"open","ping_status":"open","sticky":false,"template":"","format":"standard","meta":{"om_disable_all_campaigns":false,"_monsterinsights_skip_tracking":false,"_monsterinsights_sitenote_active":false,"_monsterinsights_sitenote_note":"","_monsterinsights_sitenote_category":0,"_uf_show_specific_survey":0,"_uf_disable_surveys":false,"jetpack_post_was_ever_published":false,"_jetpack_newsletter_access":"","_jetpack_dont_email_post_to_subs":false,"_jetpack_newsletter_tier_id":0,"_jetpack_memberships_contains_paywalled_content":false,"_jetpack_memberships_contains_paid_content":false,"footnotes":"","jetpack_publicize_message":"","jetpack_publicize_feature_enabled":true,"jetpack_social_post_already_shared":false,"jetpack_social_options":{"image_generator_settings":{"template":"highway","default_image_id":0,"font":"","enabled":false},"version":2}},"categories":[1],"tags":[],"class_list":["post-10132","post","type-post","status-publish","format-standard","has-post-thumbnail","hentry","category-sin-categoria"],"aioseo_notices":[],"views":4,"jetpack_publicize_connections":[],"jetpack_featured_media_url":"https:\/\/i0.wp.com\/elterritorialweb.com.ar\/web\/wp-content\/uploads\/2020\/08\/vacuna-oxford.jpg?fit=1004%2C565&ssl=1","jetpack_sharing_enabled":true,"_links":{"self":[{"href":"https:\/\/elterritorialweb.com.ar\/web\/wp-json\/wp\/v2\/posts\/10132","targetHints":{"allow":["GET"]}}],"collection":[{"href":"https:\/\/elterritorialweb.com.ar\/web\/wp-json\/wp\/v2\/posts"}],"about":[{"href":"https:\/\/elterritorialweb.com.ar\/web\/wp-json\/wp\/v2\/types\/post"}],"author":[{"embeddable":true,"href":"https:\/\/elterritorialweb.com.ar\/web\/wp-json\/wp\/v2\/users\/2"}],"replies":[{"embeddable":true,"href":"https:\/\/elterritorialweb.com.ar\/web\/wp-json\/wp\/v2\/comments?post=10132"}],"version-history":[{"count":1,"href":"https:\/\/elterritorialweb.com.ar\/web\/wp-json\/wp\/v2\/posts\/10132\/revisions"}],"predecessor-version":[{"id":10134,"href":"https:\/\/elterritorialweb.com.ar\/web\/wp-json\/wp\/v2\/posts\/10132\/revisions\/10134"}],"wp:featuredmedia":[{"embeddable":true,"href":"https:\/\/elterritorialweb.com.ar\/web\/wp-json\/wp\/v2\/media\/10133"}],"wp:attachment":[{"href":"https:\/\/elterritorialweb.com.ar\/web\/wp-json\/wp\/v2\/media?parent=10132"}],"wp:term":[{"taxonomy":"category","embeddable":true,"href":"https:\/\/elterritorialweb.com.ar\/web\/wp-json\/wp\/v2\/categories?post=10132"},{"taxonomy":"post_tag","embeddable":true,"href":"https:\/\/elterritorialweb.com.ar\/web\/wp-json\/wp\/v2\/tags?post=10132"}],"curies":[{"name":"wp","href":"https:\/\/api.w.org\/{rel}","templated":true}]}}