{"id":10135,"date":"2020-08-29T00:32:26","date_gmt":"2020-08-29T00:32:26","guid":{"rendered":"http:\/\/elterritorialweb.com.ar\/web\/?p=10135"},"modified":"2020-08-29T00:32:26","modified_gmt":"2020-08-29T00:32:26","slug":"confirman-dos-nuevas-muertes-por-coronavirus-en-la-provincia","status":"publish","type":"post","link":"https:\/\/elterritorialweb.com.ar\/web\/confirman-dos-nuevas-muertes-por-coronavirus-en-la-provincia\/","title":{"rendered":"CONFIRMAN DOS NUEVAS MUERTES POR CORONAVIRUS EN LA PROVINCIA"},"content":{"rendered":"\n<p>En la jornada de este s\u00e1bado,  el <strong>Ministerio de Salud de la provincia <\/strong>confirm\u00f3 el <strong>fallecimiento de dos personas por COVID-19<\/strong>. <\/p>\n\n\n\n<p>Se trata de un <strong>hombre de 56 a\u00f1os de la ciudad Capital<\/strong>, que se encontraba internado en la <strong>terapia intensiva del Hospital Independencia, en grave estado con asistencia respiratoria mec\u00e1nica.<\/strong><br>Y en la en horas de tarde, falleci\u00f3 <strong>una joven de 33 a\u00f1os con S\u00edndrome de Down e insuficiencia card\u00edaca que estaba internada en el CISB. <\/strong><\/p>\n\n\n\n<p>Con estos decesos, son<strong> 8 las personas fallecidas<\/strong> desde el inicio de la pandemia.<br><\/p>\n","protected":false},"excerpt":{"rendered":"<p>MINISTERIO DE SALUD DE LA PROVINCIA DE SANTIAGO DEL ESTERO<\/p>\n","protected":false},"author":2,"featured_media":9748,"comment_status":"open","ping_status":"open","sticky":false,"template":"","format":"standard","meta":{"om_disable_all_campaigns":false,"_monsterinsights_skip_tracking":false,"_monsterinsights_sitenote_active":false,"_monsterinsights_sitenote_note":"","_monsterinsights_sitenote_category":0,"_uf_show_specific_survey":0,"_uf_disable_surveys":false,"jetpack_post_was_ever_published":false,"_jetpack_newsletter_access":"","_jetpack_dont_email_post_to_subs":false,"_jetpack_newsletter_tier_id":0,"_jetpack_memberships_contains_paywalled_content":false,"_jetpack_memberships_contains_paid_content":false,"footnotes":"","jetpack_publicize_message":"","jetpack_publicize_feature_enabled":true,"jetpack_social_post_already_shared":false,"jetpack_social_options":{"image_generator_settings":{"template":"highway","default_image_id":0,"font":"","enabled":false},"version":2}},"categories":[3],"tags":[],"class_list":["post-10135","post","type-post","status-publish","format-standard","has-post-thumbnail","hentry","category-salud"],"aioseo_notices":[],"views":5,"jetpack_publicize_connections":[],"jetpack_featured_media_url":"https:\/\/i0.wp.com\/elterritorialweb.com.ar\/web\/wp-content\/uploads\/2020\/08\/NUEVOS-CASOS-20-DE-AGOSTO.jpg?fit=600%2C338&ssl=1","jetpack_sharing_enabled":true,"_links":{"self":[{"href":"https:\/\/elterritorialweb.com.ar\/web\/wp-json\/wp\/v2\/posts\/10135","targetHints":{"allow":["GET"]}}],"collection":[{"href":"https:\/\/elterritorialweb.com.ar\/web\/wp-json\/wp\/v2\/posts"}],"about":[{"href":"https:\/\/elterritorialweb.com.ar\/web\/wp-json\/wp\/v2\/types\/post"}],"author":[{"embeddable":true,"href":"https:\/\/elterritorialweb.com.ar\/web\/wp-json\/wp\/v2\/users\/2"}],"replies":[{"embeddable":true,"href":"https:\/\/elterritorialweb.com.ar\/web\/wp-json\/wp\/v2\/comments?post=10135"}],"version-history":[{"count":1,"href":"https:\/\/elterritorialweb.com.ar\/web\/wp-json\/wp\/v2\/posts\/10135\/revisions"}],"predecessor-version":[{"id":10136,"href":"https:\/\/elterritorialweb.com.ar\/web\/wp-json\/wp\/v2\/posts\/10135\/revisions\/10136"}],"wp:featuredmedia":[{"embeddable":true,"href":"https:\/\/elterritorialweb.com.ar\/web\/wp-json\/wp\/v2\/media\/9748"}],"wp:attachment":[{"href":"https:\/\/elterritorialweb.com.ar\/web\/wp-json\/wp\/v2\/media?parent=10135"}],"wp:term":[{"taxonomy":"category","embeddable":true,"href":"https:\/\/elterritorialweb.com.ar\/web\/wp-json\/wp\/v2\/categories?post=10135"},{"taxonomy":"post_tag","embeddable":true,"href":"https:\/\/elterritorialweb.com.ar\/web\/wp-json\/wp\/v2\/tags?post=10135"}],"curies":[{"name":"wp","href":"https:\/\/api.w.org\/{rel}","templated":true}]}}