{"id":10166,"date":"2020-08-29T20:49:05","date_gmt":"2020-08-29T20:49:05","guid":{"rendered":"http:\/\/elterritorialweb.com.ar\/web\/?p=10166"},"modified":"2020-08-29T20:50:51","modified_gmt":"2020-08-29T20:50:51","slug":"frias-entrega-netbooks-enviadas-por-el-ministerio-de-educacion-de-la-nacion","status":"publish","type":"post","link":"https:\/\/elterritorialweb.com.ar\/web\/frias-entrega-netbooks-enviadas-por-el-ministerio-de-educacion-de-la-nacion\/","title":{"rendered":"FR\u00cdAS ENTREGA NETBOOKS ENVIADAS POR EL MINISTERIO DE EDUCACI\u00d3N DE LA NACI\u00d3N"},"content":{"rendered":"\n<p>Las computadoras corresponden a la n\u00f3mina detallada del anexo 3 del convenio que suscribi\u00f3 el Sr. Gobernador de la Provincia Dr. Gerardo Zamora y el Sr. Ministro de Educaci\u00f3n de la Naci\u00f3n Dr. Nicol\u00e1s Trotta para alumnos de 3\u00b0 A\u00f1o de escuelas de Educaci\u00f3n Secundaria de gesti\u00f3n p\u00fablica estatal, las cuales fueron seleccionadas por el Ministerio de Educaci\u00f3n de la Naci\u00f3n seg\u00fan el criterio de vulnerabilidad.<\/p>\n\n\n\n<figure class=\"wp-block-image size-large\"><img data-recalc-dims=\"1\" decoding=\"async\" width=\"640\" height=\"910\" data-src=\"https:\/\/i0.wp.com\/elterritorialweb.com.ar\/web\/wp-content\/uploads\/2020\/08\/FRIAS-NETBOOKS-1.jpg?resize=640%2C910\" alt=\"\" class=\"wp-image-10167 lazyload\" data-srcset=\"https:\/\/i0.wp.com\/elterritorialweb.com.ar\/web\/wp-content\/uploads\/2020\/08\/FRIAS-NETBOOKS-1.jpg?w=675&amp;ssl=1 675w, https:\/\/i0.wp.com\/elterritorialweb.com.ar\/web\/wp-content\/uploads\/2020\/08\/FRIAS-NETBOOKS-1.jpg?resize=211%2C300&amp;ssl=1 211w\" data-sizes=\"(max-width: 640px) 100vw, 640px\" src=\"data:image\/svg+xml;base64,PHN2ZyB3aWR0aD0iMSIgaGVpZ2h0PSIxIiB4bWxucz0iaHR0cDovL3d3dy53My5vcmcvMjAwMC9zdmciPjwvc3ZnPg==\" style=\"--smush-placeholder-width: 640px; --smush-placeholder-aspect-ratio: 640\/910;\" \/><\/figure>\n\n\n\n<p>Es necesario resaltar que con la entrega de netbooks se busca lograr la continuidad pedag\u00f3gica de los alumnos .<\/p>\n\n\n\n<p>Las entregas de netbooks fue realizada desde la Subsecretar\u00eda de Educaci\u00f3n y Cultura y con su titular Prof. Roxana Barrionuevo y el acompa\u00f1amiento del Secretario de Gobierno Municipal Prof. Santiago Padula.<\/p>\n\n\n\n<figure class=\"wp-block-image size-large\"><img data-recalc-dims=\"1\" decoding=\"async\" width=\"640\" height=\"480\" data-src=\"https:\/\/i0.wp.com\/elterritorialweb.com.ar\/web\/wp-content\/uploads\/2020\/08\/FRIAS-NETBOOKS-2.jpg?resize=640%2C480\" alt=\"\" class=\"wp-image-10169 lazyload\" data-srcset=\"https:\/\/i0.wp.com\/elterritorialweb.com.ar\/web\/wp-content\/uploads\/2020\/08\/FRIAS-NETBOOKS-2.jpg?w=960&amp;ssl=1 960w, https:\/\/i0.wp.com\/elterritorialweb.com.ar\/web\/wp-content\/uploads\/2020\/08\/FRIAS-NETBOOKS-2.jpg?resize=300%2C225&amp;ssl=1 300w, https:\/\/i0.wp.com\/elterritorialweb.com.ar\/web\/wp-content\/uploads\/2020\/08\/FRIAS-NETBOOKS-2.jpg?resize=768%2C576&amp;ssl=1 768w\" data-sizes=\"(max-width: 640px) 100vw, 640px\" src=\"data:image\/svg+xml;base64,PHN2ZyB3aWR0aD0iMSIgaGVpZ2h0PSIxIiB4bWxucz0iaHR0cDovL3d3dy53My5vcmcvMjAwMC9zdmciPjwvc3ZnPg==\" style=\"--smush-placeholder-width: 640px; --smush-placeholder-aspect-ratio: 640\/480;\" \/><\/figure>\n\n\n\n<p>La comunidad educativa de Fr\u00edas y localidades vecinas agradecieron la gesti\u00f3n del la Ministra de Educaci\u00f3n Dra Mariela Nassif, Presidenta del Consejo Gral. de Educaci\u00f3n Dra. Mar\u00eda Elena Herrera, Subsecretario de Educaci\u00f3n Prof. Jos\u00e9 Alejandro P\u00edccoli y al Sr Intendente de la Ciudad de Fr\u00edas Dr. Anibal Padula por su excelente predisposici\u00f3n.<\/p>\n","protected":false},"excerpt":{"rendered":"<p>Esta semana, en Casa de la Cultura, se realiz\u00f3 la entrega de netbooks enviadas por el Ministerio de Educaci\u00f3n de la Naci\u00f3n.<\/p>\n","protected":false},"author":2,"featured_media":10168,"comment_status":"open","ping_status":"open","sticky":false,"template":"","format":"standard","meta":{"om_disable_all_campaigns":false,"_monsterinsights_skip_tracking":false,"_monsterinsights_sitenote_active":false,"_monsterinsights_sitenote_note":"","_monsterinsights_sitenote_category":0,"_uf_show_specific_survey":0,"_uf_disable_surveys":false,"jetpack_post_was_ever_published":false,"_jetpack_newsletter_access":"","_jetpack_dont_email_post_to_subs":false,"_jetpack_newsletter_tier_id":0,"_jetpack_memberships_contains_paywalled_content":false,"_jetpack_memberships_contains_paid_content":false,"footnotes":"","jetpack_publicize_message":"","jetpack_publicize_feature_enabled":true,"jetpack_social_post_already_shared":false,"jetpack_social_options":{"image_generator_settings":{"template":"highway","default_image_id":0,"font":"","enabled":false},"version":2}},"categories":[19],"tags":[],"class_list":["post-10166","post","type-post","status-publish","format-standard","has-post-thumbnail","hentry","category-educacion"],"aioseo_notices":[],"views":4,"jetpack_publicize_connections":[],"jetpack_featured_media_url":"https:\/\/i0.wp.com\/elterritorialweb.com.ar\/web\/wp-content\/uploads\/2020\/08\/FRIAS-NETBOOKS.jpg?fit=960%2C852&ssl=1","jetpack_sharing_enabled":true,"_links":{"self":[{"href":"https:\/\/elterritorialweb.com.ar\/web\/wp-json\/wp\/v2\/posts\/10166","targetHints":{"allow":["GET"]}}],"collection":[{"href":"https:\/\/elterritorialweb.com.ar\/web\/wp-json\/wp\/v2\/posts"}],"about":[{"href":"https:\/\/elterritorialweb.com.ar\/web\/wp-json\/wp\/v2\/types\/post"}],"author":[{"embeddable":true,"href":"https:\/\/elterritorialweb.com.ar\/web\/wp-json\/wp\/v2\/users\/2"}],"replies":[{"embeddable":true,"href":"https:\/\/elterritorialweb.com.ar\/web\/wp-json\/wp\/v2\/comments?post=10166"}],"version-history":[{"count":1,"href":"https:\/\/elterritorialweb.com.ar\/web\/wp-json\/wp\/v2\/posts\/10166\/revisions"}],"predecessor-version":[{"id":10170,"href":"https:\/\/elterritorialweb.com.ar\/web\/wp-json\/wp\/v2\/posts\/10166\/revisions\/10170"}],"wp:featuredmedia":[{"embeddable":true,"href":"https:\/\/elterritorialweb.com.ar\/web\/wp-json\/wp\/v2\/media\/10168"}],"wp:attachment":[{"href":"https:\/\/elterritorialweb.com.ar\/web\/wp-json\/wp\/v2\/media?parent=10166"}],"wp:term":[{"taxonomy":"category","embeddable":true,"href":"https:\/\/elterritorialweb.com.ar\/web\/wp-json\/wp\/v2\/categories?post=10166"},{"taxonomy":"post_tag","embeddable":true,"href":"https:\/\/elterritorialweb.com.ar\/web\/wp-json\/wp\/v2\/tags?post=10166"}],"curies":[{"name":"wp","href":"https:\/\/api.w.org\/{rel}","templated":true}]}}