{"id":10171,"date":"2020-08-29T21:22:03","date_gmt":"2020-08-29T21:22:03","guid":{"rendered":"http:\/\/elterritorialweb.com.ar\/web\/?p=10171"},"modified":"2020-08-29T21:22:04","modified_gmt":"2020-08-29T21:22:04","slug":"la-banda-pide-a-los-vecinos-que-soliciten-bolsas-especiales-para-la-recoleccion-diferencial","status":"publish","type":"post","link":"https:\/\/elterritorialweb.com.ar\/web\/la-banda-pide-a-los-vecinos-que-soliciten-bolsas-especiales-para-la-recoleccion-diferencial\/","title":{"rendered":"LA BANDA PIDE A LOS VECINOS QUE SOLICITEN BOLSAS ESPECIALES PARA LA RECOLECCI\u00d3N DIFERENCIAL"},"content":{"rendered":"\n<p>LA BANDA<\/p>\n\n\n\n<p>Desde dicha \u00e1rea recuerdan que las personas que se encuentren en esta situaci\u00f3n deben solicitar las bolsas diferenciales a los n\u00fameros 385 4994579 \u00f3 385 6237763.<\/p>\n\n\n\n<p>Asimismo, recuerdan el protocolo sanitario de seguridad a la hora de deshacerse de los residuos del hogar. Las personas aisladas deber\u00e1n lavarse las manos y aplicarse alcohol inmediatamente despu\u00e9s de manipular los residuos y lo embolsado, aunque se haya utilizado guantes.<\/p>\n\n\n\n<p>Para mayor seguridad, la primera y segunda bolsa antes de ser cerrada debe ser rociada con alcohol o lavandina diluida.<\/p>\n\n\n\n<p>La bolsa con residuos debe depositarse en un lugar seguro del inmueble durante al menos 72 horas antes de sacarla a la calle<\/p>\n\n\n\n<p>De la misma manera, se recomienda que la bolsa debe ser sacada unos minutos antes del horario de recolecci\u00f3n de residuos ya que los mismos deben permanecer el menor tiempo posible&nbsp;&nbsp;en la v\u00eda p\u00fablica ni debe ser colocada en el suelo.<\/p>\n","protected":false},"excerpt":{"rendered":"<p>Debido a la pandemia generada por el Covid -19 y su alto riesgo de contagio, la Municipalidad de La Banda, a trav\u00e9s de la Secretaria de Servicios P\u00fablicos, contin\u00faa realizando trabajos de recolecci\u00f3n de residuos diferenciada en hogares de personas aisladas, respetando las medidas de bioseguridad para evitar la propagaci\u00f3n del virus.<\/p>\n","protected":false},"author":2,"featured_media":10172,"comment_status":"open","ping_status":"open","sticky":false,"template":"","format":"standard","meta":{"om_disable_all_campaigns":false,"_monsterinsights_skip_tracking":false,"_monsterinsights_sitenote_active":false,"_monsterinsights_sitenote_note":"","_monsterinsights_sitenote_category":0,"_uf_show_specific_survey":0,"_uf_disable_surveys":false,"jetpack_post_was_ever_published":false,"_jetpack_newsletter_access":"","_jetpack_dont_email_post_to_subs":false,"_jetpack_newsletter_tier_id":0,"_jetpack_memberships_contains_paywalled_content":false,"_jetpack_memberships_contains_paid_content":false,"footnotes":"","jetpack_publicize_message":"","jetpack_publicize_feature_enabled":true,"jetpack_social_post_already_shared":false,"jetpack_social_options":{"image_generator_settings":{"template":"highway","default_image_id":0,"font":"","enabled":false},"version":2}},"categories":[21],"tags":[],"class_list":["post-10171","post","type-post","status-publish","format-standard","has-post-thumbnail","hentry","category-locales"],"aioseo_notices":[],"views":7,"jetpack_publicize_connections":[],"jetpack_featured_media_url":"https:\/\/i0.wp.com\/elterritorialweb.com.ar\/web\/wp-content\/uploads\/2020\/08\/LA-BANDA-BOLSAS-ESPECIALES.jpeg?fit=1030%2C580&ssl=1","jetpack_sharing_enabled":true,"_links":{"self":[{"href":"https:\/\/elterritorialweb.com.ar\/web\/wp-json\/wp\/v2\/posts\/10171","targetHints":{"allow":["GET"]}}],"collection":[{"href":"https:\/\/elterritorialweb.com.ar\/web\/wp-json\/wp\/v2\/posts"}],"about":[{"href":"https:\/\/elterritorialweb.com.ar\/web\/wp-json\/wp\/v2\/types\/post"}],"author":[{"embeddable":true,"href":"https:\/\/elterritorialweb.com.ar\/web\/wp-json\/wp\/v2\/users\/2"}],"replies":[{"embeddable":true,"href":"https:\/\/elterritorialweb.com.ar\/web\/wp-json\/wp\/v2\/comments?post=10171"}],"version-history":[{"count":1,"href":"https:\/\/elterritorialweb.com.ar\/web\/wp-json\/wp\/v2\/posts\/10171\/revisions"}],"predecessor-version":[{"id":10173,"href":"https:\/\/elterritorialweb.com.ar\/web\/wp-json\/wp\/v2\/posts\/10171\/revisions\/10173"}],"wp:featuredmedia":[{"embeddable":true,"href":"https:\/\/elterritorialweb.com.ar\/web\/wp-json\/wp\/v2\/media\/10172"}],"wp:attachment":[{"href":"https:\/\/elterritorialweb.com.ar\/web\/wp-json\/wp\/v2\/media?parent=10171"}],"wp:term":[{"taxonomy":"category","embeddable":true,"href":"https:\/\/elterritorialweb.com.ar\/web\/wp-json\/wp\/v2\/categories?post=10171"},{"taxonomy":"post_tag","embeddable":true,"href":"https:\/\/elterritorialweb.com.ar\/web\/wp-json\/wp\/v2\/tags?post=10171"}],"curies":[{"name":"wp","href":"https:\/\/api.w.org\/{rel}","templated":true}]}}